{"id":217431,"date":"2016-09-29T21:58:57","date_gmt":"2016-09-29T21:58:57","guid":{"rendered":"http:\/\/diariodominicano.ddns.net\/?p=217431"},"modified":"2016-09-29T21:58:57","modified_gmt":"2016-09-29T21:58:57","slug":"coe-amplia-a-diez-provincias-el-nivel-de-alerta-verde-por-posibles-inundaciones-repentinas","status":"publish","type":"post","link":"https:\/\/diariodominicano.com\/?p=217431","title":{"rendered":"COE ampl\u00eda a diez provincias el Nivel de Alerta VERDE  por posibles inundaciones repentinas"},"content":{"rendered":"<p><body><\/p>\n<p><img decoding=\"async\" src=\"img3\/mateo.jpg\" \/>  <\/p>\n<p><strong>El COE tambi\u00e9n record\u00f3 que todas  a las  embarcaciones deben  permanecer en puerto debido a vientos y olas anormales, en todas las costas del pa\u00eds. <\/strong><\/p>\n<\/p>\n<p><strong>SANTO DOMINGO, RD, 29 de Septiembre de 2016.-<\/strong> La Direcci\u00f3n del Centro de Operaciones de Emergencias (COE) emiti\u00f3  una alerta Verde   desde La Isla Saona hasta Pedernales. Tambi\u00e9n ampli\u00f3  el Nivel de Alerta VERDE  por posibles inundaciones repentinas urbanas y rurales, crecidas de r\u00edos arroyos  y ca\u00f1adas, as\u00ed como deslizamientos de tierra para diez provincias.<\/p>\n<\/p>\n<p>Se trata de San Crist\u00f3bal, Pedernales, Peravia, El\u00edas Pi\u00f1a, San Jos\u00e9 de Ocoa, Independencia, Azua, Bahoruco, Barahona y San Juan de la      Maguana.<\/p>\n<\/p>\n<p>El COE tambi\u00e9n record\u00f3 que todas  a las  embarcaciones deben  permanecer en puerto debido a vientos y olas anormales, en todas las costas del pa\u00eds. <\/p>\n<\/p>\n<p>De igual mod, destac\u00f3 que se proh\u00edbe el uso de las playas y los deportes acu\u00e1ticos en  todas las costas del pa\u00eds. <\/p>\n<\/p>\n<p>A continuaci\u00f3n<strong> Diariodominicano.com <\/strong>reproduce el bolet\u00edn emitido la tarde del jueves por el Centro de Operaciones de Emergencias:<\/p>\n<\/p>\n<p>La Direcci\u00f3n del Centro de Operaciones de Emergencias (COE), informa que de acuerdo al bolet\u00edn  meteorol\u00f3gico de las 05:00 pm del d\u00eda de hoy de la Oficina Nacional de Meteorolog\u00eda \u00abONAMET\u00bb, el cual establece que El Hurac\u00e1n MATTHEW, se localiza a unos 450 kil\u00f3metros al sur\/sureste de la isla Saona (Republica Dominicana) y a unos 240 kil\u00f3metros al nor\/noreste de Curacao, se mueve hacia el oeste a unos 28 kph. Los vientos m\u00e1ximos sostenidos est\u00e1n en 120 kph. De seguir con la trayectoria prevista, Matthew colocar\u00eda su centro en aguas del Caribe Central al sur de Santo Domingo cerca al medio d\u00eda de ma\u00f1ana, y debe continuar intensific\u00e1ndose gradualmente.<\/p>\n<\/p>\n<p> Los valores acumulados de lluvias asociados a este fen\u00f3meno oscilan entre 50-150 mil\u00edmetros, pudiendo ser superiores hacia las regiones Suroeste y zona fronteriza.<\/p>\n<\/p>\n<p>En virtud de lo anterior y lo establecido en la Ley 147-02 sobre Gesti\u00f3n de Riesgos,  este Centro de Operaciones de Emergencias (COE), Emite una alerta Verde desde  desde La Isla Saona hasta Pedernales. De igual forma Amplia  el Nivel de Alerta VERDE  por posibles inundaciones repentinas urbanas y rurales, crecidas de r\u00edos arroyos  y ca\u00f1adas, as\u00ed como deslizamientos de tierra para las siguientes Provincias:<\/p>\n<\/p>\n<p>VERDE<\/p>\n<p>1- San Crist\u00f3bal.\t6- Pedernales.<\/p>\n<p>2- Peravia.\t7- El\u00edas Pi\u00f1a.<\/p>\n<p>3- San Jos\u00e9 de Ocoa\t8-  Independencia.<\/p>\n<p>4- Azua.\t9-  Bahoruco.<\/p>\n<p>5- Barahona.\t10-  San Juan de la      Maguana.<\/p>\n<\/p>\n<\/p>\n<\/p>\n<\/p>\n<\/p>\n<\/p>\n<\/p>\n<\/p>\n<\/p>\n<p>PROHIBICI\u00d3N: <\/p>\n<\/p>\n<p>?\tTodas  a las  embarcaciones deben  permanecer en puerto debido a vientos y olas anormales, en todas las costas del pa\u00eds. <\/p>\n<\/p>\n<p>?\tSe proh\u00edbe el uso de las playas y los deportes acu\u00e1ticos en  todas las costas del pa\u00eds. <\/p>\n<\/p>\n<\/p>\n<\/p>\n<p>ACCIONES TOMADAS<\/p>\n<\/p>\n<\/p>\n<p>?\tLos  Ministros de la Presidencia y Administrativo de la Presidencia, mantienen permanentemente comunicaci\u00f3n con la Direcci\u00f3n del Centro de Operaciones de Emergencia a fin de mantener informado al alto mando con relaci\u00f3n al desarrollo de este  evento, apoyando con los recursos necesarios a trav\u00e9s del Plan Social de la Presidencia y de los  Comedores Econ\u00f3micos.<\/p>\n<\/p>\n<p>?\tEl Ministerio de Defensa se mantiene en comunicaci\u00f3n permanente con la Direcci\u00f3n del Centro de Operaciones de Emergencias, y activa el Plan Rel\u00e1mpago en su fase I.<\/p>\n<\/p>\n<p>?\tEl Ministerio de Obras P\u00fablicas y Comunicaciones (MOPC), contin\u00faa los trabajos de limpiezas de imbornales, contenes y recogida de desechos s\u00f3lidos en las provincias bajo alerta, y ordena la activaci\u00f3n de su Comit\u00e9 de Emergencias. Adem\u00e1s se pre posicionaron equipos para descombramiento y despeje de v\u00edas.<\/p>\n<\/p>\n<p>?\tActivaci\u00f3n de los Planes de Emergencia de los organismos de protecci\u00f3n civil.<\/p>\n<\/p>\n<p>?\tRueda de prensa para orientar e informar  a la poblaci\u00f3n sobre las medidas preventivas a observar.<\/p>\n<\/p>\n<p>?\tLa Defensa Civil, ordeno la activaci\u00f3n de los comit\u00e9s de Emergencia a nivel provincial y municipal. Adem\u00e1s se pre posicionaron equipos para rescate en agua. <\/p>\n<\/p>\n<p>?\tLa Direcci\u00f3n de la Oficina Metropolitana de Autobuses (OMSA), ordeno que sus  Autobuses est\u00e9n preparado para apoyar las evacuaciones preventivas.<\/p>\n<\/p>\n<p>?\tPor instrucciones del Excelent\u00edsimo Sr. Presidente de la Republica, Lic. Danilo Medina S\u00e1nchez, se procedi\u00f3 a realizar una reuni\u00f3n encabezada por el Ministro Administrativo de la Presidencia  donde se  instruyo a los Directores de los Organismos de Protecci\u00f3n Civil, a implementar cuanta medidas sean necesarias para salvar vida, Bienes y Propiedades.<\/p>\n<\/p>\n<\/p>\n<h6> 2016-09-29 21:58:57 <\/h6>\n<p><!--\n<link rel=\"stylesheet\" href=\"css\/bootstrap.min.css\">\n\n\n<ul class=\"pagination\">\n\t    \n\t\n\n<li >\n\t<a href='?page_no=11953'>Previous<\/a>\n\t<\/li>\n\n\n       \n    \n\n<li><a href='?page_no=1'>1<\/a><\/li>\n\n\n\n<li><a href='?page_no=2'>2<\/a><\/li>\n\n\n\n<li><a>...<\/a><\/li>\n\n\n\n<li><a href='?page_no=11952'>11952<\/a><\/li>\n\n\n\n<li><a href='?page_no=11953'>11953<\/a><\/li>\n\n\n\n<li class='active'><a>11954<\/a><\/li>\n\n\n\n<li><a href='?page_no=11955'>11955<\/a><\/li>\n\n\n\n<li><a href='?page_no=11956'>11956<\/a><\/li>\n\n\n\n<li><a>...<\/a><\/li>\n\n\n\n<li><a href='?page_no=56169'>56169<\/a><\/li>\n\n\n\n<li><a href='?page_no=56170'>56170<\/a><\/li>\n\n    \n\t\n\n<li >\n\t<a href='?page_no=11955'>Next<\/a>\n\t<\/li>\n\n\n    \n\n<li><a href='?page_no=56170'>Last &rsaquo;&rsaquo;<\/a><\/li>\n\n<\/ul>\n\n\n--><br \/>\n<\/body><\/p>\n","protected":false},"excerpt":{"rendered":"<p>El COE tambi\u00e9n record\u00f3 que todas a las embarcaciones deben permanecer en puerto debido a vientos y olas anormales, en todas las costas del pa\u00eds. SANTO DOMINGO, RD, 29 de Septiembre de 2016.- La Direcci\u00f3n del Centro de Operaciones de Emergencias (COE) emiti\u00f3 una alerta Verde desde La Isla Saona hasta Pedernales. Tambi\u00e9n ampli\u00f3 el [&hellip;]<\/p>\n","protected":false},"author":3,"featured_media":0,"comment_status":"open","ping_status":"open","sticky":false,"template":"","format":"standard","meta":{"footnotes":""},"categories":[20],"tags":[],"class_list":["post-217431","post","type-post","status-publish","format-standard","hentry","category-dominicana-hoy"],"_links":{"self":[{"href":"https:\/\/diariodominicano.com\/index.php?rest_route=\/wp\/v2\/posts\/217431","targetHints":{"allow":["GET"]}}],"collection":[{"href":"https:\/\/diariodominicano.com\/index.php?rest_route=\/wp\/v2\/posts"}],"about":[{"href":"https:\/\/diariodominicano.com\/index.php?rest_route=\/wp\/v2\/types\/post"}],"author":[{"embeddable":true,"href":"https:\/\/diariodominicano.com\/index.php?rest_route=\/wp\/v2\/users\/3"}],"replies":[{"embeddable":true,"href":"https:\/\/diariodominicano.com\/index.php?rest_route=%2Fwp%2Fv2%2Fcomments&post=217431"}],"version-history":[{"count":0,"href":"https:\/\/diariodominicano.com\/index.php?rest_route=\/wp\/v2\/posts\/217431\/revisions"}],"wp:attachment":[{"href":"https:\/\/diariodominicano.com\/index.php?rest_route=%2Fwp%2Fv2%2Fmedia&parent=217431"}],"wp:term":[{"taxonomy":"category","embeddable":true,"href":"https:\/\/diariodominicano.com\/index.php?rest_route=%2Fwp%2Fv2%2Fcategories&post=217431"},{"taxonomy":"post_tag","embeddable":true,"href":"https:\/\/diariodominicano.com\/index.php?rest_route=%2Fwp%2Fv2%2Ftags&post=217431"}],"curies":[{"name":"wp","href":"https:\/\/api.w.org\/{rel}","templated":true}]}}