{"id":217392,"date":"2016-10-05T13:01:54","date_gmt":"2016-10-05T13:01:54","guid":{"rendered":"http:\/\/diariodominicano.ddns.net\/?p=217392"},"modified":"2016-10-05T13:01:54","modified_gmt":"2016-10-05T13:01:54","slug":"ministro-del-mopc-realiza-recorrido-por-el-sur-para-constatar-danos","status":"publish","type":"post","link":"https:\/\/diariodominicano.com\/?p=217392","title":{"rendered":"Ministro del MOPC realiza recorrido por el Sur para constatar da\u00f1os"},"content":{"rendered":"<p><body><\/p>\n<p><img decoding=\"async\" src=\"img3\/obraspublicas5-10.jpg\" \/>  <\/p>\n<p><span class=\"text1noticias\">Azua, R. D., 5 de octubre.- El ministro de Obras P\u00fablicas, Gonzalo Castillo, realiz\u00f3 un recorrido por las provincias San Crist\u00f3bal, Peravia, Azua, y Barahona, a fin de constatar de primera mano las situaciones que se han presentado y que puedan presentarse debido a las intensas lluvias registradas en las regiones Sur y Suroeste, como consecuencia de la trayectoria seguida por el hurac\u00e1n Matthew.<\/span><\/p>\n<p><span class=\"text1noticias\"> <\/span><\/p>\n<p><span class=\"text1noticias\">Indic\u00f3 que en este recorrido quer\u00eda dejar establecido el protocolo de trabajo en caso de que se presentaran situaciones, debido a las lluvias que se han registrado en gran parte del territorio nacional, muy en especial en las regiones Sur y Suroeste.<\/span><\/p>\n<p><span class=\"text1noticias\"> <\/span><\/p>\n<p><span class=\"text1noticias\">\u00abQuiero ser reiterativo en el pedido del Se\u00f1or Presidente Danilo Medina, en el sentido de que se preserve la vida de cada dominicano, que la parte material la resolvemos luego, eso es lo que el Presidente quiere, que se preserve la vida de cada dominicano\u00bb, expres\u00f3.<\/span><\/p>\n<p><span class=\"text1noticias\"> <\/span><\/p>\n<p><span class=\"text1noticias\">La primera parada tuvo lugar en la autopista Seis de Noviembre, donde se reuni\u00f3 con autoridades de la provincia San Crist\u00f3bal. Posteriormente hizo otra parada en Ban\u00ed, donde se reuni\u00f3 con la gobernadora de la provincia Peravia, Nelly Melo de Guerrero; en Azua hizo otro tanto con la gobernadora provincial Walky F\u00e9liz y el s\u00edndico, Rafael Hidalgo.<\/span><\/p>\n<p><span class=\"text1noticias\"> <\/span><\/p>\n<p><span class=\"text1noticias\">La \u00faltima parada del d\u00eda tuvo lugar en Barahona, donde tambi\u00e9n se reuni\u00f3 con autoridades provinciales y municipales y escuch\u00f3 planteamientos e inquietudes de comunitarios.<\/span><\/p>\n<p><span class=\"text1noticias\"> <\/span><\/p>\n<p><span class=\"text1noticias\">Soluciones a males<\/span><\/p>\n<p><span class=\"text1noticias\"> <\/span><\/p>\n<p><span class=\"text1noticias\">Durante una rueda de prensa en Azua, en compa\u00f1\u00eda de la gobernadora provincial y el s\u00edndico municipal, el ministro Castillo dijo que a nivel nacional hay comunidades incomunicadas en varias provincias del pa\u00eds, \u00abaunque se espera que la parte fundamental sea el sur y esperamos algunos desbordamientos y aislamientos en El Seibo, Monte Plata, Cotu\u00ed, en el Bajo Yuna, Gaspar Hern\u00e1ndez, Montecristi\u00bb.<\/span><\/p>\n<p><span class=\"text1noticias\"> <\/span><\/p>\n<p><span class=\"text1noticias\">El funcionario dijo que en Azua  no se ha hecho todo lo que han pedido, \u00abpero hemos hecho muchas cosas. Ustedes saben que el puente Gali\u00f3n 1, el 2 y el 3 ya fueron concluidos y no esperamos problemas ah\u00ed\u00bb.<\/span><\/p>\n<p><span class=\"text1noticias\"> <\/span><\/p>\n<p><span class=\"text1noticias\">Refiri\u00f3 que hab\u00eda una ca\u00f1ada  en la comunidad Los Rosario que fue tapada por los agricultores, la cual fueintervenida[JLHS1]  y conectada con su cauce normal, con lo que es ya tema resuelto.<\/span><\/p>\n<p><span class=\"text1noticias\"> <\/span><\/p>\n<p><span class=\"text1noticias\">El alcalde Hidalgo dijo que  en los \u00faltimos cuatro meses el MOPC ha hecho un trabajo de limpieza de sedimentaci\u00f3n de las cinco principales ca\u00f1adas que afectan de manera consistente a este municipio, como los casos de Sabana Yegua y Esteban\u00eda; de manera que tambi\u00e9n ha sido notoria la presencia de Obras P\u00fablicas, as\u00ed como de otras instituciones gubernamentales.<\/span><\/p>\n<p><span class=\"text1noticias\"> <\/span><\/p>\n<p><span class=\"text1noticias\">En tanto, la gobernadora provincial de Azua, Walky F\u00e9liz,  agradeci\u00f3  la presencia del ministro, \u00abque ha venido en nuestro auxilio como lo ha hecho siempre, como lo ha hecho en todo el pa\u00eds, y reconocemos que es un ministro eficiente y que se preocupa por las situaciones de Azua.<\/span><\/p>\n<p><span class=\"text1noticias\"> <\/span><\/p>\n<p><span class=\"text1noticias\">\u00abTenemos la esperanza que con la ayuda de Dios y la presencia del se\u00f1or ministro a trav\u00e9s de los mandatos del Se\u00f1or Presidente seguiremos d\u00e1ndole respuesta inmediata a todos esos puntos que tenemos en peligro en esta provincia\u00bb.<\/span><\/p>\n<p><span class=\"text1noticias\"> <\/span><\/p>\n<p><span class=\"text1noticias\">Explic\u00f3 que hasta la tarde de este martes hab\u00eda 600 familias que fueron evacuadas y alojadas en hogares de amigos e iglesias evang\u00e9licas, tenemos al momento unas 11 comunidades incomunicadas aqu\u00ed en la provincia de Azua, en el municipio de Padres las Casas tenemos siete, en el municipio de Las Yayas hay cuatro comunidades.<\/span><\/p>\n<p><span class=\"text1noticias\"> <\/span><\/p>\n<p><span class=\"text1noticias\">Respuesta inmediata<\/span><\/p>\n<p><span class=\"text1noticias\"> <\/span><\/p>\n<p><span class=\"text1noticias\">El ministro de MOPC dijo que esta instituci\u00f3n despach\u00f3 equipos para recorrer tambi\u00e9n toda la regi\u00f3n Este y el Cibao, para dar respuesta inmediata a los problemas que se presenten por las lluvias dejadas por el hurac\u00e1n Matthew.<\/span><\/p>\n<p><span class=\"text1noticias\"> <\/span><\/p>\n<p><span class=\"text1noticias\">\u00abNuestro trabajo consiste en mantener las v\u00edas abiertas, h\u00e1biles para que la Defensa Civil y los dem\u00e1s organismos de socorro puedan ejecutar su trabajo de manera normal, y para que las ayudas del Plan Social y los Comedores Econ\u00f3micos puedan llegar a cada dominicano que la necesite, adem\u00e1s de preservar vidas y que los puentes no tengan ning\u00fan tipo de problema\u00bb, explic\u00f3.<\/span><\/p>\n<p><span class=\"text1noticias\"> <\/span><\/p>\n<p><span class=\"text1noticias\">Agreg\u00f3 que el MOPC ha posicionado en las 32 provincias equipos pesados \u00aby acopiado materiales para que si alg\u00fan puente, aproche cede y es da\u00f1ado, poder intervenir r\u00e1pidamente y repararlo\u00bb.<\/span><\/p>\n<p><span class=\"text1noticias\"> <\/span><\/p>\n<p><span class=\"text1noticias\">\u00abEstamos aqu\u00ed obedeciendo instrucciones precisas de nuestro Presidente Danilo Medina, que quiere preservar vidas humanas a toda costa; segundo que se preserven los bienes, y por eso est\u00e1n la Polic\u00eda Nacional y las Fuerzas Armadas involucradas en esto\u00bb, dijo.<\/span><\/p>\n<p><span class=\"text1noticias\"> <\/span><\/p>\n<p><span class=\"text1noticias\">El ministro est\u00e1 acompa\u00f1ado del general Estanislao Gonell Regalado, director de la Comisi\u00f3n Militar y Policial, as\u00ed como de autoridades de las provincias que visita, as\u00ed como t\u00e9cnicos y funcionarios del MOPC.<\/span><\/p>\n<p><span class=\"text1noticias\"> <\/span><\/p>\n<p><span class=\"text1noticias\">Mientras que el Jefe de Gabinete de Obras P\u00fablicas, ingeniero Ram\u00f3n Antonio Pep\u00edn,  por instrucciones del ministro Castillo, se encuentra realizando un recorrido de inspecci\u00f3n por distintas provincias de la regi\u00f3n Norte, para indagar respecto a probables da\u00f1os a estructuras ocasionados por los efectos dejados por el hurac\u00e1n Matthew.<\/span><\/p>\n<p><span class=\"text1noticias\"> <\/span><\/p>\n<p><span class=\"text1noticias\">Pep\u00edn se hace acompa\u00f1ar de los ingenieros Enrique Lied y Euclides S\u00e1nchez, viceministros del MOPC, as\u00ed como de t\u00e9cnicos de la instituci\u00f3n.<\/span><\/p>\n<p><span class=\"text1noticias\"> <\/span><\/p>\n<p><span class=\"text1noticias\">El ministro Castillo y los dem\u00e1s funcionarios del MOPC contin\u00faan, este mi\u00e9rcoles su periplo de supervisi\u00f3n por diferentes comunidades de las distintas regiones del pa\u00eds para obtener informaciones de primera mano en torno a los posibles problemas viales que puedan ocasionar las lluvias<\/span>.<\/p>\n<h6> 2016-10-05 13:01:54 <\/h6>\n<p><!--\n<link rel=\"stylesheet\" href=\"css\/bootstrap.min.css\">\n\n\n<ul class=\"pagination\">\n\t    \n\t\n\n<li >\n\t<a href='?page_no=11918'>Previous<\/a>\n\t<\/li>\n\n\n       \n    \n\n<li><a href='?page_no=1'>1<\/a><\/li>\n\n\n\n<li><a href='?page_no=2'>2<\/a><\/li>\n\n\n\n<li><a>...<\/a><\/li>\n\n\n\n<li><a href='?page_no=11917'>11917<\/a><\/li>\n\n\n\n<li><a href='?page_no=11918'>11918<\/a><\/li>\n\n\n\n<li class='active'><a>11919<\/a><\/li>\n\n\n\n<li><a href='?page_no=11920'>11920<\/a><\/li>\n\n\n\n<li><a href='?page_no=11921'>11921<\/a><\/li>\n\n\n\n<li><a>...<\/a><\/li>\n\n\n\n<li><a href='?page_no=56169'>56169<\/a><\/li>\n\n\n\n<li><a href='?page_no=56170'>56170<\/a><\/li>\n\n    \n\t\n\n<li >\n\t<a href='?page_no=11920'>Next<\/a>\n\t<\/li>\n\n\n    \n\n<li><a href='?page_no=56170'>Last &rsaquo;&rsaquo;<\/a><\/li>\n\n<\/ul>\n\n\n--><br \/>\n<\/body><\/p>\n","protected":false},"excerpt":{"rendered":"<p>Azua, R. D., 5 de octubre.- El ministro de Obras P\u00fablicas, Gonzalo Castillo, realiz\u00f3 un recorrido por las provincias San Crist\u00f3bal, Peravia, Azua, y Barahona, a fin de constatar de primera mano las situaciones que se han presentado y que puedan presentarse debido a las intensas lluvias registradas en las regiones Sur y Suroeste, como [&hellip;]<\/p>\n","protected":false},"author":3,"featured_media":0,"comment_status":"open","ping_status":"open","sticky":false,"template":"","format":"standard","meta":{"footnotes":""},"categories":[20],"tags":[],"class_list":["post-217392","post","type-post","status-publish","format-standard","hentry","category-dominicana-hoy"],"_links":{"self":[{"href":"https:\/\/diariodominicano.com\/index.php?rest_route=\/wp\/v2\/posts\/217392","targetHints":{"allow":["GET"]}}],"collection":[{"href":"https:\/\/diariodominicano.com\/index.php?rest_route=\/wp\/v2\/posts"}],"about":[{"href":"https:\/\/diariodominicano.com\/index.php?rest_route=\/wp\/v2\/types\/post"}],"author":[{"embeddable":true,"href":"https:\/\/diariodominicano.com\/index.php?rest_route=\/wp\/v2\/users\/3"}],"replies":[{"embeddable":true,"href":"https:\/\/diariodominicano.com\/index.php?rest_route=%2Fwp%2Fv2%2Fcomments&post=217392"}],"version-history":[{"count":0,"href":"https:\/\/diariodominicano.com\/index.php?rest_route=\/wp\/v2\/posts\/217392\/revisions"}],"wp:attachment":[{"href":"https:\/\/diariodominicano.com\/index.php?rest_route=%2Fwp%2Fv2%2Fmedia&parent=217392"}],"wp:term":[{"taxonomy":"category","embeddable":true,"href":"https:\/\/diariodominicano.com\/index.php?rest_route=%2Fwp%2Fv2%2Fcategories&post=217392"},{"taxonomy":"post_tag","embeddable":true,"href":"https:\/\/diariodominicano.com\/index.php?rest_route=%2Fwp%2Fv2%2Ftags&post=217392"}],"curies":[{"name":"wp","href":"https:\/\/api.w.org\/{rel}","templated":true}]}}