{"id":217390,"date":"2016-10-06T01:32:55","date_gmt":"2016-10-06T01:32:55","guid":{"rendered":"http:\/\/diariodominicano.ddns.net\/?p=217390"},"modified":"2016-10-06T01:32:55","modified_gmt":"2016-10-06T01:32:55","slug":"republica-dominicana-apoya-al-gobierno-de-panama-en-fortalecimiento-sistema-proteccion-social","status":"publish","type":"post","link":"https:\/\/diariodominicano.com\/?p=217390","title":{"rendered":"Rep\u00fablica Dominicana apoya al Gobierno de Panam\u00e1 en fortalecimiento sistema protecci\u00f3n social"},"content":{"rendered":"<p><body><\/p>\n<p><img decoding=\"async\" src=\"img3\/Foto 1 (10).jpg\" \/><br \/><img decoding=\"async\" src=\"img3\/Foto Principal (1).jpg\" \/><br \/><img decoding=\"async\" src=\"img3\/Foto 2 (7).jpg\" \/>  <\/p>\n<p><strong> <\/strong><\/p>\n<p><strong>Vicepresidenta Margarita Cede\u00f1o present\u00f3 el sistema de protecci\u00f3n social dominicano a las autoridades paname\u00f1as y firm\u00f3 un acuerdo con su hom\u00f3loga, la Vicepresidenta de Panam\u00e1, Isabel de Saint Malo de Alvarado<\/strong><\/p>\n<\/p>\n<p><strong>SANTO DOMINGO, 5 de octubre de 2016.-<\/strong> El gobierno de Panam\u00e1 tiene un alto inter\u00e9s en conocer e implementar el modelo dominicano de gesti\u00f3n de las pol\u00edticas sociales destinadas al combate de la pobreza y pobreza extrema.<\/p>\n<\/p>\n<p>Ante autoridades paname\u00f1as, la vicepresidenta de la Rep\u00fablica, doctora Margarita Cede\u00f1o, present\u00f3 los detalles del funcionamiento del sistema de protecci\u00f3n social dominicano, en aras de fortalecer la institucionalidad de los programas ejecutados por esa naci\u00f3n centroamericana.<\/p>\n<\/p>\n<p>Como parte de la visita oficial de la Vicepresidenta de la Rep\u00fablica, se convoc\u00f3 una Sesi\u00f3n Extraordinaria del Gabinete Social de Panam\u00e1, para conocer la experiencia dominicana en materia de pol\u00edticas sociales.<\/p>\n<\/p>\n<p>Al encuentro asistieron la Vicepresidenta de Panam\u00e1, Isabel de Saint Malo de Alvarado; la Primera Dama de la Rep\u00fablica, Lorena Castillo de Valera, y el conjunto de ministros que conforman el Gabinete Social de ese pa\u00eds.<\/p>\n<\/p>\n<p>La doctora Margarita Cede\u00f1o felicit\u00f3 al Ministerio de Desarrollo Social por atacar efectivamente la pobreza en ese pa\u00eds y les exhort\u00f3 a trabajar de forma intersectorial.<\/p>\n<\/p>\n<p>\u00abJuntos como Gabinete es como podemos luchar contra la pobreza; combatir la pobreza es una lucha constante. Hay que ser innovador y definir programas que impacten directamente en las personas\u00bb, sostuvo.<\/p>\n<\/p>\n<p>Como parte de su visita, la Vicemandataria sostuvo una reuni\u00f3n con el Presidente de la naci\u00f3n paname\u00f1a, ingeniero Juan Carlos Varela, y su hom\u00f3loga y presidenta del Gabinete Social, se\u00f1ora Isabel de Saint Malo de Alvarado, a quienes present\u00f3 un conjunto de ejecutorias que desarrolla el Gobierno dominicano desde el Gabinete de Coordinaci\u00f3n de Pol\u00edticas Sociales (GCPD) en favor de las familias m\u00e1s necesitadas, y que podr\u00edan ser aplicadas en esa naci\u00f3n.<\/p>\n<\/p>\n<p><strong>Progresando con Solidaridad: un programa con resultados en la gente<\/strong><\/p>\n<\/p>\n<p>La doctora Margarita Cede\u00f1o present\u00f3 a Progresando con Solidaridad (Prosoli) como estrategia socioeducativa de salida de pobreza, y destac\u00f3 aspectos innovadores que lo convierten en un programa \u00fanico en Am\u00e9rica Latina, lo que ha sido reconocido por distintos organismos internacionales.<\/p>\n<\/p>\n<p>Explic\u00f3 los resultados e impactos que se han logrado a trav\u00e9s de los siete componentes del programa para que las familias se integren a los servicios del Estado. Dijo que m\u00e1s de 800 mil familias est\u00e1n participando y recibiendo las transferencias monetarias condicionadas destinadas a la reducci\u00f3n de la pobreza a nivel nacional.<\/p>\n<\/p>\n<p>El programa trabaja en varios componentes para la generaci\u00f3n de ingresos, entre los que incluye la seguridad alimentaria y la formaci\u00f3n humana de las familias beneficiarias, por lo cual tiene 41 centros de capacitaci\u00f3n a nivel nacional de promoci\u00f3n del empleo y la producci\u00f3n, para garantizar una mejor calidad de vida.<\/p>\n<\/p>\n<p>Por otro lado, en un esfuerzo por consolidar una base de datos \u00fanica y centralizada de los beneficiarios de los Programas de Transferencias Monetarias Condicionadas de ese pa\u00eds, tal y como se hace en la Rep\u00fablica Dominicana a trav\u00e9s del Sistema \u00danico de Beneficiarios (Siuben), la Vicemandataria mostr\u00f3 a las autoridades paname\u00f1as el sistema de identificaci\u00f3n de las personas que son asistidas por el Estado para ser incorporadas al proceso de desarrollo.<\/p>\n<\/p>\n<p>El Siuben lleva a cabo el ejercicio m\u00e1s transparente de elecci\u00f3n de quienes pueden entrar al programa, con una calidad en sus servicios admirados por instituciones del pa\u00eds y de la regi\u00f3n, raz\u00f3n por la cual ha sido merecedor de certificaciones internacionales, indic\u00f3 la doctora Margarita Cede\u00f1o.<\/p>\n<\/p>\n<p><strong>Firman acuerdo de colaboraci\u00f3n<\/strong><\/p>\n<\/p>\n<p>Ambas Vicemandatarias rubricaron un acuerdo de intercambio de experiencias, con el objetivo de fortalecer los lazos de cooperaci\u00f3n que se han desarrollado entre ambos pa\u00edses, producto de una invitaci\u00f3n que le hiciera la vicepresidenta de ese pa\u00eds, Isabel de Saint Malo de Alvarado.<\/p>\n<\/p>\n<p>El acuerdo contempla asistencia t\u00e9cnica e intercambio de conocimientos, en el \u00e1rea de gesti\u00f3n de las pol\u00edticas sociales, a la vez que se desarrollar\u00e1n actividades conjuntas para fortalecimiento de los programas.<\/p>\n<h6> 2016-10-06 01:32:55 <\/h6>\n<p><!--\n<link rel=\"stylesheet\" href=\"css\/bootstrap.min.css\">\n\n\n<ul class=\"pagination\">\n\t    \n\t\n\n<li >\n\t<a href='?page_no=11916'>Previous<\/a>\n\t<\/li>\n\n\n       \n    \n\n<li><a href='?page_no=1'>1<\/a><\/li>\n\n\n\n<li><a href='?page_no=2'>2<\/a><\/li>\n\n\n\n<li><a>...<\/a><\/li>\n\n\n\n<li><a href='?page_no=11915'>11915<\/a><\/li>\n\n\n\n<li><a href='?page_no=11916'>11916<\/a><\/li>\n\n\n\n<li class='active'><a>11917<\/a><\/li>\n\n\n\n<li><a href='?page_no=11918'>11918<\/a><\/li>\n\n\n\n<li><a href='?page_no=11919'>11919<\/a><\/li>\n\n\n\n<li><a>...<\/a><\/li>\n\n\n\n<li><a href='?page_no=56169'>56169<\/a><\/li>\n\n\n\n<li><a href='?page_no=56170'>56170<\/a><\/li>\n\n    \n\t\n\n<li >\n\t<a href='?page_no=11918'>Next<\/a>\n\t<\/li>\n\n\n    \n\n<li><a href='?page_no=56170'>Last &rsaquo;&rsaquo;<\/a><\/li>\n\n<\/ul>\n\n\n--><br \/>\n<\/body><\/p>\n","protected":false},"excerpt":{"rendered":"<p>Vicepresidenta Margarita Cede\u00f1o present\u00f3 el sistema de protecci\u00f3n social dominicano a las autoridades paname\u00f1as y firm\u00f3 un acuerdo con su hom\u00f3loga, la Vicepresidenta de Panam\u00e1, Isabel de Saint Malo de Alvarado SANTO DOMINGO, 5 de octubre de 2016.- El gobierno de Panam\u00e1 tiene un alto inter\u00e9s en conocer e implementar el modelo dominicano de gesti\u00f3n [&hellip;]<\/p>\n","protected":false},"author":3,"featured_media":0,"comment_status":"open","ping_status":"open","sticky":false,"template":"","format":"standard","meta":{"footnotes":""},"categories":[20],"tags":[],"class_list":["post-217390","post","type-post","status-publish","format-standard","hentry","category-dominicana-hoy"],"_links":{"self":[{"href":"https:\/\/diariodominicano.com\/index.php?rest_route=\/wp\/v2\/posts\/217390","targetHints":{"allow":["GET"]}}],"collection":[{"href":"https:\/\/diariodominicano.com\/index.php?rest_route=\/wp\/v2\/posts"}],"about":[{"href":"https:\/\/diariodominicano.com\/index.php?rest_route=\/wp\/v2\/types\/post"}],"author":[{"embeddable":true,"href":"https:\/\/diariodominicano.com\/index.php?rest_route=\/wp\/v2\/users\/3"}],"replies":[{"embeddable":true,"href":"https:\/\/diariodominicano.com\/index.php?rest_route=%2Fwp%2Fv2%2Fcomments&post=217390"}],"version-history":[{"count":0,"href":"https:\/\/diariodominicano.com\/index.php?rest_route=\/wp\/v2\/posts\/217390\/revisions"}],"wp:attachment":[{"href":"https:\/\/diariodominicano.com\/index.php?rest_route=%2Fwp%2Fv2%2Fmedia&parent=217390"}],"wp:term":[{"taxonomy":"category","embeddable":true,"href":"https:\/\/diariodominicano.com\/index.php?rest_route=%2Fwp%2Fv2%2Fcategories&post=217390"},{"taxonomy":"post_tag","embeddable":true,"href":"https:\/\/diariodominicano.com\/index.php?rest_route=%2Fwp%2Fv2%2Ftags&post=217390"}],"curies":[{"name":"wp","href":"https:\/\/api.w.org\/{rel}","templated":true}]}}