{"id":217389,"date":"2016-10-06T09:36:07","date_gmt":"2016-10-06T09:36:07","guid":{"rendered":"http:\/\/diariodominicano.ddns.net\/?p=217389"},"modified":"2016-10-06T09:36:07","modified_gmt":"2016-10-06T09:36:07","slug":"gobierno-auxilia-afectados-matthew-en-vicente-noble-y-otras-comunidades-del-sur","status":"publish","type":"post","link":"https:\/\/diariodominicano.com\/?p=217389","title":{"rendered":"Gobierno auxilia afectados Matthew en Vicente Noble y otras comunidades del Sur"},"content":{"rendered":"<p><body><\/p>\n<p><img decoding=\"async\" src=\"img3\/obraspublicas6-10.jpg\" \/><br \/><img decoding=\"async\" src=\"img3\/ministro6-10.jpg\" \/>  <\/p>\n<p><span class=\"text1noticias\">Vicente Noble, Barahona, R. D., 6 de octubre.- El ministro de Obras P\u00fablicas, Gonzalo Castillo, inform\u00f3 que ante los problemas suscitados en distintas comunidades de las regiones Sur y Suroeste por el paso del hurac\u00e1n Matthew, el Gobierno est\u00e1 inmerso en realizar un plan de estudio para buscar f\u00f3rmulas con miras a que en el futuro esos inconvenientes puedan ser solucionados a tiempo.<\/span><\/p>\n<p><span class=\"text1noticias\"> <\/span><\/p>\n<p><span class=\"text1noticias\">\u00abEstamos haciendo un plan de estudio para ver c\u00f3mo resolvemos estos problemas y si para el a\u00f1o que viene, cuando vengan las lluvias, ya tengamos todo esto resuelto\u00bb, dijo.<\/span><\/p>\n<p><span class=\"text1noticias\"> <\/span><\/p>\n<p><span class=\"text1noticias\">El funcionario refiri\u00f3 que brigadas de Obras P\u00fablicas, de la Comisi\u00f3n Militar y Policial, Salud P\u00fablica y de otras instituciones del Estado que han estado atendiendo las emergencias, \u00abseguir\u00e1n aqu\u00ed prestando toda la ayuda necesaria\u00bb.<\/span><\/p>\n<p><span class=\"text1noticias\"> <\/span><\/p>\n<p><span class=\"text1noticias\">Indic\u00f3 que Vicente Noble, Tamayo, Jaquimeyes, Bombita, Fondo Negro, Tamayo y Canoa est\u00e1n entre las comunidades de la provincia Barahona que est\u00e1n siendo intervenidas por Obras P\u00fablicas, para evitar posibles inundaciones ante las lluvias que en los \u00faltimos d\u00edas han ca\u00eddo en la regi\u00f3n sur.<\/span><\/p>\n<p><span class=\"text1noticias\"> <\/span><\/p>\n<p><span class=\"text1noticias\">Las inundaciones en Vicente Noble b\u00e1sicamente son como consecuencia de las aguas que bajan de la loma El Curro, y llegan al pueblo a trav\u00e9s del arroyo Moringa.<\/span><\/p>\n<p><span class=\"text1noticias\"> <\/span><\/p>\n<p><span class=\"text1noticias\">Adelant\u00f3 que junto al director de la Defensa Civil, general Rafael de Luna Pichirilo, \u00abhablamos con el Presidente Danilo Medina para prestarles toda la ayuda que ustedes necesiten\u00bb.<\/span><\/p>\n<p><span class=\"text1noticias\"> <\/span><\/p>\n<p><span class=\"text1noticias\">\u00abAcabamos de hablar con el Presidente Medina, quien ha instruido al Plan Social de la Presidencia para que venga a dar todo el apoyo posible a todas las necesidades de las provincias, los municipios, parajes y secciones que han sido afectados por las lluvias\u00bb, explic\u00f3 Castillo.<\/span><\/p>\n<p><span class=\"text1noticias\"> <\/span><\/p>\n<p><span class=\"text1noticias\">Agreg\u00f3 que se est\u00e1 fijando un plazo de 15 d\u00edas para que los estudios de dise\u00f1o \u00abde las diferentes soluciones de los municipios y distritos municipales que hemos mencionado est\u00e9n ya concluidos, y ya veremos de la forma m\u00e1s r\u00e1pida y bajo cu\u00e1les contratos podemos iniciar a construir\u00bb.<\/span><\/p>\n<p><span class=\"text1noticias\"> <\/span><\/p>\n<p><span class=\"text1noticias\">Dijo que a\u00fan se desconoce si habr\u00e1 una declaratoria de emergencia por parte del Presidente Medina, lo cual permite que se puedan iniciar los trabajos de forma acelerada.<\/span><\/p>\n<p><span class=\"text1noticias\"> <\/span><\/p>\n<p><span class=\"text1noticias\">El ministro de MOPC dijo que el Presidente Medina ha pedido que este jueves acuda a Vicente Noble una comisi\u00f3n de todos los funcionarios en conjunto y de toda la provincia, para definir lo que se va a hacer, y que el hospital del municipio debe ser declarado en estado de emergencia, para proceder a su reconstrucci\u00f3n.<\/span><\/p>\n<p><span class=\"text1noticias\"> <\/span><\/p>\n<p><span class=\"text1noticias\">Asimismo, dijo que \u00aba\u00fan no sabemos cual es el da\u00f1o que se ha producido a las calles, tenemos que esperar que el agua baje  para entonces evaluar y ver qu\u00e9 tenemos que hacer, si construir o reconstruir las calles aqu\u00ed en Vicente Noble\u00bb.<\/span><\/p>\n<p><span class=\"text1noticias\"> <\/span><\/p>\n<p><span class=\"text1noticias\">Mientras, el director de la Defensa Civil dijo que se est\u00e1 haciendo la evaluaci\u00f3n de da\u00f1os y necesidades de todas las comunidades que fueron afectadas.<\/span><\/p>\n<p><span class=\"text1noticias\"> <\/span><\/p>\n<p><span class=\"text1noticias\">Puso de ejemplo que en Vicente Noble el 70 por ciento de esa comunidad fue afectado, pero que Arroyo Grande lo fue en su totalidad, y que lo m\u00e1s importante es que por instrucciones del Presidente Medina, todas las instituciones del Estado est\u00e1n haciendo un plan de contingencia  y dando asistencia, entre las que mencion\u00f3 el Plan Social de la Presidencia y los Comedores Econ\u00f3micos, para dar ayuda y comida a los afectados.<\/span><\/p>\n<p><span class=\"text1noticias\"> <\/span><\/p>\n<p><span class=\"text1noticias\">\u00abUstedes deben atender los llamados de los organismos de socorro para que se produzcan las evacuaciones cuando sean necesarias, porque los suelos est\u00e1n saturados de agua y pueden haber inundaciones repentinas\u00bb, dijo De Luna Pichirilo.<\/span><\/p>\n<p><span class=\"text1noticias\">Fuente: Departamento de prensa de MOPC<\/span><\/p>\n<h6> 2016-10-06 09:36:07 <\/h6>\n<p><!--\n<link rel=\"stylesheet\" href=\"css\/bootstrap.min.css\">\n\n\n<ul class=\"pagination\">\n\t    \n\t\n\n<li >\n\t<a href='?page_no=11915'>Previous<\/a>\n\t<\/li>\n\n\n       \n    \n\n<li><a href='?page_no=1'>1<\/a><\/li>\n\n\n\n<li><a href='?page_no=2'>2<\/a><\/li>\n\n\n\n<li><a>...<\/a><\/li>\n\n\n\n<li><a href='?page_no=11914'>11914<\/a><\/li>\n\n\n\n<li><a href='?page_no=11915'>11915<\/a><\/li>\n\n\n\n<li class='active'><a>11916<\/a><\/li>\n\n\n\n<li><a href='?page_no=11917'>11917<\/a><\/li>\n\n\n\n<li><a href='?page_no=11918'>11918<\/a><\/li>\n\n\n\n<li><a>...<\/a><\/li>\n\n\n\n<li><a href='?page_no=56169'>56169<\/a><\/li>\n\n\n\n<li><a href='?page_no=56170'>56170<\/a><\/li>\n\n    \n\t\n\n<li >\n\t<a href='?page_no=11917'>Next<\/a>\n\t<\/li>\n\n\n    \n\n<li><a href='?page_no=56170'>Last &rsaquo;&rsaquo;<\/a><\/li>\n\n<\/ul>\n\n\n--><br \/>\n<\/body><\/p>\n","protected":false},"excerpt":{"rendered":"<p>Vicente Noble, Barahona, R. D., 6 de octubre.- El ministro de Obras P\u00fablicas, Gonzalo Castillo, inform\u00f3 que ante los problemas suscitados en distintas comunidades de las regiones Sur y Suroeste por el paso del hurac\u00e1n Matthew, el Gobierno est\u00e1 inmerso en realizar un plan de estudio para buscar f\u00f3rmulas con miras a que en el [&hellip;]<\/p>\n","protected":false},"author":3,"featured_media":0,"comment_status":"open","ping_status":"open","sticky":false,"template":"","format":"standard","meta":{"footnotes":""},"categories":[20],"tags":[],"class_list":["post-217389","post","type-post","status-publish","format-standard","hentry","category-dominicana-hoy"],"_links":{"self":[{"href":"https:\/\/diariodominicano.com\/index.php?rest_route=\/wp\/v2\/posts\/217389","targetHints":{"allow":["GET"]}}],"collection":[{"href":"https:\/\/diariodominicano.com\/index.php?rest_route=\/wp\/v2\/posts"}],"about":[{"href":"https:\/\/diariodominicano.com\/index.php?rest_route=\/wp\/v2\/types\/post"}],"author":[{"embeddable":true,"href":"https:\/\/diariodominicano.com\/index.php?rest_route=\/wp\/v2\/users\/3"}],"replies":[{"embeddable":true,"href":"https:\/\/diariodominicano.com\/index.php?rest_route=%2Fwp%2Fv2%2Fcomments&post=217389"}],"version-history":[{"count":0,"href":"https:\/\/diariodominicano.com\/index.php?rest_route=\/wp\/v2\/posts\/217389\/revisions"}],"wp:attachment":[{"href":"https:\/\/diariodominicano.com\/index.php?rest_route=%2Fwp%2Fv2%2Fmedia&parent=217389"}],"wp:term":[{"taxonomy":"category","embeddable":true,"href":"https:\/\/diariodominicano.com\/index.php?rest_route=%2Fwp%2Fv2%2Fcategories&post=217389"},{"taxonomy":"post_tag","embeddable":true,"href":"https:\/\/diariodominicano.com\/index.php?rest_route=%2Fwp%2Fv2%2Ftags&post=217389"}],"curies":[{"name":"wp","href":"https:\/\/api.w.org\/{rel}","templated":true}]}}