{"id":217388,"date":"2016-10-06T11:20:34","date_gmt":"2016-10-06T11:20:34","guid":{"rendered":"http:\/\/diariodominicano.ddns.net\/?p=217388"},"modified":"2016-10-06T11:20:34","modified_gmt":"2016-10-06T11:20:34","slug":"puntualizan-detalles-sobre-concurso-para-directores-de-establecimientos-de-salud","status":"publish","type":"post","link":"https:\/\/diariodominicano.com\/?p=217388","title":{"rendered":"Puntualizan detalles sobre concurso para directores de establecimientos de salud"},"content":{"rendered":"<p><body><\/p>\n<p><img decoding=\"async\" src=\"img3\/sns 6-10.jpg\" \/>  <\/p>\n<p><span class=\"text1noticias\">Santo Domingo, R. D., 6 de octubre.-  El titular del Servicio Nacional de Salud (SNS) y el presidente del Colegio M\u00e9dico Dominicano (CMD) realizaron este mi\u00e9rcoles una mesa de trabajo con el objetivo de encontrar soluciones a los principales problemas que afectan al sistema sanitario de la Rep\u00fablica Dominicana, dando as\u00ed continuidad a lo establecido en el primer encuentro de septiembre.<\/span><\/p>\n<p><span class=\"text1noticias\"> <\/span><\/p>\n<p><span class=\"text1noticias\">En la segunda mesa tambi\u00e9n ponderaron el concurso para optar a directores de establecimientos de salud, acci\u00f3n que busca la profesionalizaci\u00f3n de la gesti\u00f3n de los hospitales, seg\u00fan explic\u00f3 el doctor Nelson Rodr\u00edguez Monegro.<\/span><\/p>\n<p><span class=\"text1noticias\"> <\/span><\/p>\n<p><span class=\"text1noticias\">\u00abEs importante el tema del concurso porque puntualizamos algunos detalles respecto del mismo, tambi\u00e9n hablamos de la reparaci\u00f3n de los hospitales, pasant\u00edas de Ley y de Postgrado, residencias m\u00e9dicas y el componente acad\u00e9mico docente\u00bb, indic\u00f3 el galeno.<\/span><\/p>\n<p><span class=\"text1noticias\"> <\/span><\/p>\n<p><span class=\"text1noticias\">Tambi\u00e9n abordaron el tema de las pensiones y se hizo un recuento de la situaci\u00f3n del sistema sanitario nacional, los problemas cotidianos que se presentan en las diferentes instituciones que lo conforman, con el inter\u00e9s de seguir conversando en los encuentros mensuales para buscar soluciones a los mismos. <\/span><\/p>\n<p><span class=\"text1noticias\"> <\/span><\/p>\n<p><span class=\"text1noticias\">\u00abEn eso hemos estado trabajando el SNS con el CMD, entidad que va de la mano con nosotros en este proceso de reforma del sistema de salud de Rep\u00fablica Dominicana\u00bb, puntualiz\u00f3.   <\/span><\/p>\n<p><span class=\"text1noticias\"> <\/span><\/p>\n<p><span class=\"text1noticias\">Consideraciones del presidente del CMD<\/span><\/p>\n<p><span class=\"text1noticias\"> <\/span><\/p>\n<p><span class=\"text1noticias\">Mientras que el presidente del Colegio M\u00e9dico al reconocer el trato deferente del titular del SNS a ese organismo gremial, Waldo Ariel Suero expres\u00f3 que han avanzado en algunos puntos importantes, de manera especial, sobre la situaci\u00f3n de los hospitales, de los equipos y del personal. <\/span><\/p>\n<p><span class=\"text1noticias\">\u00abAvanzamos tambi\u00e9n sobre algunos puntos espec\u00edficos como la designaci\u00f3n del director  del hospital de San Crist\u00f3bal, que se hizo una asamblea para eso, y tambi\u00e9n sobre el tema del concurso\u00bb, seg\u00fan explic\u00f3.  <\/span><\/p>\n<p><span class=\"text1noticias\"> <\/span><\/p>\n<p><span class=\"text1noticias\">Se recuerda que en la primera semana de septiembre ambos incumbentes anunciaron al pa\u00eds el establecimiento de una mesa de trabajo mensual con el prop\u00f3sito de dar respuesta a los diferentes problemas que afectan al sistema sanitario nacional. <\/span><\/p>\n<p><span class=\"text1noticias\"> <\/span><\/p>\n<p><span class=\"text1noticias\">Al igual que en el encuentro anterior, Waldo Ariel Suero estuvo acompa\u00f1ado de una amplia comitiva de esa entidad gremial, integrada entre otros, por el doctor Wilson Roa,  vicepresidente de<\/span>l CMD.<\/p>\n<\/p>\n<h6> 2016-10-06 11:20:34 <\/h6>\n<p><!--\n<link rel=\"stylesheet\" href=\"css\/bootstrap.min.css\">\n\n\n<ul class=\"pagination\">\n\t    \n\t\n\n<li >\n\t<a href='?page_no=11914'>Previous<\/a>\n\t<\/li>\n\n\n       \n    \n\n<li><a href='?page_no=1'>1<\/a><\/li>\n\n\n\n<li><a href='?page_no=2'>2<\/a><\/li>\n\n\n\n<li><a>...<\/a><\/li>\n\n\n\n<li><a href='?page_no=11913'>11913<\/a><\/li>\n\n\n\n<li><a href='?page_no=11914'>11914<\/a><\/li>\n\n\n\n<li class='active'><a>11915<\/a><\/li>\n\n\n\n<li><a href='?page_no=11916'>11916<\/a><\/li>\n\n\n\n<li><a href='?page_no=11917'>11917<\/a><\/li>\n\n\n\n<li><a>...<\/a><\/li>\n\n\n\n<li><a href='?page_no=56169'>56169<\/a><\/li>\n\n\n\n<li><a href='?page_no=56170'>56170<\/a><\/li>\n\n    \n\t\n\n<li >\n\t<a href='?page_no=11916'>Next<\/a>\n\t<\/li>\n\n\n    \n\n<li><a href='?page_no=56170'>Last &rsaquo;&rsaquo;<\/a><\/li>\n\n<\/ul>\n\n\n--><br \/>\n<\/body><\/p>\n","protected":false},"excerpt":{"rendered":"<p>Santo Domingo, R. D., 6 de octubre.- El titular del Servicio Nacional de Salud (SNS) y el presidente del Colegio M\u00e9dico Dominicano (CMD) realizaron este mi\u00e9rcoles una mesa de trabajo con el objetivo de encontrar soluciones a los principales problemas que afectan al sistema sanitario de la Rep\u00fablica Dominicana, dando as\u00ed continuidad a lo establecido [&hellip;]<\/p>\n","protected":false},"author":3,"featured_media":0,"comment_status":"open","ping_status":"open","sticky":false,"template":"","format":"standard","meta":{"footnotes":""},"categories":[20],"tags":[],"class_list":["post-217388","post","type-post","status-publish","format-standard","hentry","category-dominicana-hoy"],"_links":{"self":[{"href":"https:\/\/diariodominicano.com\/index.php?rest_route=\/wp\/v2\/posts\/217388","targetHints":{"allow":["GET"]}}],"collection":[{"href":"https:\/\/diariodominicano.com\/index.php?rest_route=\/wp\/v2\/posts"}],"about":[{"href":"https:\/\/diariodominicano.com\/index.php?rest_route=\/wp\/v2\/types\/post"}],"author":[{"embeddable":true,"href":"https:\/\/diariodominicano.com\/index.php?rest_route=\/wp\/v2\/users\/3"}],"replies":[{"embeddable":true,"href":"https:\/\/diariodominicano.com\/index.php?rest_route=%2Fwp%2Fv2%2Fcomments&post=217388"}],"version-history":[{"count":0,"href":"https:\/\/diariodominicano.com\/index.php?rest_route=\/wp\/v2\/posts\/217388\/revisions"}],"wp:attachment":[{"href":"https:\/\/diariodominicano.com\/index.php?rest_route=%2Fwp%2Fv2%2Fmedia&parent=217388"}],"wp:term":[{"taxonomy":"category","embeddable":true,"href":"https:\/\/diariodominicano.com\/index.php?rest_route=%2Fwp%2Fv2%2Fcategories&post=217388"},{"taxonomy":"post_tag","embeddable":true,"href":"https:\/\/diariodominicano.com\/index.php?rest_route=%2Fwp%2Fv2%2Ftags&post=217388"}],"curies":[{"name":"wp","href":"https:\/\/api.w.org\/{rel}","templated":true}]}}