{"id":217387,"date":"2016-10-06T11:40:05","date_gmt":"2016-10-06T11:40:05","guid":{"rendered":"http:\/\/diariodominicano.ddns.net\/?p=217387"},"modified":"2016-10-06T11:40:05","modified_gmt":"2016-10-06T11:40:05","slug":"jurista-alcedo-magarin-sostiene-jce-es-la-guardiana-de-la-soberania-nacional","status":"publish","type":"post","link":"https:\/\/diariodominicano.com\/?p=217387","title":{"rendered":"Jurista Alcedo Magar\u00edn sostiene \u00abJCE es la guardiana de la soberan\u00eda nacional\u00bb"},"content":{"rendered":"<p><body><\/p>\n<p><span class=\"text1noticias\">Santo Domingo, R. D., 6 de octubre.- La Junta Central Electoral (JCE) es m\u00e1s que organizadora de elecciones presidenciales, congresuales y municipales cada cuatrienio, \u00abes la guardiana de la soberan\u00eda nacional,  a trav\u00e9s del Registro Civil y las oficial\u00edas del Estado Civil\u00bb, proclam\u00f3 el jurista Alcedo Magar\u00edn, aspirante a presidir este organismo.<\/span><\/p>\n<p><span class=\"text1noticias\"> <\/span><\/p>\n<p><span class=\"text1noticias\">Magar\u00edn precis\u00f3 que \u00abla JCE es la que est\u00e1 facultada para determinar qui\u00e9n es o no dominicano\u00bb, al tiempo de manifestar que \u00abla dominicanidad comienza con el acta de nacimiento emitida por cualquier Oficial\u00eda del Estado Civil, diseminadas en todo el territorio nacional\u00bb. <\/span><\/p>\n<\/p>\n<p><span class=\"text1noticias\">Agreg\u00f3 que \u00abla dominicanidad tambi\u00e9n inicia con el reconocimiento tard\u00edo  de hijos, adopci\u00f3n, matrimonios civiles y religiosos, y concluye con el acta de defunci\u00f3n cuando muere la persona\u00bb. <\/span><\/p>\n<p><span class=\"text1noticias\"> <\/span><\/p>\n<p><span class=\"text1noticias\">Asimismo, el jurista record\u00f3 que la Ley  n\u00famero 8-92 sobre C\u00e9dula de Identidad y Electoral y el Registro Civil, pasaron al control y administraci\u00f3n de la JCE, en 1992 y que con la reforma Constitucional en el 2010, se plasma en el art\u00edculo 55 ac\u00e1pite 7:   \u00abToda persona tiene derecho al reconocimiento de su personalidad, a un nombre propio, al apellido del padre y de la madre y a conocer la identidad de los mismos\u00bb. <\/span><\/p>\n<p><span class=\"text1noticias\"> <\/span><\/p>\n<p><span class=\"text1noticias\">A\u00f1adi\u00f3 que con la inscripci\u00f3n en el Registro Civil se inician los actos de las personas, que terminan con la defunci\u00f3n. <\/span><\/p>\n<p><span class=\"text1noticias\"> <\/span><\/p>\n<p><span class=\"text1noticias\">Magar\u00edn, quien actulamente es procurador Fiscal del Distrito Nacional, vaticin\u00f3 que \u00aben caso de ser designado para presidir la JCE, los ciudadanos no tendr\u00e1n que acudir a las oficial\u00edas de Estado Civil para obtener su documento de identidad, porque voy a modernizar y automatizar la Direcci\u00f3n Nacional de Registro Civil y las Oficial\u00edas de Estado Civil del pa\u00eds\u00bb. <\/span><\/p>\n<p><span class=\"text1noticias\"> <\/span><\/p>\n<p><span class=\"text1noticias\">\u00abEl ciudadano solo tendr\u00e1 que colocar en su computadora el c\u00f3digo de su acta nacimiento o n\u00famero de c\u00e9dula, y autom\u00e1ticamente podr\u00e1 imprimir su acta de nacimiento, matrimonio o divorcio\u00bb, asegur\u00f3. <\/span><\/p>\n<p><span class=\"text1noticias\"> <\/span><\/p>\n<p><span class=\"text1noticias\">Asimismo, expres\u00f3 que tomar\u00e1 como referencia el Departamento de Atenci\u00f3n  al Ciudadano de la Procuradur\u00eda General de la Rep\u00fablica, que solo basta pagar el impuesto en el Banco de Reservas y a trav\u00e9s de la plataforma digital puede obtener el certificado de antecedentes penales, certificaciones como el exequ\u00e1tur, para el ejercicio de la profesi\u00f3n, sin necesidad de hacer filas ni ser v\u00edctima de maltrato o enga\u00f1o.   <\/span><\/p>\n<p><span class=\"text1noticias\"> <\/span><\/p>\n<p><span class=\"text1noticias\">Conf\u00eda en el Senado de la Rep\u00fablica  <\/span><\/p>\n<p><span class=\"text1noticias\"> <\/span><\/p>\n<p><span class=\"text1noticias\">El jurista Magar\u00edn dijo que no comparte que la escogencia de los nuevos miembros de la JCE sea resultado de pacto, porque la experiencia indica que siempre pierde la institucionalidad del pa\u00eds.<\/span><\/p>\n<p><span class=\"text1noticias\"> <\/span><\/p>\n<p><span class=\"text1noticias\">En tal sentido, exhort\u00f3 \u00abconfiar en el Senado y esperar que las nuevas autoridades para dirigir el \u00f3rgano electoral no respondan a ning\u00fan sector partidarista, sino que sean personas honestas y solo tengan compromisos con Dios y la Rep\u00fablica Dominicana\u00bb. <\/span><\/p>\n<p><span class=\"text1noticias\"> <\/span><\/p>\n<p><span class=\"text1noticias\">Por otro lado, Magar\u00edn dijo que \u00abtenemos esperanza que las organizaciones de la sociedad civil y pol\u00edtica se pongan de acuerdos y aprueben el C\u00f3digo Electoral y la Ley de Partidos, con innovaciones que permitan hasta el voto electr\u00f3nico, y que est\u00e9n acorde a las demandas de este siglo XXI, para que solo as\u00ed vivamos con una s\u00f3lida democracia en Rep\u00fablica Domini<\/span>cana\u00bb.  <\/p>\n<\/p>\n<h6> 2016-10-06 11:40:05 <\/h6>\n<p><!--\n<link rel=\"stylesheet\" href=\"css\/bootstrap.min.css\">\n\n\n<ul class=\"pagination\">\n\t    \n\t\n\n<li >\n\t<a href='?page_no=11913'>Previous<\/a>\n\t<\/li>\n\n\n       \n    \n\n<li><a href='?page_no=1'>1<\/a><\/li>\n\n\n\n<li><a href='?page_no=2'>2<\/a><\/li>\n\n\n\n<li><a>...<\/a><\/li>\n\n\n\n<li><a href='?page_no=11912'>11912<\/a><\/li>\n\n\n\n<li><a href='?page_no=11913'>11913<\/a><\/li>\n\n\n\n<li class='active'><a>11914<\/a><\/li>\n\n\n\n<li><a href='?page_no=11915'>11915<\/a><\/li>\n\n\n\n<li><a href='?page_no=11916'>11916<\/a><\/li>\n\n\n\n<li><a>...<\/a><\/li>\n\n\n\n<li><a href='?page_no=56169'>56169<\/a><\/li>\n\n\n\n<li><a href='?page_no=56170'>56170<\/a><\/li>\n\n    \n\t\n\n<li >\n\t<a href='?page_no=11915'>Next<\/a>\n\t<\/li>\n\n\n    \n\n<li><a href='?page_no=56170'>Last &rsaquo;&rsaquo;<\/a><\/li>\n\n<\/ul>\n\n\n--><br \/>\n<\/body><\/p>\n","protected":false},"excerpt":{"rendered":"<p>Santo Domingo, R. D., 6 de octubre.- La Junta Central Electoral (JCE) es m\u00e1s que organizadora de elecciones presidenciales, congresuales y municipales cada cuatrienio, \u00abes la guardiana de la soberan\u00eda nacional, a trav\u00e9s del Registro Civil y las oficial\u00edas del Estado Civil\u00bb, proclam\u00f3 el jurista Alcedo Magar\u00edn, aspirante a presidir este organismo. Magar\u00edn precis\u00f3 que [&hellip;]<\/p>\n","protected":false},"author":3,"featured_media":0,"comment_status":"open","ping_status":"open","sticky":false,"template":"","format":"standard","meta":{"footnotes":""},"categories":[20],"tags":[],"class_list":["post-217387","post","type-post","status-publish","format-standard","hentry","category-dominicana-hoy"],"_links":{"self":[{"href":"https:\/\/diariodominicano.com\/index.php?rest_route=\/wp\/v2\/posts\/217387","targetHints":{"allow":["GET"]}}],"collection":[{"href":"https:\/\/diariodominicano.com\/index.php?rest_route=\/wp\/v2\/posts"}],"about":[{"href":"https:\/\/diariodominicano.com\/index.php?rest_route=\/wp\/v2\/types\/post"}],"author":[{"embeddable":true,"href":"https:\/\/diariodominicano.com\/index.php?rest_route=\/wp\/v2\/users\/3"}],"replies":[{"embeddable":true,"href":"https:\/\/diariodominicano.com\/index.php?rest_route=%2Fwp%2Fv2%2Fcomments&post=217387"}],"version-history":[{"count":0,"href":"https:\/\/diariodominicano.com\/index.php?rest_route=\/wp\/v2\/posts\/217387\/revisions"}],"wp:attachment":[{"href":"https:\/\/diariodominicano.com\/index.php?rest_route=%2Fwp%2Fv2%2Fmedia&parent=217387"}],"wp:term":[{"taxonomy":"category","embeddable":true,"href":"https:\/\/diariodominicano.com\/index.php?rest_route=%2Fwp%2Fv2%2Fcategories&post=217387"},{"taxonomy":"post_tag","embeddable":true,"href":"https:\/\/diariodominicano.com\/index.php?rest_route=%2Fwp%2Fv2%2Ftags&post=217387"}],"curies":[{"name":"wp","href":"https:\/\/api.w.org\/{rel}","templated":true}]}}