{"id":217383,"date":"2016-10-07T12:00:38","date_gmt":"2016-10-07T12:00:38","guid":{"rendered":"http:\/\/diariodominicano.ddns.net\/?p=217383"},"modified":"2016-10-07T12:00:38","modified_gmt":"2016-10-07T12:00:38","slug":"fedomu-presenta-al-presidente-medina-prioridades-municipalidad","status":"publish","type":"post","link":"https:\/\/diariodominicano.com\/?p=217383","title":{"rendered":"FEDOMU presenta al Presidente Medina prioridades municipalidad"},"content":{"rendered":"<p><body><\/p>\n<p><img decoding=\"async\" src=\"img3\/cabildoazua7-10.jpg\" \/>  <\/p>\n<p><span class=\"text1noticias\">Santo Domingo, R. D., 7 de octubre.- El presidente de la Federaci\u00f3n Dominicana de Municipios (FEDOMU) y alcalde de Azua, Rafael Hidalgo, sostuvo una reuni\u00f3n con el presidente Danilo Medina para intercambiar sobre las principales prioridades y l\u00edneas de trabajo que requieren impulsarse, junto al Poder Ejecutivo, para continuar con el proceso de fortalecimiento del desarrollo local en el pa\u00eds.<\/span><\/p>\n<p><span class=\"text1noticias\"> <\/span><\/p>\n<p><span class=\"text1noticias\">En el marco de estas prioridades, Hidalgo valor\u00f3 y agradeci\u00f3 al Mandatario la toma en consideraci\u00f3n de la municipalidad para formar parte de la b\u00fasqueda de soluciones integrales a aspectos cruciales para el desarrollo del pa\u00eds, como son la gesti\u00f3n de la seguridad vial y del agua, a trav\u00e9s de la reciente creaci\u00f3n de las comisiones presidenciales encargadas de ello y de las cuales la FEDOMU forma parte en representaci\u00f3n de los gobiernos locales.<\/span><\/p>\n<p><span class=\"text1noticias\"> <\/span><\/p>\n<p><span class=\"text1noticias\">Hidalgo expres\u00f3 al Presidente Medina que la coordinaci\u00f3n entre los gobiernos locales y el Poder Ejecutivo es clave para avanzar en los principales desaf\u00edos de desarrollo que enfrenta la naci\u00f3n, por lo que reafirm\u00f3 el compromiso de las autoridades locales para contribuir a su superaci\u00f3n de la mano del conjunto de entidades que integran el gobierno central.<\/span><\/p>\n<p><span class=\"text1noticias\"> <\/span><\/p>\n<p><span class=\"text1noticias\">Asimismo, el presidente de FEDOMU expuso a Medina sobre los principales desaf\u00edos que enfrenta la municipalidad para avanzar en su fortalecimiento y adquirir mayores capacidades para dar respuestas a las demandas de los mun\u00edcipes.<\/span><\/p>\n<p><span class=\"text1noticias\"> <\/span><\/p>\n<p><span class=\"text1noticias\">Respecto a ello, inform\u00f3 sobre los trabajos realizados bajo la coordinaci\u00f3n del Ministerio de la Presidencia y junto al Ministerio de Administraci\u00f3n P\u00fablica (MAP), en el marco de la Comisi\u00f3n Presidencial de la Reforma Municipal (COPREM), cuya misi\u00f3n es elaborar una Pol\u00edtica Nacional de Reforma Municipal y Desarrollo Local Sostenible en correspondencia con los lineamientos que establecen la Constituci\u00f3n y la Estrategia Nacional de Desarrollo (END). Para ello, se han definido mesas de trabajo en las que se est\u00e1n realizando estudios y propuestas de mejora sobre aspectos b\u00e1sicos de la gesti\u00f3n municipal (marco legal, servicios municipales, transparencia\/rendici\u00f3n de cuentas y fiscalidad municipal) que se busca implementar en los pr\u00f3ximos 4 <\/span>a\u00f1os.<\/p>\n<h6> 2016-10-07 12:00:38 <\/h6>\n<p><!--\n<link rel=\"stylesheet\" href=\"css\/bootstrap.min.css\">\n\n\n<ul class=\"pagination\">\n\t    \n\t\n\n<li >\n\t<a href='?page_no=11909'>Previous<\/a>\n\t<\/li>\n\n\n       \n    \n\n<li><a href='?page_no=1'>1<\/a><\/li>\n\n\n\n<li><a href='?page_no=2'>2<\/a><\/li>\n\n\n\n<li><a>...<\/a><\/li>\n\n\n\n<li><a href='?page_no=11908'>11908<\/a><\/li>\n\n\n\n<li><a href='?page_no=11909'>11909<\/a><\/li>\n\n\n\n<li class='active'><a>11910<\/a><\/li>\n\n\n\n<li><a href='?page_no=11911'>11911<\/a><\/li>\n\n\n\n<li><a href='?page_no=11912'>11912<\/a><\/li>\n\n\n\n<li><a>...<\/a><\/li>\n\n\n\n<li><a href='?page_no=56169'>56169<\/a><\/li>\n\n\n\n<li><a href='?page_no=56170'>56170<\/a><\/li>\n\n    \n\t\n\n<li >\n\t<a href='?page_no=11911'>Next<\/a>\n\t<\/li>\n\n\n    \n\n<li><a href='?page_no=56170'>Last &rsaquo;&rsaquo;<\/a><\/li>\n\n<\/ul>\n\n\n--><br \/>\n<\/body><\/p>\n","protected":false},"excerpt":{"rendered":"<p>Santo Domingo, R. D., 7 de octubre.- El presidente de la Federaci\u00f3n Dominicana de Municipios (FEDOMU) y alcalde de Azua, Rafael Hidalgo, sostuvo una reuni\u00f3n con el presidente Danilo Medina para intercambiar sobre las principales prioridades y l\u00edneas de trabajo que requieren impulsarse, junto al Poder Ejecutivo, para continuar con el proceso de fortalecimiento del [&hellip;]<\/p>\n","protected":false},"author":3,"featured_media":0,"comment_status":"open","ping_status":"open","sticky":false,"template":"","format":"standard","meta":{"footnotes":""},"categories":[20],"tags":[],"class_list":["post-217383","post","type-post","status-publish","format-standard","hentry","category-dominicana-hoy"],"_links":{"self":[{"href":"https:\/\/diariodominicano.com\/index.php?rest_route=\/wp\/v2\/posts\/217383","targetHints":{"allow":["GET"]}}],"collection":[{"href":"https:\/\/diariodominicano.com\/index.php?rest_route=\/wp\/v2\/posts"}],"about":[{"href":"https:\/\/diariodominicano.com\/index.php?rest_route=\/wp\/v2\/types\/post"}],"author":[{"embeddable":true,"href":"https:\/\/diariodominicano.com\/index.php?rest_route=\/wp\/v2\/users\/3"}],"replies":[{"embeddable":true,"href":"https:\/\/diariodominicano.com\/index.php?rest_route=%2Fwp%2Fv2%2Fcomments&post=217383"}],"version-history":[{"count":0,"href":"https:\/\/diariodominicano.com\/index.php?rest_route=\/wp\/v2\/posts\/217383\/revisions"}],"wp:attachment":[{"href":"https:\/\/diariodominicano.com\/index.php?rest_route=%2Fwp%2Fv2%2Fmedia&parent=217383"}],"wp:term":[{"taxonomy":"category","embeddable":true,"href":"https:\/\/diariodominicano.com\/index.php?rest_route=%2Fwp%2Fv2%2Fcategories&post=217383"},{"taxonomy":"post_tag","embeddable":true,"href":"https:\/\/diariodominicano.com\/index.php?rest_route=%2Fwp%2Fv2%2Ftags&post=217383"}],"curies":[{"name":"wp","href":"https:\/\/api.w.org\/{rel}","templated":true}]}}