{"id":217380,"date":"2016-10-07T14:44:07","date_gmt":"2016-10-07T14:44:07","guid":{"rendered":"http:\/\/diariodominicano.ddns.net\/?p=217380"},"modified":"2016-10-07T14:44:07","modified_gmt":"2016-10-07T14:44:07","slug":"coe-anuncia-aislados-chubascos-con-tronadas-y-descontinua-alertas","status":"publish","type":"post","link":"https:\/\/diariodominicano.com\/?p=217380","title":{"rendered":"&#13;&#13;&#13;COE  anuncia aislados chubascos con tronadas y descontinua alertas"},"content":{"rendered":"<p><body><\/p>\n<p><img decoding=\"async\" src=\"img3\/COE.JPG\" \/>  <\/p>\n<p><strong> <\/strong><\/p>\n<p><strong>Santo Domingo, RD, 07 de octubre, &#8211;<\/strong> La Direcci\u00f3n del Centro de Operaciones de Emergencias (COE), inform\u00f3 que las lluvias ser\u00e1n escasas debido a la incidencia de una circulaci\u00f3n anticicl\u00f3nica en los niveles medios de la atmosfera.<\/p>\n<p>Se\u00f1al\u00f3 que sin embargo, producto de las condiciones asociadas al ciclo diurno y algo de humedad que podr\u00eda aportar una onda tropical al sureste sobre el mar Caribe, al final de la tarde se estar\u00e1n presentando ligeros incrementos de la nubosidad con aislados chubascos y tronadas <\/p>\n<p>En ese sentido  emiti\u00f3 fin  de Alerta ante inundaciones dentro de pr\u00f3ximas 8 a 48 horas, por las condiciones de pron\u00f3sticos de precipitaciones y debido a que en los lugares donde hubo crecidas en r\u00edos y arroyos, ya empieza a descender los niveles debido a que no hay lluvias registradas en parte alta de cuencas.<\/p>\n<p>En virtud de lo anterior el Centro de Operaciones de Emergencias (COE), descontinua  el nivel de alerta VERDE, para las provincias Santo Domingo incluyendo el Distrito Nacional y la provincia Monte Plata.<\/p>\n<h6> 2016-10-07 14:44:07 <\/h6>\n<p><!--\n<link rel=\"stylesheet\" href=\"css\/bootstrap.min.css\">\n\n\n<ul class=\"pagination\">\n\t    \n\t\n\n<li >\n\t<a href='?page_no=11907'>Previous<\/a>\n\t<\/li>\n\n\n       \n    \n\n<li><a href='?page_no=1'>1<\/a><\/li>\n\n\n\n<li><a href='?page_no=2'>2<\/a><\/li>\n\n\n\n<li><a>...<\/a><\/li>\n\n\n\n<li><a href='?page_no=11906'>11906<\/a><\/li>\n\n\n\n<li><a href='?page_no=11907'>11907<\/a><\/li>\n\n\n\n<li class='active'><a>11908<\/a><\/li>\n\n\n\n<li><a href='?page_no=11909'>11909<\/a><\/li>\n\n\n\n<li><a href='?page_no=11910'>11910<\/a><\/li>\n\n\n\n<li><a>...<\/a><\/li>\n\n\n\n<li><a href='?page_no=56169'>56169<\/a><\/li>\n\n\n\n<li><a href='?page_no=56170'>56170<\/a><\/li>\n\n    \n\t\n\n<li >\n\t<a href='?page_no=11909'>Next<\/a>\n\t<\/li>\n\n\n    \n\n<li><a href='?page_no=56170'>Last &rsaquo;&rsaquo;<\/a><\/li>\n\n<\/ul>\n\n\n--><br \/>\n<\/body><\/p>\n","protected":false},"excerpt":{"rendered":"<p>Santo Domingo, RD, 07 de octubre, &#8211; La Direcci\u00f3n del Centro de Operaciones de Emergencias (COE), inform\u00f3 que las lluvias ser\u00e1n escasas debido a la incidencia de una circulaci\u00f3n anticicl\u00f3nica en los niveles medios de la atmosfera. Se\u00f1al\u00f3 que sin embargo, producto de las condiciones asociadas al ciclo diurno y algo de humedad que podr\u00eda [&hellip;]<\/p>\n","protected":false},"author":3,"featured_media":0,"comment_status":"open","ping_status":"open","sticky":false,"template":"","format":"standard","meta":{"footnotes":""},"categories":[20],"tags":[],"class_list":["post-217380","post","type-post","status-publish","format-standard","hentry","category-dominicana-hoy"],"_links":{"self":[{"href":"https:\/\/diariodominicano.com\/index.php?rest_route=\/wp\/v2\/posts\/217380","targetHints":{"allow":["GET"]}}],"collection":[{"href":"https:\/\/diariodominicano.com\/index.php?rest_route=\/wp\/v2\/posts"}],"about":[{"href":"https:\/\/diariodominicano.com\/index.php?rest_route=\/wp\/v2\/types\/post"}],"author":[{"embeddable":true,"href":"https:\/\/diariodominicano.com\/index.php?rest_route=\/wp\/v2\/users\/3"}],"replies":[{"embeddable":true,"href":"https:\/\/diariodominicano.com\/index.php?rest_route=%2Fwp%2Fv2%2Fcomments&post=217380"}],"version-history":[{"count":0,"href":"https:\/\/diariodominicano.com\/index.php?rest_route=\/wp\/v2\/posts\/217380\/revisions"}],"wp:attachment":[{"href":"https:\/\/diariodominicano.com\/index.php?rest_route=%2Fwp%2Fv2%2Fmedia&parent=217380"}],"wp:term":[{"taxonomy":"category","embeddable":true,"href":"https:\/\/diariodominicano.com\/index.php?rest_route=%2Fwp%2Fv2%2Fcategories&post=217380"},{"taxonomy":"post_tag","embeddable":true,"href":"https:\/\/diariodominicano.com\/index.php?rest_route=%2Fwp%2Fv2%2Ftags&post=217380"}],"curies":[{"name":"wp","href":"https:\/\/api.w.org\/{rel}","templated":true}]}}