{"id":217379,"date":"2016-10-08T13:54:12","date_gmt":"2016-10-08T13:54:12","guid":{"rendered":"http:\/\/diariodominicano.ddns.net\/?p=217379"},"modified":"2016-10-08T13:54:12","modified_gmt":"2016-10-08T13:54:12","slug":"empresarios-de-transporte-amenazan-con-paro-y-anuncio-de-alza","status":"publish","type":"post","link":"https:\/\/diariodominicano.com\/?p=217379","title":{"rendered":"Empresarios de transporte amenazan con paro y anuncio de alza"},"content":{"rendered":"<p><body><\/p>\n<p><img decoding=\"async\" src=\"img3\/vehiculos.jpg\" \/>  <\/p>\n<\/p>\n<\/p>\n<p><strong>SANTO DOMINGO, RD, 08 de octubre,-L<\/strong>as organizaciones del transporte encabezada: Mochotran, Conatra, Fenatrano, Fenatrado, CNTT, Fenttrareno, Fentrauni, Codotatur, acusar\u00f3n al Gobierno del presidente Danilo Medina, pretende sacarlos de los corredores y rutas del pais, para imponer la Autoridad \u00danica del Transporte en complicidad con el CONEP.<\/p>\n<p>Dichas organizaciones choferiles, manifestar\u00f3n que el Gobierno ha retenido el subsidio del \u00faltimo mes a los transportistas de pasajeros y de carga, sin darles ninguna explicaci\u00f3n, lo que ha provocado que los representantes de este sector anunciaran un posible aumento de las tarifas para la pr\u00f3xima semana.<\/p>\n<p>El presidente de la Federaci\u00f3n Nacional de Transporte la Nueva Opci\u00f3n (FENATRANO), Juan Hubieres, afirm\u00f3 que el Consejo Nacional de la Empresa Privada (Conep), est\u00e1 conspirando para romper el orden y la paz social en el pa\u00eds en complicidad con el Ministro de Industria Comercio,Temistrocles Montas.<\/p>\n<p>Hubieres, afirm\u00f3 que el Conep en su recurso de amparo est\u00e1 exigiendo al Gobierno que se lancen a las calles a los guardias, polic\u00edas y otras fuerzas castrenses a enfrentar a los choferes.<\/p>\n<p>De su lado, Antonio Marte, presidente de Conatra, se\u00f1al\u00f3 que el ministro de Industria y Comercio, Tem\u00edstocles Montas, no les ha dado la cara para ofrecerles una explicaci\u00f3n oficial y que el director de la Oficina T\u00e9cnica de Transporte Terrestre (OTTT), H\u00e9ctor Mojica, ya ni les toma las llamadas.<\/p>\n<p>Se\u00f1al\u00f3 que ante esa situaci\u00f3n los transportistas est\u00e1n forzados a aumentar las tarifas del transporte de pasajeros y de carga.<\/p>\n<p>Asimismo, Gervasio de la Rosa, advierte que el Conep quiere apoderarse de los grandes, medianos y peque\u00f1os propietarios del transporte p\u00fablico de pasajeros urbano e interurbano del pa\u00eds.<\/p>\n<p>Advirti\u00f3 que no van a permitir el chantaje del Conep, el cual asegur\u00f3 est\u00e1 patrocinado por algunos sectores del Gobierno interesados en apropiarse del sistema de transporte p\u00fablico.<\/p>\n<p>Mientras que el presidente de Mochotran, Alfredo Pulinario Linares- Cambita -, anuncio que de no tender sus reclamos y asignen inmediatamente el subsidio a los transportistas, la pr\u00f3xima semana paralizaremos el pais, hasta tanto el Gobierno cumpla con el sector transporte.<\/p>\n<p>Asimismo, manifest\u00f3 que las tarifas del pasaje urbano podr\u00edan aumentar entre 10 y 15 pesos y el inter-urbano entre 25 y 30 pesos, lo cual provocar\u00eda una cat\u00e1strofe para los usuarios del transporte, pero el gobierno es el \u00fanico responsable de esta situaci\u00f3n.<\/p>\n<p>Las organizaciones del transporte antes mencionadas tienen pautadas para este martes, un almuerzo donde trazaran las m\u00e9dicas a tomar si el Gobierno no lo convoca a la mesa del di\u00e1logo.<\/p>\n<h6> 2016-10-08 13:54:12 <\/h6>\n<p><!--\n<link rel=\"stylesheet\" href=\"css\/bootstrap.min.css\">\n\n\n<ul class=\"pagination\">\n\t    \n\t\n\n<li >\n\t<a href='?page_no=11906'>Previous<\/a>\n\t<\/li>\n\n\n       \n    \n\n<li><a href='?page_no=1'>1<\/a><\/li>\n\n\n\n<li><a href='?page_no=2'>2<\/a><\/li>\n\n\n\n<li><a>...<\/a><\/li>\n\n\n\n<li><a href='?page_no=11905'>11905<\/a><\/li>\n\n\n\n<li><a href='?page_no=11906'>11906<\/a><\/li>\n\n\n\n<li class='active'><a>11907<\/a><\/li>\n\n\n\n<li><a href='?page_no=11908'>11908<\/a><\/li>\n\n\n\n<li><a href='?page_no=11909'>11909<\/a><\/li>\n\n\n\n<li><a>...<\/a><\/li>\n\n\n\n<li><a href='?page_no=56169'>56169<\/a><\/li>\n\n\n\n<li><a href='?page_no=56170'>56170<\/a><\/li>\n\n    \n\t\n\n<li >\n\t<a href='?page_no=11908'>Next<\/a>\n\t<\/li>\n\n\n    \n\n<li><a href='?page_no=56170'>Last &rsaquo;&rsaquo;<\/a><\/li>\n\n<\/ul>\n\n\n--><br \/>\n<\/body><\/p>\n","protected":false},"excerpt":{"rendered":"<p>SANTO DOMINGO, RD, 08 de octubre,-Las organizaciones del transporte encabezada: Mochotran, Conatra, Fenatrano, Fenatrado, CNTT, Fenttrareno, Fentrauni, Codotatur, acusar\u00f3n al Gobierno del presidente Danilo Medina, pretende sacarlos de los corredores y rutas del pais, para imponer la Autoridad \u00danica del Transporte en complicidad con el CONEP. Dichas organizaciones choferiles, manifestar\u00f3n que el Gobierno ha retenido [&hellip;]<\/p>\n","protected":false},"author":3,"featured_media":0,"comment_status":"open","ping_status":"open","sticky":false,"template":"","format":"standard","meta":{"footnotes":""},"categories":[20],"tags":[],"class_list":["post-217379","post","type-post","status-publish","format-standard","hentry","category-dominicana-hoy"],"_links":{"self":[{"href":"https:\/\/diariodominicano.com\/index.php?rest_route=\/wp\/v2\/posts\/217379","targetHints":{"allow":["GET"]}}],"collection":[{"href":"https:\/\/diariodominicano.com\/index.php?rest_route=\/wp\/v2\/posts"}],"about":[{"href":"https:\/\/diariodominicano.com\/index.php?rest_route=\/wp\/v2\/types\/post"}],"author":[{"embeddable":true,"href":"https:\/\/diariodominicano.com\/index.php?rest_route=\/wp\/v2\/users\/3"}],"replies":[{"embeddable":true,"href":"https:\/\/diariodominicano.com\/index.php?rest_route=%2Fwp%2Fv2%2Fcomments&post=217379"}],"version-history":[{"count":0,"href":"https:\/\/diariodominicano.com\/index.php?rest_route=\/wp\/v2\/posts\/217379\/revisions"}],"wp:attachment":[{"href":"https:\/\/diariodominicano.com\/index.php?rest_route=%2Fwp%2Fv2%2Fmedia&parent=217379"}],"wp:term":[{"taxonomy":"category","embeddable":true,"href":"https:\/\/diariodominicano.com\/index.php?rest_route=%2Fwp%2Fv2%2Fcategories&post=217379"},{"taxonomy":"post_tag","embeddable":true,"href":"https:\/\/diariodominicano.com\/index.php?rest_route=%2Fwp%2Fv2%2Ftags&post=217379"}],"curies":[{"name":"wp","href":"https:\/\/api.w.org\/{rel}","templated":true}]}}