{"id":217378,"date":"2016-10-08T15:34:27","date_gmt":"2016-10-08T15:34:27","guid":{"rendered":"http:\/\/diariodominicano.ddns.net\/?p=217378"},"modified":"2016-10-08T15:34:27","modified_gmt":"2016-10-08T15:34:27","slug":"informan-que-huracan-dejo-mas-de-800-muertos-en-haiti","status":"publish","type":"post","link":"https:\/\/diariodominicano.com\/?p=217378","title":{"rendered":"Informan que hurac\u00e1n dej\u00f3 m\u00e1s de 800 muertos en Hait\u00ed"},"content":{"rendered":"<p><body><\/p>\n<p><img decoding=\"async\" src=\"img3\/Haiti-Matthew.jpg\" \/>  <\/p>\n<p>Puerto Pr\u00edncipe, 8 oct (PL) M\u00e1s de 800 personas perecieron en Hait\u00ed como consecuencia del embate del hurac\u00e1n Matthew hace cuatro d\u00edas, reconoci\u00f3 hoy la Protecci\u00f3n Civil.<\/p>\n<\/p>\n<p>La nueva cifra es el doble de los 400 que hab\u00eda reportado esta ma\u00f1ana esa entidad y sigui\u00f3 a otras cantidades preliminares que hab\u00edan citado previamente funcionarios del Estado.<\/p>\n<\/p>\n<p>La magnitud de lo sucedido apenas empieza a conocerse pues a\u00fan est\u00e1n incomunicadas muchas zonas del sur, la regi\u00f3n m\u00e1s afectada porque fue la primera en enfrentar la embestida de mayor impacto del meteoro.<\/p>\n<\/p>\n<p>La mayor\u00eda de las muertes se han registrado en Les Cayes, Dame Marie y Jeremie, en el departamento Sur y en el de Grand Anse, ubicado en el suroeste.<\/p>\n<\/p>\n<p>Las autoridades haitianas reconocen que la situaci\u00f3n es catastr\u00f3fica en el sur del pa\u00eds porque la destrucci\u00f3n es considerable para un pa\u00eds que no se ha recuperado a\u00fan del terremoto del 2010 que caus\u00f3 300 mil muertos.<\/p>\n<\/p>\n<p>Entidades no gubernamentales y la Organizaci\u00f3n Panamericana de la Salud (OPS) temen que la crisis humanitaria se agudice m\u00e1s con una mayor propagaci\u00f3n del c\u00f3lera que este a\u00f1o report\u00f3 28 mil 500 casos.<\/p>\n<\/p>\n<p>La comunidad internacional ha escuchado los llamamientos formulados por el presidente haitiano, Jocelerme Privert, para que env\u00eden ayuda humanitaria urgente a Hait\u00ed.<\/p>\n<\/p>\n<p>La Uni\u00f3n Europea anunci\u00f3 un aporte de 1.5 millones de euros, Estados Unidos envi\u00f3 militares y helic\u00f3pteros para distribuir ayudas y Venezuela comprometi\u00f3 20 toneladas de ayuda humanitaria.<\/p>\n<\/p>\n<p>Este viernes se inform\u00f3 que Cuba mandar\u00e1 ma\u00f1ana una brigada de 38 m\u00e9dicos especializados que apoyar\u00e1n a los 600 colaboradores cubanos de la salud que actualmente prestan servicios en Hait\u00ed.<\/p>\n<h6> 2016-10-08 15:34:27 <\/h6>\n<p><!--\n<link rel=\"stylesheet\" href=\"css\/bootstrap.min.css\">\n\n\n<ul class=\"pagination\">\n\t    \n\t\n\n<li >\n\t<a href='?page_no=11905'>Previous<\/a>\n\t<\/li>\n\n\n       \n    \n\n<li><a href='?page_no=1'>1<\/a><\/li>\n\n\n\n<li><a href='?page_no=2'>2<\/a><\/li>\n\n\n\n<li><a>...<\/a><\/li>\n\n\n\n<li><a href='?page_no=11904'>11904<\/a><\/li>\n\n\n\n<li><a href='?page_no=11905'>11905<\/a><\/li>\n\n\n\n<li class='active'><a>11906<\/a><\/li>\n\n\n\n<li><a href='?page_no=11907'>11907<\/a><\/li>\n\n\n\n<li><a href='?page_no=11908'>11908<\/a><\/li>\n\n\n\n<li><a>...<\/a><\/li>\n\n\n\n<li><a href='?page_no=56169'>56169<\/a><\/li>\n\n\n\n<li><a href='?page_no=56170'>56170<\/a><\/li>\n\n    \n\t\n\n<li >\n\t<a href='?page_no=11907'>Next<\/a>\n\t<\/li>\n\n\n    \n\n<li><a href='?page_no=56170'>Last &rsaquo;&rsaquo;<\/a><\/li>\n\n<\/ul>\n\n\n--><br \/>\n<\/body><\/p>\n","protected":false},"excerpt":{"rendered":"<p>Puerto Pr\u00edncipe, 8 oct (PL) M\u00e1s de 800 personas perecieron en Hait\u00ed como consecuencia del embate del hurac\u00e1n Matthew hace cuatro d\u00edas, reconoci\u00f3 hoy la Protecci\u00f3n Civil. La nueva cifra es el doble de los 400 que hab\u00eda reportado esta ma\u00f1ana esa entidad y sigui\u00f3 a otras cantidades preliminares que hab\u00edan citado previamente funcionarios del [&hellip;]<\/p>\n","protected":false},"author":3,"featured_media":0,"comment_status":"open","ping_status":"open","sticky":false,"template":"","format":"standard","meta":{"footnotes":""},"categories":[20],"tags":[],"class_list":["post-217378","post","type-post","status-publish","format-standard","hentry","category-dominicana-hoy"],"_links":{"self":[{"href":"https:\/\/diariodominicano.com\/index.php?rest_route=\/wp\/v2\/posts\/217378","targetHints":{"allow":["GET"]}}],"collection":[{"href":"https:\/\/diariodominicano.com\/index.php?rest_route=\/wp\/v2\/posts"}],"about":[{"href":"https:\/\/diariodominicano.com\/index.php?rest_route=\/wp\/v2\/types\/post"}],"author":[{"embeddable":true,"href":"https:\/\/diariodominicano.com\/index.php?rest_route=\/wp\/v2\/users\/3"}],"replies":[{"embeddable":true,"href":"https:\/\/diariodominicano.com\/index.php?rest_route=%2Fwp%2Fv2%2Fcomments&post=217378"}],"version-history":[{"count":0,"href":"https:\/\/diariodominicano.com\/index.php?rest_route=\/wp\/v2\/posts\/217378\/revisions"}],"wp:attachment":[{"href":"https:\/\/diariodominicano.com\/index.php?rest_route=%2Fwp%2Fv2%2Fmedia&parent=217378"}],"wp:term":[{"taxonomy":"category","embeddable":true,"href":"https:\/\/diariodominicano.com\/index.php?rest_route=%2Fwp%2Fv2%2Fcategories&post=217378"},{"taxonomy":"post_tag","embeddable":true,"href":"https:\/\/diariodominicano.com\/index.php?rest_route=%2Fwp%2Fv2%2Ftags&post=217378"}],"curies":[{"name":"wp","href":"https:\/\/api.w.org\/{rel}","templated":true}]}}