{"id":217377,"date":"2016-10-08T15:47:31","date_gmt":"2016-10-08T15:47:31","guid":{"rendered":"http:\/\/diariodominicano.ddns.net\/?p=217377"},"modified":"2016-10-08T15:47:31","modified_gmt":"2016-10-08T15:47:31","slug":"reumatologos-exhortan-a-crear-conciencia-sobre-el-padecimiento","status":"publish","type":"post","link":"https:\/\/diariodominicano.com\/?p=217377","title":{"rendered":"&#13; &#13;Reumat\u00f3logos exhortan a crear conciencia sobre el padecimiento"},"content":{"rendered":"<p><body><\/p>\n<p><img decoding=\"async\" src=\"img3\/altristi2.jpg\" \/><br \/><img decoding=\"async\" src=\"img3\/altristi.jpg\" \/>  <\/p>\n<p><strong> <\/strong><\/p>\n<p><strong> <\/strong><\/p>\n<p><strong> <\/strong><\/p>\n<p><strong> <\/strong><\/p>\n<p><strong>Santo Domingo, RD, 08 de octubre,.<\/strong> Con motivo del D\u00eda Mundial de la Artritis Reumatoide que se conmemora el pr\u00f3ximo mi\u00e9rcoles 12 de octubre, los directivos de la Fundaci\u00f3n de Enfermedades Reumatol\u00f3gicas e Investigaci\u00f3n Cl\u00ednica (FUNDERIC), exhortaron a la poblaci\u00f3n dominicana a crear conciencia sobre las enfermedades reum\u00e1ticas, y animar a las personas que las padecen, a sus cuidadores, familias y p\u00fablico en general, a aprovechar cada oportunidad para tomar medidas y hacer una diferencia en la calidad de vida de estas personas.<\/p>\n<\/p>\n<p>Los doctores, Tirso Valdez Lorie, Violeta Rosario, Roberto Mu\u00f1oz Louis y Rafael Alba Feriz, directivos de FUNDERIC, junto con los doctores Marisol Touri\u00f1an, Yamilet Cruz y Edral Rodriguez, invitaron a los pacientes a estar alertas y no caer en la trampa de los productos y terapias \u00abmilagrosas\u00bb, debido a que s\u00f3lo retrasan el inicio del procedimiento m\u00e9dico especializado.<\/p>\n<\/p>\n<p>Tratamiento a tiempo<\/p>\n<p>Las consideraciones de los prestigiosos galenos fueron planteadas durante el III Encuentro de Pacientes de Artritis Reumatoide organizado este s\u00e1bado 8 de octubre por FUNDERIC, en el hotel Crowne Plaza, donde, adem\u00e1s alentaron a los pacientes que padecen esta enfermedadl, evitar su progresi\u00f3n con un tratamiento precoz, y buscar mayor informaci\u00f3n sobre la patolog\u00eda, que tiene una gran incidencia en la sociedad.<\/p>\n<\/p>\n<p>La artritis reumatoide es un padecimiento cr\u00f3nico, inflamatorio, sist\u00e9mico, que se considera la principal causa de incapacidad e invalidez, pero s\u00ed se comienza el tratamiento en fase temprana denominada \u00abVentana Terap\u00e9utica\u00bb, los enfermos pueden mejorar su pron\u00f3stico, evoluci\u00f3n y calidad de vida.<\/p>\n<\/p>\n<p>De acuerdo a lo expuesto por los doctores Rayma pe\u00f1a y Marisol Touri\u00f1an, el sedentarismo es una medida equivocada en el paciente con artritis, teniendo en el ejercicio f\u00edsico una parte fundamental del tratamiento para lograr la rehabilitaci\u00f3n, ya que facilita el control del dolor y mantiene la fuerza muscular y la movilidad, \u00abaunque el dolor predisponga al enfermo a limitar el movimiento por miedo a empeorar\u00bb.<\/p>\n<\/p>\n<p>\u00abAunque los pacientes temen no poder llevar una vida normal y piensan que pueden tener dificultades para trabajar, los actuales avances de la medicina en este campo pueden proporcionar a los pacientes un desempe\u00f1o de las actividades de la vida diaria perfectamente aceptable\u00bb, apunt\u00f3 el doctor Tirso Valdez Lorie.<\/p>\n<p>Al tiempo de agregar \u00abpor lo cual recomendamos no supeditarse a las indicaciones de un m\u00e9dico de cabecera, y acudir al especialista, que es el reumat\u00f3logo, quienes son los \u00fanicos preparados para controlar a los pacientes con artritis reumatoide o con cualquier enfermedad reum\u00e1tica\u00bb.<\/p>\n<p>Afecta a todas las edades<\/p>\n<p>Entre tanto, la doctora Violeta Rosario puso de relieve que la artritis reumatoide no es una dolencia propia de la vejez, y en contra de lo que se cree, es un padecimiento que puede afectar a personas de cualquier edad, enfatizando principalmente, en las mujeres cuyas edades oscilan entre los 30 y 40 a\u00f1os de edad, siendo esta una etapa laboralmente activa.<\/p>\n<\/p>\n<p>\u00abInclusive puede afectar a ni\u00f1os por debajo de los 16 a\u00f1os y, en este caso, se denomina artritis idiop\u00e1tica juvenil\u00bb, apuntal\u00f3.<\/p>\n<p>La Organizaci\u00f3n Mundial de la Salud (OMS) la enfermedad afecta entre 1 y 1.5 por ciento de la poblaci\u00f3n del planeta, por lo cual establecer su diagn\u00f3stico y acceso a tratamientos es clave para la rehabilitaci\u00f3n, ya que se trata de una enfermedad sist\u00e9mica que puede afectar a muchos \u00f3rganos del cuerpo, adem\u00e1s de las articulaciones tales como piel, ojos, coraz\u00f3n, sistema nervioso, pulmones, sangre y aparato m\u00fasculo-esquel\u00e9tico, inform\u00f3 el doctor Roberto Mu\u00f1oz Louis.<\/p>\n<\/p>\n<p>El D\u00eda Mundial de la Artritis se ha convertido en una celebraci\u00f3n mundial, y se celebra desde el a\u00f1o 1996 a iniciativa de la organizaci\u00f3n Arthritis Rheumatism International, con el objetivo de mejorar el conocimiento sobre la artritis a la poblaci\u00f3n e influir en el establecimiento de pol\u00edticas que puedan reducir la carga que representan la artritis y las enfermedades m\u00fasculoesquel\u00e9ticas.<\/p>\n<\/p>\n<p>El III Encuentro de Pacientes de Artritis Reumatoide<\/p>\n<p>Constituye el inicio de una serie de actividades peri\u00f3dicas que FUNDERIC est\u00e1 realizando con la misi\u00f3n de difundir la enfermedad, descifrar interrogantes de la poblaci\u00f3n en general e informar sobre el manejo, seguimiento, rehabilitaci\u00f3n y soporte al paciente con artritis comenta el doctor Rafael Alba F\u00e9riz<\/p>\n<\/p>\n<p>Funderic tiene como raz\u00f3n de ser, educar al paciente que presenta enfermedad reum\u00e1tica en cuanto a la comprensi\u00f3n de su diagn\u00f3stico, al tiempo de crear conciencia sobre la importancia de la adherencia terap\u00e9utica para el control de la enfermedad y prevenir desenlaces no deseados. <\/p>\n<h6> 2016-10-08 15:47:31 <\/h6>\n<p><!--\n<link rel=\"stylesheet\" href=\"css\/bootstrap.min.css\">\n\n\n<ul class=\"pagination\">\n\t    \n\t\n\n<li >\n\t<a href='?page_no=11904'>Previous<\/a>\n\t<\/li>\n\n\n       \n    \n\n<li><a href='?page_no=1'>1<\/a><\/li>\n\n\n\n<li><a href='?page_no=2'>2<\/a><\/li>\n\n\n\n<li><a>...<\/a><\/li>\n\n\n\n<li><a href='?page_no=11903'>11903<\/a><\/li>\n\n\n\n<li><a href='?page_no=11904'>11904<\/a><\/li>\n\n\n\n<li class='active'><a>11905<\/a><\/li>\n\n\n\n<li><a href='?page_no=11906'>11906<\/a><\/li>\n\n\n\n<li><a href='?page_no=11907'>11907<\/a><\/li>\n\n\n\n<li><a>...<\/a><\/li>\n\n\n\n<li><a href='?page_no=56169'>56169<\/a><\/li>\n\n\n\n<li><a href='?page_no=56170'>56170<\/a><\/li>\n\n    \n\t\n\n<li >\n\t<a href='?page_no=11906'>Next<\/a>\n\t<\/li>\n\n\n    \n\n<li><a href='?page_no=56170'>Last &rsaquo;&rsaquo;<\/a><\/li>\n\n<\/ul>\n\n\n--><br \/>\n<\/body><\/p>\n","protected":false},"excerpt":{"rendered":"<p>Santo Domingo, RD, 08 de octubre,. Con motivo del D\u00eda Mundial de la Artritis Reumatoide que se conmemora el pr\u00f3ximo mi\u00e9rcoles 12 de octubre, los directivos de la Fundaci\u00f3n de Enfermedades Reumatol\u00f3gicas e Investigaci\u00f3n Cl\u00ednica (FUNDERIC), exhortaron a la poblaci\u00f3n dominicana a crear conciencia sobre las enfermedades reum\u00e1ticas, y animar a las personas que las [&hellip;]<\/p>\n","protected":false},"author":3,"featured_media":0,"comment_status":"open","ping_status":"open","sticky":false,"template":"","format":"standard","meta":{"footnotes":""},"categories":[20],"tags":[],"class_list":["post-217377","post","type-post","status-publish","format-standard","hentry","category-dominicana-hoy"],"_links":{"self":[{"href":"https:\/\/diariodominicano.com\/index.php?rest_route=\/wp\/v2\/posts\/217377","targetHints":{"allow":["GET"]}}],"collection":[{"href":"https:\/\/diariodominicano.com\/index.php?rest_route=\/wp\/v2\/posts"}],"about":[{"href":"https:\/\/diariodominicano.com\/index.php?rest_route=\/wp\/v2\/types\/post"}],"author":[{"embeddable":true,"href":"https:\/\/diariodominicano.com\/index.php?rest_route=\/wp\/v2\/users\/3"}],"replies":[{"embeddable":true,"href":"https:\/\/diariodominicano.com\/index.php?rest_route=%2Fwp%2Fv2%2Fcomments&post=217377"}],"version-history":[{"count":0,"href":"https:\/\/diariodominicano.com\/index.php?rest_route=\/wp\/v2\/posts\/217377\/revisions"}],"wp:attachment":[{"href":"https:\/\/diariodominicano.com\/index.php?rest_route=%2Fwp%2Fv2%2Fmedia&parent=217377"}],"wp:term":[{"taxonomy":"category","embeddable":true,"href":"https:\/\/diariodominicano.com\/index.php?rest_route=%2Fwp%2Fv2%2Fcategories&post=217377"},{"taxonomy":"post_tag","embeddable":true,"href":"https:\/\/diariodominicano.com\/index.php?rest_route=%2Fwp%2Fv2%2Ftags&post=217377"}],"curies":[{"name":"wp","href":"https:\/\/api.w.org\/{rel}","templated":true}]}}