{"id":217376,"date":"2016-10-09T19:21:12","date_gmt":"2016-10-09T19:21:12","guid":{"rendered":"http:\/\/diariodominicano.ddns.net\/?p=217376"},"modified":"2016-10-09T19:21:12","modified_gmt":"2016-10-09T19:21:12","slug":"expresa-a-haiti-la-solidaridad-dominicana-ante-tragedia-causada-por-matthew","status":"publish","type":"post","link":"https:\/\/diariodominicano.com\/?p=217376","title":{"rendered":"Expresa a Hait\u00ed la solidaridad dominicana ante tragedia causada por Matthew"},"content":{"rendered":"<p><body><\/p>\n<p><img decoding=\"async\" src=\"img3\/daniloyPrivert.jpg\" \/><br \/><img decoding=\"async\" src=\"img3\/Medina.JPG\" \/><br \/><img decoding=\"async\" src=\"img3\/Privert.JPG\" \/>  <\/p>\n<p><strong>El presidente Medina dijo que ahora de lo se trata es de tratar de tender la mano solidaria a las personas afectadas. Ayudar a levantar una infraestructura destruida por ese hurac\u00e1n.<\/strong><\/p>\n<\/p>\n<\/p>\n<p><strong>SANTO DOMINGO, RD, 9 de Octubre de 2016.-<\/strong> El presidente Danilo Medina visit\u00f3 a la Rep\u00fablica de Hait\u00ed para expresar toda la solidaridad en nombre del pueblo dominicano ante las muertes y los da\u00f1os materiales causados por el hurac\u00e1n Matthew.<\/p>\n<\/p>\n<p>El presidente Medina dijo que ahora de lo se trata es de tratar de tender la mano solidaria a las personas afectadas. Ayudar a levantar una infraestructura destruida por ese hurac\u00e1n.<\/p>\n<\/p>\n<p>Este lunes habr\u00e1 una  reuni\u00f3n con ministros para conocer documento de necesidades Hait\u00ed. All\u00ed, tambi\u00e9n ofreci\u00f3 ayuda. Y el Gobierno de Hait\u00ed remitir\u00e1 un documento, el cual  contiene las necesidades urgentes. Ser\u00e1 recibido  a trav\u00e9s del ministro administrativo de la Presidencia, Jos\u00e9 Ram\u00f3n Peralta.<\/p>\n<\/p>\n<p>El l presidente Danilo Medina lo analizar\u00e1 en una reuni\u00f3n programada para este lunes en el Palacio Nacional.<\/p>\n<\/p>\n<p>Para tales fines el Jefe del Estado convoc\u00f3 a los ministros del Gobierno a las ocho y media de la ma\u00f1ana de este lunes.<\/p>\n<\/p>\n<p>En el encuentro participaron ministros de Hait\u00ed, el presidente del Senado y diputados, y empresarios.<\/p>\n<\/p>\n<p><strong>Equipos pesados, zinc y madera<\/strong><\/p>\n<\/p>\n<p><strong>La Direcci\u00f3n de Comunicaciones (DICOM) inform\u00f3 que se habl\u00f3 de la necesidad de equipos pesados, madera y zinc para contribuir con el vecino pa\u00eds.<\/strong><\/p>\n<p>A su paso por el territorio haitiano Matthew caus\u00f3 destrozos, decenas de muertos y p\u00e9rdidas materiales incuantificables.<\/p>\n<\/p>\n<p><strong>Danilo Medina, un mismo sufrimiento<\/strong><\/p>\n<\/p>\n<p>El presidenteb Danilo Medina dijo que cuando los embates y la tragedia afectan a ese pa\u00eds, tambi\u00e9n afectan a nuestro pueblo.<\/p>\n<p>Estrech\u00f3 las manos del presidente haitiano Jocelerme Privert.<\/p>\n<p>En Hait\u00ed, Danilo Medina tambi\u00e9n expres\u00f3 su pesar por los da\u00f1os causados en la zona sur de Hait\u00ed.<\/p>\n<\/p>\n<p>\u00abS\u00e9 que todav\u00eda no hay comunicaci\u00f3n con el \u00e1rea. Por eso estamos aqu\u00ed (Puerto Pr\u00edncipe) y no en esa \u00e1rea\u00bb.<\/p>\n<\/p>\n<p>El Jefe de Estado dominicano le expres\u00f3 que su deseo hubiese sido ir a constatar los da\u00f1os a la zona m\u00e1s golpeada por Matthew.<\/p>\n<\/p>\n<p><strong>Experiencia al servicio de Hait\u00ed<\/strong><\/p>\n<\/p>\n<p>\u00abNosotros en los \u00faltimos a\u00f1os hemos recibido la embestida de dos fuertes huracanes. Estos huracanes han devastado amplias zonas del pa\u00eds. Y tenemos la experiencia de c\u00f3mo adelantarnos a esa situaci\u00f3n. Y personalmente queremos dar nuestro aliento al pueblo haitiano\u00bb.<\/p>\n<\/p>\n<p>Consider\u00f3  que se trata de una situaci\u00f3n en la que es posible levantarse y hacerlo r\u00e1pidamente.<\/p>\n<\/p>\n<p>El presidente Medina fue categ\u00f3rico al se\u00f1alar que de lo que se trata es de tratar de tender la mano solidaria a las personas afectadas. Ayudar a levantar una infraestructura destruida por ese hurac\u00e1n.<\/p>\n<\/p>\n<p>De igual modo, dijo que se trata de reparar viviendas, techar escuelas. Y garantiz\u00f3 que Rep\u00fablica Dominicana, dentro de sus posibilidades, est\u00e1 dispuesta a trabajar. Y del mismo modo, hacerlo junto al gobierno haitiano para que Hait\u00ed pueda retomar su camino al desarrollo.<\/p>\n<\/p>\n<p>\u00abY desde Rep\u00fablica Dominicana lo que queremos es tener dos pueblos pr\u00f3speros. Abogamos por el crecimiento y desarrollo de Hait\u00ed\u00bb.<\/p>\n<\/p>\n<p>El presidente Danilo Medina dijo que los problemas que afectan a uno de los pueblos, afectan a los dos.<\/p>\n<\/p>\n<p>\u00abY en eso estamos aqu\u00ed, porque nos sentimos afectados por la cat\u00e1strofe que ha afectado a Hait\u00ed\u00bb, dijo.<\/p>\n<\/p>\n<p><strong>El presidente haitiano Jocelerme Privert, expres\u00f3 que ve\u00eda con felicidad la visita del presidente Danilo Medina.<\/strong><\/p>\n<\/p>\n<p>\u00abHa venido a imprimir la solidaridad del Gobierno del pueblo dominicano\u00bb, resalt\u00f3.<\/p>\n<\/p>\n<p>El presidente haitiano refiri\u00f3 que tuvo la oportunidad de encontrarse en diferentes ocasiones con Danilo Medina.<\/p>\n<\/p>\n<p><strong>El  hurac\u00e1n Matthew dej\u00f3 muerte y destrucci\u00f3n<\/strong><\/p>\n<\/p>\n<p>Las agencias internacionales han informado que m\u00e1s  de 800 personas perecieron en Hait\u00ed como consecuencia del embate del hurac\u00e1n Matthew  reconoci\u00f3 el s\u00e1bado la Protecci\u00f3n Civil.<\/p>\n<\/p>\n<p>La nueva cifra es el doble de los 400 que hab\u00eda reportado el s\u00e1bado en la ma\u00f1ana por esa entidad y sigui\u00f3 a otras cantidades preliminares que hab\u00edan citado previamente funcionarios del Estado.<\/p>\n<\/p>\n<p>La magnitud de lo sucedido apenas empieza a conocerse pues a\u00fan est\u00e1n incomunicadas muchas zonas del sur, la regi\u00f3n m\u00e1s afectada porque fue la primera en enfrentar la embestida de mayor impacto del meteoro.<\/p>\n<\/p>\n<p>La mayor\u00eda de las muertes se han registrado en Les Cayes, Dame Marie y Jeremie, en el departamento Sur y en el de Grand Anse, ubicado en el suroeste.<\/p>\n<\/p>\n<p>Las autoridades haitianas reconocen que la situaci\u00f3n es catastr\u00f3fica en el sur del pa\u00eds porque la destrucci\u00f3n es considerable para un pa\u00eds que no se ha recuperado a\u00fan del terremoto del 2010 que caus\u00f3 300 mil muertos.<\/p>\n<\/p>\n<\/p>\n<h6> 2016-10-09 19:21:12 <\/h6>\n<p><!--\n<link rel=\"stylesheet\" href=\"css\/bootstrap.min.css\">\n\n\n<ul class=\"pagination\">\n\t    \n\t\n\n<li >\n\t<a href='?page_no=11903'>Previous<\/a>\n\t<\/li>\n\n\n       \n    \n\n<li><a href='?page_no=1'>1<\/a><\/li>\n\n\n\n<li><a href='?page_no=2'>2<\/a><\/li>\n\n\n\n<li><a>...<\/a><\/li>\n\n\n\n<li><a href='?page_no=11902'>11902<\/a><\/li>\n\n\n\n<li><a href='?page_no=11903'>11903<\/a><\/li>\n\n\n\n<li class='active'><a>11904<\/a><\/li>\n\n\n\n<li><a href='?page_no=11905'>11905<\/a><\/li>\n\n\n\n<li><a href='?page_no=11906'>11906<\/a><\/li>\n\n\n\n<li><a>...<\/a><\/li>\n\n\n\n<li><a href='?page_no=56169'>56169<\/a><\/li>\n\n\n\n<li><a href='?page_no=56170'>56170<\/a><\/li>\n\n    \n\t\n\n<li >\n\t<a href='?page_no=11905'>Next<\/a>\n\t<\/li>\n\n\n    \n\n<li><a href='?page_no=56170'>Last &rsaquo;&rsaquo;<\/a><\/li>\n\n<\/ul>\n\n\n--><br \/>\n<\/body><\/p>\n","protected":false},"excerpt":{"rendered":"<p>El presidente Medina dijo que ahora de lo se trata es de tratar de tender la mano solidaria a las personas afectadas. Ayudar a levantar una infraestructura destruida por ese hurac\u00e1n. SANTO DOMINGO, RD, 9 de Octubre de 2016.- El presidente Danilo Medina visit\u00f3 a la Rep\u00fablica de Hait\u00ed para expresar toda la solidaridad en [&hellip;]<\/p>\n","protected":false},"author":3,"featured_media":0,"comment_status":"open","ping_status":"open","sticky":false,"template":"","format":"standard","meta":{"footnotes":""},"categories":[20],"tags":[],"class_list":["post-217376","post","type-post","status-publish","format-standard","hentry","category-dominicana-hoy"],"_links":{"self":[{"href":"https:\/\/diariodominicano.com\/index.php?rest_route=\/wp\/v2\/posts\/217376","targetHints":{"allow":["GET"]}}],"collection":[{"href":"https:\/\/diariodominicano.com\/index.php?rest_route=\/wp\/v2\/posts"}],"about":[{"href":"https:\/\/diariodominicano.com\/index.php?rest_route=\/wp\/v2\/types\/post"}],"author":[{"embeddable":true,"href":"https:\/\/diariodominicano.com\/index.php?rest_route=\/wp\/v2\/users\/3"}],"replies":[{"embeddable":true,"href":"https:\/\/diariodominicano.com\/index.php?rest_route=%2Fwp%2Fv2%2Fcomments&post=217376"}],"version-history":[{"count":0,"href":"https:\/\/diariodominicano.com\/index.php?rest_route=\/wp\/v2\/posts\/217376\/revisions"}],"wp:attachment":[{"href":"https:\/\/diariodominicano.com\/index.php?rest_route=%2Fwp%2Fv2%2Fmedia&parent=217376"}],"wp:term":[{"taxonomy":"category","embeddable":true,"href":"https:\/\/diariodominicano.com\/index.php?rest_route=%2Fwp%2Fv2%2Fcategories&post=217376"},{"taxonomy":"post_tag","embeddable":true,"href":"https:\/\/diariodominicano.com\/index.php?rest_route=%2Fwp%2Fv2%2Ftags&post=217376"}],"curies":[{"name":"wp","href":"https:\/\/api.w.org\/{rel}","templated":true}]}}