{"id":217374,"date":"2016-10-09T21:58:36","date_gmt":"2016-10-09T21:58:36","guid":{"rendered":"http:\/\/diariodominicano.ddns.net\/?p=217374"},"modified":"2016-10-09T21:58:36","modified_gmt":"2016-10-09T21:58:36","slug":"navarro-afirma-solo-el-desarrollo-institucional-garantiza-que-el-4-en-educacion-de-y-de-para-mucho","status":"publish","type":"post","link":"https:\/\/diariodominicano.com\/?p=217374","title":{"rendered":"Navarro afirma solo el desarrollo institucional garantiza que el 4% en Educaci\u00f3n \u00abde y de para mucho\u00bb"},"content":{"rendered":"<p><body><\/p>\n<p><img decoding=\"async\" src=\"img3\/NAVARRO SE CONFUNDE CON NINOS DRAMATIZARON REVOLUCION EDUCATIVA.jpg\" \/><br \/><img decoding=\"async\" src=\"img3\/NINOS DRAMATIZAN REVOLUCION EDUCATIVA.jpg\" \/>  <\/p>\n<p><strong>Andr\u00e9s Navarro dijo en un encuentro consultivo con los directores de regionales, de distritos y de centros educativos de las provincias de La Vega, Espaillat y Monse\u00f1or Nouel, que la instituci\u00f3n tiene un inquebrantable y sublime compromiso de encausar la construcci\u00f3n de una nueva sociedad en democracia a trav\u00e9s del desarrollo de todo el sistema educativo, y de los entes humanos vinculados a ese proceso como son los docentes, los estudiantes y el personal administrativo.<\/strong><\/p>\n<p><strong> <\/strong><\/p>\n<\/p>\n<p><strong>LA VEGA, RD, 9 de Octubre de 2016.-<\/strong>  El ministro de Educaci\u00f3n afirm\u00f3 que una de las principales metas de su gesti\u00f3n es lograr que el Minerd se gane la credibilidad de la poblaci\u00f3n, con un manejo transparente y eficiente de los recursos presupuestarios del 4% del Producto Interno Bruto (PIB) que le ha confiado el presidente Danilo Medina, y para lograrlo impulsar\u00e1 el fortalecimiento institucional del Ministerio.<\/p>\n<\/p>\n<p> Andr\u00e9s Navarro dijo en un encuentro consultivo con los directores de regionales, de distritos y de centros educativos de las provincias de La Vega, Espaillat y Monse\u00f1or Nouel, que la instituci\u00f3n tiene un inquebrantable y sublime compromiso de encausar la construcci\u00f3n de una nueva sociedad en democracia a trav\u00e9s del desarrollo de todo el sistema educativo, y de los entes humanos vinculados a ese proceso como son los docentes, los estudiantes y el personal administrativo.<\/p>\n<\/p>\n<p>Al encabezar el sexto encuentro consultivo regional con los directores regionales y de distritos educativos, Navarro enfatiz\u00f3 que \u00abtenemos que poner el mayor empe\u00f1o para que el Minerd se exhiba como una de las instituciones m\u00e1s fortalecidas del pa\u00eds. Tenemos que hacer todo el esfuerzo posible por ganarnos la credibilidad de la gente, lo que a mi juicio, es una condici\u00f3n para la consecuci\u00f3n del desarrollo de la calidad en la educaci\u00f3n\u00bb.<\/p>\n<\/p>\n<p>En el encuentro realizado en el Sal\u00f3n de Actos de la Escuela Profesor Ram\u00f3n Del Orbe Del Orbe, con la asistencia de los directores de las regionales 16 con sede en Cotu\u00ed y 06-La Vega, as\u00ed como los 13 directores de distritos, Navarro refiri\u00f3 que se ha propuesto la descentralizaci\u00f3n de la gesti\u00f3n en las estructuras del Minerd,\u00bby este di\u00e1logo directo que llevamos con ustedes y con el gremio de profesores es parte de esa estrategia, contactos que me permiten tener una visi\u00f3n acabada de la situaci\u00f3n que envuelve al sistema educativo\u00bb.<\/p>\n<\/p>\n<p>Destac\u00f3 que, consciente de que la mayor\u00eda de los males que enfrenta la sociedad dominicana es la grave debilidad institucional del pa\u00eds, \u00abhemos asumido con mayor ahinco el mandato del presidente Medina de impulsar el fortalecimiento institucional del Minerd como paso fundamental para hacer que los recursos del 4% para la educaci\u00f3n, den y den para mucho\u00bb.<\/p>\n<\/p>\n<p>Reiter\u00f3 que por esa raz\u00f3n continuar\u00e1 con sus recorridos peri\u00f3dicos por los planteles escolares a nivel nacional en horas tempranas antes de cada inauguraci\u00f3n de escuelas por parte del presidente Medina, \u00abcon lo cual constatamos personalmente las condiciones estructurales de esas infraestructuras, adem\u00e1s de conocer las inquietudes de los actores de primer orden que son los maestros, maestras y estudiantes\u00bb.<\/p>\n<\/p>\n<p>\u00abSoy un abanderado de la descentralizaci\u00f3n del estado, pues entiendo la centralizaci\u00f3n como un mecanismo da\u00f1ino que impide el desarrollo de las comunidades. Sin embargo, reconozco que debemos actuar con cuidado, ya que la descentralizaci\u00f3n tiene virtudes y tambi\u00e9n grandes peligros de caer en malas pr\u00e1cticas, lo que puede da\u00f1ar el verdadero sentido de la democracia\u00bb.<\/p>\n<\/p>\n<p>En ese sentido dijo que centrar\u00e1 su atenci\u00f3n en el ejercicio de las buenas pr\u00e1cticas en la gesti\u00f3n para luego replicarla a nivel nacional, \u00aben una sociedad que est\u00e1 sedienta de referentes positivos, porque se visualiza lo mal hecho con mayor \u00e9nfasis. Por eso no escatimar\u00e9 esfuerzos para detener a cualquiera que intente socavar la imagen del Minerd, con malas pr\u00e1cticas\u00bb.<\/p>\n<\/p>\n<p>El acto consultivo cont\u00f3 con la bendici\u00f3n religiosa del sacerdote Porfirio Espinal, p\u00e1rroco de la Iglesia Sagrado Coraz\u00f3n de Jes\u00fas, quien en su invocaci\u00f3n felicit\u00f3 al ministro Navarro por haber iniciado su gesti\u00f3n con un proceso de di\u00e1logo, escuchando a los actores del sistema educativo, algo nunca antes visto en este pa\u00eds. Esa es tambi\u00e9n una valiosa forma de comenzar a educar\u00bb.<\/p>\n<\/p>\n<p>Asistieron los directores de las regionales 16-Cotu\u00ed, Ram\u00f3n Antonio V\u00e1squez, y regional 06-La Vega, Bernardo Acosta, acompa\u00f1ados de los 13 directores de distritos educativos, adem\u00e1s de Silverio Gonz\u00e1lez, director de Descentralizaci\u00f3n del Minerd y Jacqueline Hierro, coordinadora de Descentralizaci\u00f3n.<\/p>\n<\/p>\n<p>Previo a la consulta, tres estudiantes, de primero, segundo y tercer nivel de Educaci\u00f3n Media de la referida escuela, montaron un peque\u00f1o drama que present\u00f3 las pinceladas de los ejes principales de la Revoluci\u00f3n Educativa que impulsa el presidente Medina, actuaci\u00f3n que gener\u00f3 estruendosos aplausos de los presentes. El grupo lo integraron Rosel\u00edn Valdez, Erick Guerrero y Ana Cruz, bajo la direcci\u00f3n de direcci\u00f3n de la profesora  Greysi Cepeda.<\/p>\n<\/p>\n<p>Navarro estuvo acompa\u00f1ado de una comisi\u00f3n t\u00e9cnica conformada por los viceministros Denia Burgos, encargada de Asuntos T\u00e9cnicos y Pedag\u00f3gicos;  V\u00edctor S\u00e1nchez, de Planificaci\u00f3n; Ram\u00f3n Valerio, de Acreditaci\u00f3n Docente, y Luis De Le\u00f3n, de Descentralizaci\u00f3n.<\/p>\n<\/p>\n<p>Asimismo, Yury Rodr\u00edguez, director del Instituto Nacional de Bienestar Magisterial (INABIMA), Julio Santana, director de Gabinete del MINERD, Adolfo Cede\u00f1o, de Edificaciones Escolares, Milton Torres, de Infraestructuras; Geovanny Romero, encargado de Jornada de Tanda Extendida; Frank C\u00e1ceres, director de Participaci\u00f3n Comunitaria; coronel Mariano P\u00e9rez Brito, director de la Polic\u00eda Escolar, y Miguel Medina, director de Comunicaciones, entre otros funcionarios.<\/p>\n<h6> 2016-10-09 21:58:36 <\/h6>\n<p><!--\n<link rel=\"stylesheet\" href=\"css\/bootstrap.min.css\">\n\n\n<ul class=\"pagination\">\n\t    \n\t\n\n<li >\n\t<a href='?page_no=11901'>Previous<\/a>\n\t<\/li>\n\n\n       \n    \n\n<li><a href='?page_no=1'>1<\/a><\/li>\n\n\n\n<li><a href='?page_no=2'>2<\/a><\/li>\n\n\n\n<li><a>...<\/a><\/li>\n\n\n\n<li><a href='?page_no=11900'>11900<\/a><\/li>\n\n\n\n<li><a href='?page_no=11901'>11901<\/a><\/li>\n\n\n\n<li class='active'><a>11902<\/a><\/li>\n\n\n\n<li><a href='?page_no=11903'>11903<\/a><\/li>\n\n\n\n<li><a href='?page_no=11904'>11904<\/a><\/li>\n\n\n\n<li><a>...<\/a><\/li>\n\n\n\n<li><a href='?page_no=56169'>56169<\/a><\/li>\n\n\n\n<li><a href='?page_no=56170'>56170<\/a><\/li>\n\n    \n\t\n\n<li >\n\t<a href='?page_no=11903'>Next<\/a>\n\t<\/li>\n\n\n    \n\n<li><a href='?page_no=56170'>Last &rsaquo;&rsaquo;<\/a><\/li>\n\n<\/ul>\n\n\n--><br \/>\n<\/body><\/p>\n","protected":false},"excerpt":{"rendered":"<p>Andr\u00e9s Navarro dijo en un encuentro consultivo con los directores de regionales, de distritos y de centros educativos de las provincias de La Vega, Espaillat y Monse\u00f1or Nouel, que la instituci\u00f3n tiene un inquebrantable y sublime compromiso de encausar la construcci\u00f3n de una nueva sociedad en democracia a trav\u00e9s del desarrollo de todo el sistema [&hellip;]<\/p>\n","protected":false},"author":3,"featured_media":0,"comment_status":"open","ping_status":"open","sticky":false,"template":"","format":"standard","meta":{"footnotes":""},"categories":[20],"tags":[],"class_list":["post-217374","post","type-post","status-publish","format-standard","hentry","category-dominicana-hoy"],"_links":{"self":[{"href":"https:\/\/diariodominicano.com\/index.php?rest_route=\/wp\/v2\/posts\/217374","targetHints":{"allow":["GET"]}}],"collection":[{"href":"https:\/\/diariodominicano.com\/index.php?rest_route=\/wp\/v2\/posts"}],"about":[{"href":"https:\/\/diariodominicano.com\/index.php?rest_route=\/wp\/v2\/types\/post"}],"author":[{"embeddable":true,"href":"https:\/\/diariodominicano.com\/index.php?rest_route=\/wp\/v2\/users\/3"}],"replies":[{"embeddable":true,"href":"https:\/\/diariodominicano.com\/index.php?rest_route=%2Fwp%2Fv2%2Fcomments&post=217374"}],"version-history":[{"count":0,"href":"https:\/\/diariodominicano.com\/index.php?rest_route=\/wp\/v2\/posts\/217374\/revisions"}],"wp:attachment":[{"href":"https:\/\/diariodominicano.com\/index.php?rest_route=%2Fwp%2Fv2%2Fmedia&parent=217374"}],"wp:term":[{"taxonomy":"category","embeddable":true,"href":"https:\/\/diariodominicano.com\/index.php?rest_route=%2Fwp%2Fv2%2Fcategories&post=217374"},{"taxonomy":"post_tag","embeddable":true,"href":"https:\/\/diariodominicano.com\/index.php?rest_route=%2Fwp%2Fv2%2Ftags&post=217374"}],"curies":[{"name":"wp","href":"https:\/\/api.w.org\/{rel}","templated":true}]}}