{"id":217373,"date":"2016-10-09T23:47:37","date_gmt":"2016-10-09T23:47:37","guid":{"rendered":"http:\/\/diariodominicano.ddns.net\/?p=217373"},"modified":"2016-10-09T23:47:37","modified_gmt":"2016-10-09T23:47:37","slug":"expertos-analizan-sostenibilidad-gestion-publica-en-la-region","status":"publish","type":"post","link":"https:\/\/diariodominicano.com\/?p=217373","title":{"rendered":"Expertos analizan sostenibilidad gesti\u00f3n p\u00fablica en la regi\u00f3n"},"content":{"rendered":"<p><body><\/p>\n<p><img decoding=\"async\" src=\"img3\/Foto 3 (4).jpg\" \/><br \/><img decoding=\"async\" src=\"img3\/Foto principal (2).JPG\" \/><br \/><img decoding=\"async\" src=\"img3\/Foto 6 (1).JPG\" \/>  <\/p>\n<p><strong>En el Segundo Encuentro Internacional de Evaluaci\u00f3n de Pol\u00edtica Econ\u00f3mica y Social, los expertos consideraron como retos importantes mejorar la sostenibilidad de la gesti\u00f3n p\u00fablica, eficientizar los servicios b\u00e1sicos y los est\u00e1ndares de calidad<\/strong><\/p>\n<\/p>\n<p><strong>SANTO DOMINGO, 9 de octubre de 2016.-<\/strong>Expertos de Costa Rica, M\u00e9xico, Puerto Rico y Rep\u00fablica Dominicana, analizaron en el pa\u00eds los retos y desaf\u00edos en materia de evaluaci\u00f3n, gesti\u00f3n y rendici\u00f3n de cuentas de las instituciones del sector gubernamental de la regi\u00f3n, a fin de mejorar el alcance de las pol\u00edticas p\u00fablicas enfocadas en la reducci\u00f3n de la pobreza.  <\/p>\n<\/p>\n<p>En el Segundo Encuentro Internacional de Evaluaci\u00f3n de Pol\u00edtica Econ\u00f3mica y Social, los expertos consideraron como retos importantes mejorar la sostenibilidad de la gesti\u00f3n p\u00fablica, mediante la utilizaci\u00f3n de diferentes tipos de evaluaci\u00f3n como una herramienta \u00fatil para la toma de decisiones basadas en evidencias, calidad, innovaci\u00f3n y gobernanza, a fin mejorar elimpacto de las pol\u00edticas p\u00fablicas.<\/p>\n<\/p>\n<p>El objetivo del encuentro, cuyo tema central fue \u00abTransformando la pol\u00edtica p\u00fablica con evidencias\u00bb, fue discutir experiencias de las instancias gubernamentales, los servicios que ofrecen a la poblaci\u00f3n, en especial a la m\u00e1s necesitada, su utilidad institucional en la rendici\u00f3n de cuentas y la gesti\u00f3n orientada a resultados.<\/p>\n<\/p>\n<p>La directora t\u00e9cnica del Gabinete de Coordinaci\u00f3n de Pol\u00edticas Sociales (GCPS), Rosa Mar\u00eda Su\u00e1rez, destac\u00f3 la importancia del encuentro, al considerar que constituye un espacio de capacitaci\u00f3n para conocer metodolog\u00edas que incidan en la mejora de los servicios que se ofrecen a la poblaci\u00f3n. <\/p>\n<\/p>\n<p>Adem\u00e1s, valorar la importancia de la evaluaci\u00f3n en procesos de planificaci\u00f3n y presupuesto y sus beneficios en la formulaci\u00f3n de pol\u00edticas p\u00fablicas, destinadas a la reducci\u00f3n de la pobreza, entre otros.<\/p>\n<\/p>\n<p><strong>Sugiere cambios evaluaci\u00f3n proyectos sociales<\/strong><\/p>\n<\/p>\n<p>Entre los expertos participantes del encuentro, el doctor Fernando Medina, asesor regional del Instituto Latinoamericano de Planificaci\u00f3n Econ\u00f3mica y Social (ILPES), un organismo permanente de la Comisi\u00f3n Econ\u00f3mica para Am\u00e9rica Latina y el Caribe (CEPAL), llam\u00f3 a los gobiernos a formar evaluadores para que puedan hacer sus propias evaluaciones.<\/p>\n<\/p>\n<p>El experto abog\u00f3 por que los m\u00e9todos de evaluaci\u00f3n de los programas sociales incluyan entrevistas a profundidad a los beneficiarios de los mismos, para contribuir a mejorarlos y fortalecer su impacto.<\/p>\n<\/p>\n<p>Se\u00f1al\u00f3 que en Am\u00e9rica Latina y el Caribe se han realizado 317 estudios de evaluaci\u00f3n de impacto en 21 pa\u00edses y para todos se ha contratado a t\u00e9cnicos de los organismos financiadores de los proyectos.<\/p>\n<\/p>\n<p>Medina indic\u00f3 que no est\u00e1 en contra de la contrataci\u00f3n, pero que est\u00e1\u00bbmuch\u00edsimo m\u00e1s a favor de la institucionalizaci\u00f3n de las pol\u00edticas p\u00fablicas, incluso dentro de las instituciones que hacen la pol\u00edtica social\u00bb.<\/p>\n<\/p>\n<p><strong>Trabajo con enfoque integral<\/strong><\/p>\n<\/p>\n<p>La se\u00f1ora Olga Marta S\u00e1nchez, ministra de Planificaci\u00f3n Nacional y Pol\u00edtica Econ\u00f3mica de Costa Rica, destac\u00f3 la importancia del trabajo conjunto y con un enfoque integral, ya que contribuye a la generaci\u00f3n de datos e informaci\u00f3n para medir el impactode los programas en la poblaci\u00f3n.<\/p>\n<\/p>\n<p>Tambi\u00e9n, la coordinadora del equipo acad\u00e9mico del Consejo Especial para atender la Desigualdad Social en Puerto Rico, Palmira R\u00edos Gonz\u00e1lez, dict\u00f3 la conferencia \u00abLa Visi\u00f3n de la Evaluaci\u00f3n desde la Administraci\u00f3n P\u00fablica\u00bb, donde consider\u00f3 de gran importancia educar y formar a los empleados en base a las pol\u00edticas p\u00fablicas. Plante\u00f3 que eso permitir\u00e1 realizar un trabajo coordinado y vertical desde las instancias estatales. <\/p>\n<\/p>\n<p>En su ponencia \u00abLa Evaluaci\u00f3n del Desempe\u00f1o Institucional y la Experiencia de la Rep\u00fablica Dominicana\u00bb, la directora de Evaluaci\u00f3n de Gesti\u00f3n Institucional del Ministerio de Administraci\u00f3n P\u00fablica, B\u00e9lgica Altagracia Almonte de Susana, indic\u00f3 que el Gobierno ha creado un modelo de acompa\u00f1amiento para que las instituciones puedan lograr sus objetivos con las herramientas necesarias, con miras a satisfacer a los ciudadanos.<\/p>\n<\/p>\n<p>Destac\u00f3 la importancia de la evaluaci\u00f3n de desempe\u00f1o institucional en la rendici\u00f3n de cuentas, la cual tiene un impacto a lo interno de las instituciones. Puntualiz\u00f3, que esto mejora la calidad de la gesti\u00f3n y de los servicios, lo que se traduce en la satisfacci\u00f3n ciudadana y el impactando en lo social.<\/p>\n<\/p>\n<p>El encuentro de dos d\u00edas fue organizado por la Vicepresidencia de la Rep\u00fablica, a trav\u00e9s del Gabinete de Coordinaci\u00f3n de Pol\u00edticas Sociales (GCPS); El Banco Mundial; el Centro Internacional de Pol\u00edtica Econ\u00f3mica para el Desarrollo Sostenible(CINPE) y la Universidad Nacional, de Costa Rica; y la Sociedad Puertorrique\u00f1a de Evaluaci\u00f3n.<\/p>\n<\/p>\n<p>Participaron adem\u00e1s, Ada Verdejo y Emily Ort\u00edz, de la Sociedad Puertorrique\u00f1a de Evaluaci\u00f3n; la exdirectora general y acad\u00e9mica del Centro Internacional de Pol\u00edtica Econ\u00f3mica para el Desarrollo Sostenible de Costa Rica, Arlette Pichardo Mu\u00f1iz; entre otros expertos.<\/p>\n<\/p>\n<p>Tambi\u00e9n, representantes del programa Progresando con Solidaridad (Prosoli), Ministerio de Relaciones Exteriores, de la Oficina Nacional de Estad\u00edsticas (ONE), del Sistema \u00danico de Beneficiarios (Siuben), de la Direcci\u00f3n General de Desarrollo de la Comunidad (DGDC), entre otros. <\/p>\n<h6> 2016-10-09 23:47:37 <\/h6>\n<p><!--\n<link rel=\"stylesheet\" href=\"css\/bootstrap.min.css\">\n\n\n<ul class=\"pagination\">\n\t    \n\t\n\n<li >\n\t<a href='?page_no=11900'>Previous<\/a>\n\t<\/li>\n\n\n       \n    \n\n<li><a href='?page_no=1'>1<\/a><\/li>\n\n\n\n<li><a href='?page_no=2'>2<\/a><\/li>\n\n\n\n<li><a>...<\/a><\/li>\n\n\n\n<li><a href='?page_no=11899'>11899<\/a><\/li>\n\n\n\n<li><a href='?page_no=11900'>11900<\/a><\/li>\n\n\n\n<li class='active'><a>11901<\/a><\/li>\n\n\n\n<li><a href='?page_no=11902'>11902<\/a><\/li>\n\n\n\n<li><a href='?page_no=11903'>11903<\/a><\/li>\n\n\n\n<li><a>...<\/a><\/li>\n\n\n\n<li><a href='?page_no=56169'>56169<\/a><\/li>\n\n\n\n<li><a href='?page_no=56170'>56170<\/a><\/li>\n\n    \n\t\n\n<li >\n\t<a href='?page_no=11902'>Next<\/a>\n\t<\/li>\n\n\n    \n\n<li><a href='?page_no=56170'>Last &rsaquo;&rsaquo;<\/a><\/li>\n\n<\/ul>\n\n\n--><br \/>\n<\/body><\/p>\n","protected":false},"excerpt":{"rendered":"<p>En el Segundo Encuentro Internacional de Evaluaci\u00f3n de Pol\u00edtica Econ\u00f3mica y Social, los expertos consideraron como retos importantes mejorar la sostenibilidad de la gesti\u00f3n p\u00fablica, eficientizar los servicios b\u00e1sicos y los est\u00e1ndares de calidad SANTO DOMINGO, 9 de octubre de 2016.-Expertos de Costa Rica, M\u00e9xico, Puerto Rico y Rep\u00fablica Dominicana, analizaron en el pa\u00eds los [&hellip;]<\/p>\n","protected":false},"author":3,"featured_media":0,"comment_status":"open","ping_status":"open","sticky":false,"template":"","format":"standard","meta":{"footnotes":""},"categories":[20],"tags":[],"class_list":["post-217373","post","type-post","status-publish","format-standard","hentry","category-dominicana-hoy"],"_links":{"self":[{"href":"https:\/\/diariodominicano.com\/index.php?rest_route=\/wp\/v2\/posts\/217373","targetHints":{"allow":["GET"]}}],"collection":[{"href":"https:\/\/diariodominicano.com\/index.php?rest_route=\/wp\/v2\/posts"}],"about":[{"href":"https:\/\/diariodominicano.com\/index.php?rest_route=\/wp\/v2\/types\/post"}],"author":[{"embeddable":true,"href":"https:\/\/diariodominicano.com\/index.php?rest_route=\/wp\/v2\/users\/3"}],"replies":[{"embeddable":true,"href":"https:\/\/diariodominicano.com\/index.php?rest_route=%2Fwp%2Fv2%2Fcomments&post=217373"}],"version-history":[{"count":0,"href":"https:\/\/diariodominicano.com\/index.php?rest_route=\/wp\/v2\/posts\/217373\/revisions"}],"wp:attachment":[{"href":"https:\/\/diariodominicano.com\/index.php?rest_route=%2Fwp%2Fv2%2Fmedia&parent=217373"}],"wp:term":[{"taxonomy":"category","embeddable":true,"href":"https:\/\/diariodominicano.com\/index.php?rest_route=%2Fwp%2Fv2%2Fcategories&post=217373"},{"taxonomy":"post_tag","embeddable":true,"href":"https:\/\/diariodominicano.com\/index.php?rest_route=%2Fwp%2Fv2%2Ftags&post=217373"}],"curies":[{"name":"wp","href":"https:\/\/api.w.org\/{rel}","templated":true}]}}