{"id":217369,"date":"2016-10-10T09:42:53","date_gmt":"2016-10-10T09:42:53","guid":{"rendered":"http:\/\/diariodominicano.ddns.net\/?p=217369"},"modified":"2016-10-10T09:42:53","modified_gmt":"2016-10-10T09:42:53","slug":"mopc-cerrara-tuneles-y-elevados-para-mantenimiento","status":"publish","type":"post","link":"https:\/\/diariodominicano.com\/?p=217369","title":{"rendered":"MOPC cerrar\u00e1 t\u00faneles y elevados para mantenimiento"},"content":{"rendered":"<p><body><\/p>\n<p><img decoding=\"async\" src=\"img3\/tunel_27_de_febrero10.jpg\" \/>  <\/p>\n<p><strong><span class=\"text1noticias\">Santo Domingo, R. D., 10 de octubre.- <\/span><\/strong><span class=\"text1noticias\">El Ministerio de Obras P\u00fablicas anunci\u00f3 que a partir de este lunes 10 y hasta el viernes 14 del presente mes de octubre realizar\u00e1 un operativo de limpieza y mantenimiento de t\u00faneles y pasos a desnivel en el Gran Santo Domingo, por lo que proceder\u00e1 al cierre programado de esas estructuras.<\/span><\/p>\n<p><span class=\"text1noticias\"> <\/span><\/p>\n<p><span class=\"text1noticias\">Una nota de la Direcci\u00f3n de Prensa y Comunicaciones del MOPC destaca que estos cierres tendr\u00e1n efecto en horario  nocturno, entre las 10:30 de la noche y las 6:00 de la ma\u00f1ana del d\u00eda siguiente.<\/span><\/p>\n<p><span class=\"text1noticias\"> <\/span><\/p>\n<p><span class=\"text1noticias\">Agrega que estas labores forman parte del Programa de Mantenimiento Vial que, por instrucciones del ministro Gonzalo Castillo, se ejecuta en las principales v\u00edas del casco urbano del Gran Santo Domingo, que comprende el Distrito Nacional y el municipio Santo Domingo Este.<\/span><\/p>\n<p><span class=\"text1noticias\"> <\/span><\/p>\n<p><span class=\"text1noticias\">A partir del lunes 10 ser\u00e1n intervenidos, en ambas direcciones, los elevados paralelos de la avenida John F. Kennedy con avenida Abraham Lincoln.<\/span><\/p>\n<\/p>\n<p><span class=\"text1noticias\">Mientras que el martes 11 se proceder\u00e1 al cierre en ambos sentidos del paso a desnivel de la avenida 27 de Febrero (entre las calles Doctor Defill\u00f3 y Carmen Mendoza de Cornielle).<\/span><\/p>\n<p><span class=\"text1noticias\"> <\/span><\/p>\n<p><span class=\"text1noticias\">Para el mi\u00e9rcoles 12 el MOPC cerrar\u00e1 el paso a desnivel en la avenida 27 de Febrero con N\u00fa\u00f1ez de C\u00e1ceres, y para el jueves 13 el que se ubica en la 27 de Febrero con Privada.<\/span><\/p>\n<p><span class=\"text1noticias\"> <\/span><\/p>\n<p><span class=\"text1noticias\">El viernes 14 se proceder\u00e1 al cierre del paso a desnivel ubicado en el kil\u00f3metro 13 de la autopista Duarte con Prolongaci\u00f3n 27 de Febrero, mientras que el viernes 14 corresponder\u00e1 el cierre al t\u00fanel de la avenida Las Am\u00e9ricas. En estos dos \u00faltimos casos ser\u00e1 en ambos sentidos.<\/span><\/p>\n<p><span class=\"text1noticias\"> <\/span><\/p>\n<p><span class=\"text1noticias\">La programaci\u00f3n de cierres programados contempla la recogida de desechos s\u00f3lidos, barrida y recogida de agregados, adem\u00e1s de mantenimiento de drenajes, control de maleza, limpieza general del entorno y supervisi\u00f3n del sistema el\u00e9ctrico y estructural de los pasos a desnivel y elevados.<\/span><\/p>\n<p><span class=\"text1noticias\">  <\/span><\/p>\n<p><span class=\"text1noticias\">La jornada contempla asimismo limpieza y lavado con camiones-cisterna de los muros tipo \u00b4New Jersey\u00b4 y sus respectivas l\u00edneas de los bordes, limpieza de  placas reflectivas y se\u00f1ales verticales.<\/span><\/p>\n<p><span class=\"text1noticias\"> <\/span><\/p>\n<p><span class=\"text1noticias\">Obras P\u00fablicas pide excusas a la ciudadan\u00eda, en especial a los conductores que utilizan estas estructuras, por los inconvenientes que los trabajos puedan ocasionar, pero que los mismos buscan agilizar el tr\u00e1nsito en el Gran Santo Domingo.<\/span><\/p>\n<p><span class=\"text1noticias\"> <\/span><\/p>\n<p><span class=\"text1noticias\">Fuente: Departamento de prensa de MOPC<\/span><\/p>\n<h6> 2016-10-10 09:42:53 <\/h6>\n<p><!--\n<link rel=\"stylesheet\" href=\"css\/bootstrap.min.css\">\n\n\n<ul class=\"pagination\">\n\t    \n\t\n\n<li >\n\t<a href='?page_no=11898'>Previous<\/a>\n\t<\/li>\n\n\n       \n    \n\n<li><a href='?page_no=1'>1<\/a><\/li>\n\n\n\n<li><a href='?page_no=2'>2<\/a><\/li>\n\n\n\n<li><a>...<\/a><\/li>\n\n\n\n<li><a href='?page_no=11897'>11897<\/a><\/li>\n\n\n\n<li><a href='?page_no=11898'>11898<\/a><\/li>\n\n\n\n<li class='active'><a>11899<\/a><\/li>\n\n\n\n<li><a href='?page_no=11900'>11900<\/a><\/li>\n\n\n\n<li><a href='?page_no=11901'>11901<\/a><\/li>\n\n\n\n<li><a>...<\/a><\/li>\n\n\n\n<li><a href='?page_no=56169'>56169<\/a><\/li>\n\n\n\n<li><a href='?page_no=56170'>56170<\/a><\/li>\n\n    \n\t\n\n<li >\n\t<a href='?page_no=11900'>Next<\/a>\n\t<\/li>\n\n\n    \n\n<li><a href='?page_no=56170'>Last &rsaquo;&rsaquo;<\/a><\/li>\n\n<\/ul>\n\n\n--><br \/>\n<\/body><\/p>\n","protected":false},"excerpt":{"rendered":"<p>Santo Domingo, R. D., 10 de octubre.- El Ministerio de Obras P\u00fablicas anunci\u00f3 que a partir de este lunes 10 y hasta el viernes 14 del presente mes de octubre realizar\u00e1 un operativo de limpieza y mantenimiento de t\u00faneles y pasos a desnivel en el Gran Santo Domingo, por lo que proceder\u00e1 al cierre programado [&hellip;]<\/p>\n","protected":false},"author":3,"featured_media":0,"comment_status":"open","ping_status":"open","sticky":false,"template":"","format":"standard","meta":{"footnotes":""},"categories":[20],"tags":[],"class_list":["post-217369","post","type-post","status-publish","format-standard","hentry","category-dominicana-hoy"],"_links":{"self":[{"href":"https:\/\/diariodominicano.com\/index.php?rest_route=\/wp\/v2\/posts\/217369","targetHints":{"allow":["GET"]}}],"collection":[{"href":"https:\/\/diariodominicano.com\/index.php?rest_route=\/wp\/v2\/posts"}],"about":[{"href":"https:\/\/diariodominicano.com\/index.php?rest_route=\/wp\/v2\/types\/post"}],"author":[{"embeddable":true,"href":"https:\/\/diariodominicano.com\/index.php?rest_route=\/wp\/v2\/users\/3"}],"replies":[{"embeddable":true,"href":"https:\/\/diariodominicano.com\/index.php?rest_route=%2Fwp%2Fv2%2Fcomments&post=217369"}],"version-history":[{"count":0,"href":"https:\/\/diariodominicano.com\/index.php?rest_route=\/wp\/v2\/posts\/217369\/revisions"}],"wp:attachment":[{"href":"https:\/\/diariodominicano.com\/index.php?rest_route=%2Fwp%2Fv2%2Fmedia&parent=217369"}],"wp:term":[{"taxonomy":"category","embeddable":true,"href":"https:\/\/diariodominicano.com\/index.php?rest_route=%2Fwp%2Fv2%2Fcategories&post=217369"},{"taxonomy":"post_tag","embeddable":true,"href":"https:\/\/diariodominicano.com\/index.php?rest_route=%2Fwp%2Fv2%2Ftags&post=217369"}],"curies":[{"name":"wp","href":"https:\/\/api.w.org\/{rel}","templated":true}]}}