{"id":217368,"date":"2016-10-10T11:52:17","date_gmt":"2016-10-10T11:52:17","guid":{"rendered":"http:\/\/diariodominicano.ddns.net\/?p=217368"},"modified":"2016-10-10T11:52:17","modified_gmt":"2016-10-10T11:52:17","slug":"llegan-electrodomesticos-y-alimentos-a-damnificados-en-vicente-noble","status":"publish","type":"post","link":"https:\/\/diariodominicano.com\/?p=217368","title":{"rendered":"Llegan electrodom\u00e9sticos y alimentos a damnificados  en Vicente Noble"},"content":{"rendered":"<p><body><\/p>\n<p><img decoding=\"async\" src=\"img3\/Plansocial10-10.jpg\" \/>  <\/p>\n<p><span class=\"text1noticias\">Vicente Noble, R. D., 10 de octubre.- L\u00e1grimas y alegr\u00edas fueron el denominador com\u00fan entre familias de Vicente Noble que este fin de semana vieron llegar los camiones y personal del Plan de Asistencia Social de la Presidencia cargados de ajuares del hogar, prometidos por el Jefe del Estado durante su visita a esta zona.<\/span><\/p>\n<p><span class=\"text1noticias\"> <\/span><\/p>\n<p><span class=\"text1noticias\">Los lugare\u00f1os daban a las gracias al Mandatario y ped\u00edan a la directora del Plan Social, Iris Guaba, quien encabez\u00f3 el reparto, que le manifestara su agradecimiento al presidente de la Rep\u00fablica.<\/span><\/p>\n<p><span class=\"text1noticias\"> <\/span><\/p>\n<p><span class=\"text1noticias\">Tanto la funcionaria como su personal de apoyo tuvieron que abrirse camino en medio de lodo  que todav\u00eda afecta calles y viviendas, producto de las inundaciones que trajo el hurac\u00e1n Matthew a comunidades de este municipio.<\/span><\/p>\n<p><span class=\"text1noticias\"> <\/span><\/p>\n<p><span class=\"text1noticias\">Las entregas se realizaron, adem\u00e1s en los sectores La Bombita y Restauraci\u00f3n, tambi\u00e9n afectados por el fen\u00f3meno atmosf\u00e9rico y a donde el presidente instruy\u00f3 a sus funcionarios para que llegaran las ayudas.<\/span><\/p>\n<p><span class=\"text1noticias\"> <\/span><\/p>\n<p><span class=\"text1noticias\">\u00abEstamos entregando a m\u00e1s de un millar de familias, colchones, sabanas, televisores, lavadoras, estufas, abanicos, cilindro de gas, y material de techar viviendas\u00bb, manifest\u00f3 Iris Guaba, directora del Plan Social.<\/span><\/p>\n<p><span class=\"text1noticias\"> <\/span><\/p>\n<p><span class=\"text1noticias\">Agreg\u00f3 que esta es solo una parte de la ayuda prometida por el Mandatario y que una segunda etapa incluir\u00e1 reparaciones de viviendas y de pisos que fueron destruidos.<\/span><\/p>\n<p><span class=\"text1noticias\"> <\/span><\/p>\n<p><span class=\"text1noticias\">Guaba se hizo acompa\u00f1ar del gobernador de Barahona, Pedro Pe\u00f1a Rubio y por legisladores locales, personal del Ayuntamiento de Vicente Noble, miembros de los organismos de socorro y la representaci\u00f3n provincial del Plan Social en  ese demarcac<\/span>i\u00f3n.<\/p>\n<\/p>\n<h6> 2016-10-10 11:52:17 <\/h6>\n<p><!--\n<link rel=\"stylesheet\" href=\"css\/bootstrap.min.css\">\n\n\n<ul class=\"pagination\">\n\t    \n\t\n\n<li >\n\t<a href='?page_no=11897'>Previous<\/a>\n\t<\/li>\n\n\n       \n    \n\n<li><a href='?page_no=1'>1<\/a><\/li>\n\n\n\n<li><a href='?page_no=2'>2<\/a><\/li>\n\n\n\n<li><a>...<\/a><\/li>\n\n\n\n<li><a href='?page_no=11896'>11896<\/a><\/li>\n\n\n\n<li><a href='?page_no=11897'>11897<\/a><\/li>\n\n\n\n<li class='active'><a>11898<\/a><\/li>\n\n\n\n<li><a href='?page_no=11899'>11899<\/a><\/li>\n\n\n\n<li><a href='?page_no=11900'>11900<\/a><\/li>\n\n\n\n<li><a>...<\/a><\/li>\n\n\n\n<li><a href='?page_no=56169'>56169<\/a><\/li>\n\n\n\n<li><a href='?page_no=56170'>56170<\/a><\/li>\n\n    \n\t\n\n<li >\n\t<a href='?page_no=11899'>Next<\/a>\n\t<\/li>\n\n\n    \n\n<li><a href='?page_no=56170'>Last &rsaquo;&rsaquo;<\/a><\/li>\n\n<\/ul>\n\n\n--><br \/>\n<\/body><\/p>\n","protected":false},"excerpt":{"rendered":"<p>Vicente Noble, R. D., 10 de octubre.- L\u00e1grimas y alegr\u00edas fueron el denominador com\u00fan entre familias de Vicente Noble que este fin de semana vieron llegar los camiones y personal del Plan de Asistencia Social de la Presidencia cargados de ajuares del hogar, prometidos por el Jefe del Estado durante su visita a esta zona. [&hellip;]<\/p>\n","protected":false},"author":3,"featured_media":0,"comment_status":"open","ping_status":"open","sticky":false,"template":"","format":"standard","meta":{"footnotes":""},"categories":[20],"tags":[],"class_list":["post-217368","post","type-post","status-publish","format-standard","hentry","category-dominicana-hoy"],"_links":{"self":[{"href":"https:\/\/diariodominicano.com\/index.php?rest_route=\/wp\/v2\/posts\/217368","targetHints":{"allow":["GET"]}}],"collection":[{"href":"https:\/\/diariodominicano.com\/index.php?rest_route=\/wp\/v2\/posts"}],"about":[{"href":"https:\/\/diariodominicano.com\/index.php?rest_route=\/wp\/v2\/types\/post"}],"author":[{"embeddable":true,"href":"https:\/\/diariodominicano.com\/index.php?rest_route=\/wp\/v2\/users\/3"}],"replies":[{"embeddable":true,"href":"https:\/\/diariodominicano.com\/index.php?rest_route=%2Fwp%2Fv2%2Fcomments&post=217368"}],"version-history":[{"count":0,"href":"https:\/\/diariodominicano.com\/index.php?rest_route=\/wp\/v2\/posts\/217368\/revisions"}],"wp:attachment":[{"href":"https:\/\/diariodominicano.com\/index.php?rest_route=%2Fwp%2Fv2%2Fmedia&parent=217368"}],"wp:term":[{"taxonomy":"category","embeddable":true,"href":"https:\/\/diariodominicano.com\/index.php?rest_route=%2Fwp%2Fv2%2Fcategories&post=217368"},{"taxonomy":"post_tag","embeddable":true,"href":"https:\/\/diariodominicano.com\/index.php?rest_route=%2Fwp%2Fv2%2Ftags&post=217368"}],"curies":[{"name":"wp","href":"https:\/\/api.w.org\/{rel}","templated":true}]}}