{"id":217366,"date":"2016-10-10T13:51:42","date_gmt":"2016-10-10T13:51:42","guid":{"rendered":"http:\/\/diariodominicano.ddns.net\/?p=217366"},"modified":"2016-10-10T13:51:42","modified_gmt":"2016-10-10T13:51:42","slug":"jill-biden-elogia-a-la-primera-dama-por-priorizar-la-salud-y-la-educacion","status":"publish","type":"post","link":"https:\/\/diariodominicano.com\/?p=217366","title":{"rendered":"Jill Biden elogia a la Primera Dama por priorizar la salud y la educaci\u00f3n"},"content":{"rendered":"<p><body><\/p>\n<p><img decoding=\"async\" src=\"img3\/prieradama10-10.jpg\" \/>  <\/p>\n<p><span class=\"text1noticias\">Santo Domingo, R. D., 10 de octubre.- Ayer lleg\u00f3 a nuestra naci\u00f3n la Dra. Jill Biden, esposa del vicepresidente estadounidense, Joe Biden. Llega en un excelente momento en nuestro pa\u00eds, con grandes avances en Revoluci\u00f3n Educativa y protecci\u00f3n en Salud.<\/span><\/p>\n<p><span class=\"text1noticias\"> <\/span><\/p>\n<p><span class=\"text1noticias\">Maestra de profesi\u00f3n, en su visita tratar\u00e1 temas sobre la mujer, educativos y sanitarios con autoridades dominicanas.<\/span><\/p>\n<p><span class=\"text1noticias\"> <\/span><\/p>\n<p><span class=\"text1noticias\">Como fundadora de la Iniciativa Biden para la Salud de Mamas, se interes\u00f3 por conocer fue nuestro programa Mujeres Saludables.<\/span><\/p>\n<p><span class=\"text1noticias\"> <\/span><\/p>\n<p><span class=\"text1noticias\">En un encuentro sostenido esta tarde, la Primera Dama y la  Dra. Jill Biden hablaron sobre este y los dem\u00e1s programas del DPD, especialmente el CAID.<\/span><\/p>\n<p><span class=\"text1noticias\"> <\/span><\/p>\n<p><span class=\"text1noticias\">C\u00e1ndida Montilla explic\u00f3 el alcance de Mujeres Saludables y las actividades que desarrolla durante todo octubre con la campa\u00f1a Luchemos hasta detenerlo, por la prevenci\u00f3n de C\u00e1ncer de Mama.<\/span><\/p>\n<p><span class=\"text1noticias\"> <\/span><\/p>\n<p><span class=\"text1noticias\">La doctora Biden tambi\u00e9n se interes\u00f3 en conocer c\u00f3mo los CAID abordan el tema de la educaci\u00f3n inclusiva para los ni\u00f1os con discapacidad y elogi\u00f3 al presidente Danilo Medina y a la Primera Dama por priorizar sus acciones en las \u00e1reas de salud y educaci\u00f3n. \u00ab\u00a1Tienen un gran pa\u00eds! El embajador Brewster me hab\u00eda hablado de la cantidad de cosas maravillosas que se estaban haciendo\u00bb, le expres\u00f3 a la Primera Dama.<\/span><\/p>\n<p><span class=\"text1noticias\"> <\/span><\/p>\n<p><span class=\"text1noticias\">La Dra. Biden vino acompa\u00f1ada por Catherine Russell, embajadora de Estados Unidos para Asuntos Globales de Mujeres y Evan Ryan, secretaria de Estado adjunta para Asuntos Culturales y Educativos.<\/span><\/p>\n<p><span class=\"text1noticias\"> <\/span><\/p>\n<p><span class=\"text1noticias\">El encuentro tuvo lugar en la casa del embajador James Brewster, durante el acto de bienvenida a la esposa del vicepresidente de los Estados <\/span>Unidos.<\/p>\n<h6> 2016-10-10 13:51:42 <\/h6>\n<p><!--\n<link rel=\"stylesheet\" href=\"css\/bootstrap.min.css\">\n\n\n<ul class=\"pagination\">\n\t    \n\t\n\n<li >\n\t<a href='?page_no=11895'>Previous<\/a>\n\t<\/li>\n\n\n       \n    \n\n<li><a href='?page_no=1'>1<\/a><\/li>\n\n\n\n<li><a href='?page_no=2'>2<\/a><\/li>\n\n\n\n<li><a>...<\/a><\/li>\n\n\n\n<li><a href='?page_no=11894'>11894<\/a><\/li>\n\n\n\n<li><a href='?page_no=11895'>11895<\/a><\/li>\n\n\n\n<li class='active'><a>11896<\/a><\/li>\n\n\n\n<li><a href='?page_no=11897'>11897<\/a><\/li>\n\n\n\n<li><a href='?page_no=11898'>11898<\/a><\/li>\n\n\n\n<li><a>...<\/a><\/li>\n\n\n\n<li><a href='?page_no=56169'>56169<\/a><\/li>\n\n\n\n<li><a href='?page_no=56170'>56170<\/a><\/li>\n\n    \n\t\n\n<li >\n\t<a href='?page_no=11897'>Next<\/a>\n\t<\/li>\n\n\n    \n\n<li><a href='?page_no=56170'>Last &rsaquo;&rsaquo;<\/a><\/li>\n\n<\/ul>\n\n\n--><br \/>\n<\/body><\/p>\n","protected":false},"excerpt":{"rendered":"<p>Santo Domingo, R. D., 10 de octubre.- Ayer lleg\u00f3 a nuestra naci\u00f3n la Dra. Jill Biden, esposa del vicepresidente estadounidense, Joe Biden. Llega en un excelente momento en nuestro pa\u00eds, con grandes avances en Revoluci\u00f3n Educativa y protecci\u00f3n en Salud. Maestra de profesi\u00f3n, en su visita tratar\u00e1 temas sobre la mujer, educativos y sanitarios con [&hellip;]<\/p>\n","protected":false},"author":3,"featured_media":0,"comment_status":"open","ping_status":"open","sticky":false,"template":"","format":"standard","meta":{"footnotes":""},"categories":[20],"tags":[],"class_list":["post-217366","post","type-post","status-publish","format-standard","hentry","category-dominicana-hoy"],"_links":{"self":[{"href":"https:\/\/diariodominicano.com\/index.php?rest_route=\/wp\/v2\/posts\/217366","targetHints":{"allow":["GET"]}}],"collection":[{"href":"https:\/\/diariodominicano.com\/index.php?rest_route=\/wp\/v2\/posts"}],"about":[{"href":"https:\/\/diariodominicano.com\/index.php?rest_route=\/wp\/v2\/types\/post"}],"author":[{"embeddable":true,"href":"https:\/\/diariodominicano.com\/index.php?rest_route=\/wp\/v2\/users\/3"}],"replies":[{"embeddable":true,"href":"https:\/\/diariodominicano.com\/index.php?rest_route=%2Fwp%2Fv2%2Fcomments&post=217366"}],"version-history":[{"count":0,"href":"https:\/\/diariodominicano.com\/index.php?rest_route=\/wp\/v2\/posts\/217366\/revisions"}],"wp:attachment":[{"href":"https:\/\/diariodominicano.com\/index.php?rest_route=%2Fwp%2Fv2%2Fmedia&parent=217366"}],"wp:term":[{"taxonomy":"category","embeddable":true,"href":"https:\/\/diariodominicano.com\/index.php?rest_route=%2Fwp%2Fv2%2Fcategories&post=217366"},{"taxonomy":"post_tag","embeddable":true,"href":"https:\/\/diariodominicano.com\/index.php?rest_route=%2Fwp%2Fv2%2Ftags&post=217366"}],"curies":[{"name":"wp","href":"https:\/\/api.w.org\/{rel}","templated":true}]}}