{"id":217365,"date":"2016-10-10T16:55:48","date_gmt":"2016-10-10T16:55:48","guid":{"rendered":"http:\/\/diariodominicano.ddns.net\/?p=217365"},"modified":"2016-10-10T16:55:48","modified_gmt":"2016-10-10T16:55:48","slug":"ministro-verges-propone-al-canciller-miguel-vargas-potenciar-la-promocion-de-la-cultura-dominicana-en-el-exterior","status":"publish","type":"post","link":"https:\/\/diariodominicano.com\/?p=217365","title":{"rendered":"&#13;Ministro Verg\u00e9s propone al canciller Miguel Vargas potenciar la promoci\u00f3n de la cultura dominicana en el exterior"},"content":{"rendered":"<p><body><\/p>\n<\/p>\n<p>Santo Domingo, 10 de octubre,.- El ministro de Cultura, Pedro Verg\u00e9s, realiz\u00f3 una visita de cortes\u00eda este lunes al ministro de Relaciones Exteriores, Miguel Vargas Maldonado, encuentro en el que exploraron la posibilidad de potenciar la promoci\u00f3n de  la cultura dominicana, a trav\u00e9s de las embajadas y consulados de Rep\u00fablica Dominicana.<\/p>\n<\/p>\n<p>Verg\u00e9s expres\u00f3 a Vargas Maldonado el inter\u00e9s de apoyar desde su gesti\u00f3n en el Ministerio de Cultura la pol\u00edtica exterior del pa\u00eds. <\/p>\n<\/p>\n<p>El canciller Vargas Maldonado manifest\u00f3 su agrado por la iniciativa planteada y se mostr\u00f3 dispuesto a apoyarla.<\/p>\n<h6> 2016-10-10 16:55:48 <\/h6>\n<p><!--\n<link rel=\"stylesheet\" href=\"css\/bootstrap.min.css\">\n\n\n<ul class=\"pagination\">\n\t    \n\t\n\n<li >\n\t<a href='?page_no=11894'>Previous<\/a>\n\t<\/li>\n\n\n       \n    \n\n<li><a href='?page_no=1'>1<\/a><\/li>\n\n\n\n<li><a href='?page_no=2'>2<\/a><\/li>\n\n\n\n<li><a>...<\/a><\/li>\n\n\n\n<li><a href='?page_no=11893'>11893<\/a><\/li>\n\n\n\n<li><a href='?page_no=11894'>11894<\/a><\/li>\n\n\n\n<li class='active'><a>11895<\/a><\/li>\n\n\n\n<li><a href='?page_no=11896'>11896<\/a><\/li>\n\n\n\n<li><a href='?page_no=11897'>11897<\/a><\/li>\n\n\n\n<li><a>...<\/a><\/li>\n\n\n\n<li><a href='?page_no=56169'>56169<\/a><\/li>\n\n\n\n<li><a href='?page_no=56170'>56170<\/a><\/li>\n\n    \n\t\n\n<li >\n\t<a href='?page_no=11896'>Next<\/a>\n\t<\/li>\n\n\n    \n\n<li><a href='?page_no=56170'>Last &rsaquo;&rsaquo;<\/a><\/li>\n\n<\/ul>\n\n\n--><br \/>\n<\/body><\/p>\n","protected":false},"excerpt":{"rendered":"<p>Santo Domingo, 10 de octubre,.- El ministro de Cultura, Pedro Verg\u00e9s, realiz\u00f3 una visita de cortes\u00eda este lunes al ministro de Relaciones Exteriores, Miguel Vargas Maldonado, encuentro en el que exploraron la posibilidad de potenciar la promoci\u00f3n de la cultura dominicana, a trav\u00e9s de las embajadas y consulados de Rep\u00fablica Dominicana. Verg\u00e9s expres\u00f3 a Vargas [&hellip;]<\/p>\n","protected":false},"author":3,"featured_media":0,"comment_status":"open","ping_status":"open","sticky":false,"template":"","format":"standard","meta":{"footnotes":""},"categories":[20],"tags":[],"class_list":["post-217365","post","type-post","status-publish","format-standard","hentry","category-dominicana-hoy"],"_links":{"self":[{"href":"https:\/\/diariodominicano.com\/index.php?rest_route=\/wp\/v2\/posts\/217365","targetHints":{"allow":["GET"]}}],"collection":[{"href":"https:\/\/diariodominicano.com\/index.php?rest_route=\/wp\/v2\/posts"}],"about":[{"href":"https:\/\/diariodominicano.com\/index.php?rest_route=\/wp\/v2\/types\/post"}],"author":[{"embeddable":true,"href":"https:\/\/diariodominicano.com\/index.php?rest_route=\/wp\/v2\/users\/3"}],"replies":[{"embeddable":true,"href":"https:\/\/diariodominicano.com\/index.php?rest_route=%2Fwp%2Fv2%2Fcomments&post=217365"}],"version-history":[{"count":0,"href":"https:\/\/diariodominicano.com\/index.php?rest_route=\/wp\/v2\/posts\/217365\/revisions"}],"wp:attachment":[{"href":"https:\/\/diariodominicano.com\/index.php?rest_route=%2Fwp%2Fv2%2Fmedia&parent=217365"}],"wp:term":[{"taxonomy":"category","embeddable":true,"href":"https:\/\/diariodominicano.com\/index.php?rest_route=%2Fwp%2Fv2%2Fcategories&post=217365"},{"taxonomy":"post_tag","embeddable":true,"href":"https:\/\/diariodominicano.com\/index.php?rest_route=%2Fwp%2Fv2%2Ftags&post=217365"}],"curies":[{"name":"wp","href":"https:\/\/api.w.org\/{rel}","templated":true}]}}