{"id":217364,"date":"2016-10-11T09:09:48","date_gmt":"2016-10-11T09:09:48","guid":{"rendered":"http:\/\/diariodominicano.ddns.net\/?p=217364"},"modified":"2016-10-11T09:09:48","modified_gmt":"2016-10-11T09:09:48","slug":"pepe-mujica-no-se-como-hacen-con-impuestos-tan-bajos","status":"publish","type":"post","link":"https:\/\/diariodominicano.com\/?p=217364","title":{"rendered":"Pepe Mujica: No s\u00e9 c\u00f3mo hacen con impuestos tan bajos"},"content":{"rendered":"<p><body><\/p>\n<p><img decoding=\"async\" src=\"img3\/MujicayDanilo11-10.jpg\" \/>  <\/p>\n<p><span class=\"text1noticias\">Santo Domingo, R. D., 11 de octubre.- El expresidente y senador uruguayo, Jos\u00e9 Mujica (Pepe), dijo estar impresionado por la Rep\u00fablica Dominicana. Ponder\u00f3 de manera positiva el modo en que Danilo Medina gobierna con tan bajos impuestos.<\/span><\/p>\n<p><span class=\"text1noticias\"> <\/span><\/p>\n<p><span class=\"text1noticias\">\u00abTodos los pa\u00edses de Centroam\u00e9rica tienen una baj\u00edsima presi\u00f3n impositiva. No s\u00e9 c\u00f3mo hacen para vivir con impuestos tan bajos.\u00bb<\/span><\/p>\n<p><span class=\"text1noticias\"> <\/span><\/p>\n<p><span class=\"text1noticias\">Esta afirmaci\u00f3n la hizo al salir del despacho del presidente Danilo Medina, a quien realiz\u00f3 una visita de cortes\u00eda, \u00e9ste lunes.<\/span><\/p>\n<p><span class=\"text1noticias\"> <\/span><\/p>\n<p><span class=\"text1noticias\">Sobre 4% a la Educaci\u00f3n: \u00ab\u00a1Con esas recaudaciones, bravo!\u00bb<\/span><\/p>\n<p><span class=\"text1noticias\"> <\/span><\/p>\n<p><span class=\"text1noticias\">A seguidas, expres\u00f3: \u00abSiempre nos impresiona el sistema escandinavo\u00bb. Mencion\u00f3 los casos de Suecia, Noruega, Dinamarca y Finlandia.\u00bb\u00a1Con esas recaudaciones, bravo!\u00bb, dijo sobre la asignaci\u00f3n del 4% del Producto Interno Bruto a la Educaci\u00f3n.<\/span><\/p>\n<p><span class=\"text1noticias\"> <\/span><\/p>\n<p><span class=\"text1noticias\">Estos pa\u00edses andan rondando el 50% de tributaci\u00f3n. \u00abAlt\u00edsimo y vuelve a la sociedad transformado en bienes sociales que atemperan las diferencias que hay.\u00bb<\/span><\/p>\n<p><span class=\"text1noticias\"> <\/span><\/p>\n<p><span class=\"text1noticias\">Dijo adem\u00e1s que: \u00abCentroam\u00e9rica tienen un sistema impositivo tan bajo sobre todo que la gente rica no paga. Paga muy poco.\u00bb<\/span><\/p>\n<p><span class=\"text1noticias\"> <\/span><\/p>\n<p><span class=\"text1noticias\">Manifest\u00f3 que estos \u00absiempre encuentran la manera de escapar. Es dif\u00edcil que el Estado pueda hacer frente a los gastos de ense\u00f1anza, multiplicaci\u00f3n de la salud y todo lo dem\u00e1s\u00bb.<\/span><\/p>\n<p><span class=\"text1noticias\"> <\/span><\/p>\n<p><span class=\"text1noticias\">\u00abLos presidentes y los gobiernos no son magos\u00bb<\/span><\/p>\n<p><span class=\"text1noticias\"> <\/span><\/p>\n<p><span class=\"text1noticias\">\u00abLos presidentes y los gobiernos no son magos. Distribuyen la riqueza hasta donde pueden. As\u00ed que me lo encuentro milagroso, el gobierno de Rep\u00fablica Dominicana.\u00bb<\/span><\/p>\n<p><span class=\"text1noticias\"> <\/span><\/p>\n<p><span class=\"text1noticias\">El expresidente y actual senador uruguayo lleg\u00f3 al Palacio Nacional a las 12:15 del mediod\u00eda. Fue recibido por el ministro administrativo de la Presidencia, Jos\u00e9 Ram\u00f3n Peralta. Lo condujo hacia el despacho del presidente Danilo Medina, donde tuvo lugar el encuentro.<\/span><\/p>\n<p><span class=\"text1noticias\"> <\/span><\/p>\n<p><span class=\"text1noticias\">El expresidente Mujica y el presidente Danilo Medina conversaron por m\u00e1s de una hora. En un ambiente de cordialidad, intercambiaron sobre diversos temas de inter\u00e9s com\u00fan para ambas naciones.<\/span><\/p>\n<p><span class=\"text1noticias\"> <\/span><\/p>\n<p><span class=\"text1noticias\">Adem\u00e1s del ministro Peralta, en el encuentro tambi\u00e9n particip\u00f3 el ministro de la Presidencia, Gustavo Montalvo.<\/span><\/p>\n<p><span class=\"text1noticias\"> <\/span><\/p>\n<p><span class=\"text1noticias\">Igualmente, la esposa de Pepe Mujica y senadora del Uruguay, Luc\u00eda Topolansky. Tambi\u00e9n el embajador de esa naci\u00f3n en la Rep\u00fablica Dominicana, Ra\u00fal Pollack, y el rector de la UASD, Iv\u00e1n Grull\u00f3n.<\/span><\/p>\n<h6> 2016-10-11 09:09:48 <\/h6>\n<p><!--\n<link rel=\"stylesheet\" href=\"css\/bootstrap.min.css\">\n\n\n<ul class=\"pagination\">\n\t    \n\t\n\n<li >\n\t<a href='?page_no=11893'>Previous<\/a>\n\t<\/li>\n\n\n       \n    \n\n<li><a href='?page_no=1'>1<\/a><\/li>\n\n\n\n<li><a href='?page_no=2'>2<\/a><\/li>\n\n\n\n<li><a>...<\/a><\/li>\n\n\n\n<li><a href='?page_no=11892'>11892<\/a><\/li>\n\n\n\n<li><a href='?page_no=11893'>11893<\/a><\/li>\n\n\n\n<li class='active'><a>11894<\/a><\/li>\n\n\n\n<li><a href='?page_no=11895'>11895<\/a><\/li>\n\n\n\n<li><a href='?page_no=11896'>11896<\/a><\/li>\n\n\n\n<li><a>...<\/a><\/li>\n\n\n\n<li><a href='?page_no=56169'>56169<\/a><\/li>\n\n\n\n<li><a href='?page_no=56170'>56170<\/a><\/li>\n\n    \n\t\n\n<li >\n\t<a href='?page_no=11895'>Next<\/a>\n\t<\/li>\n\n\n    \n\n<li><a href='?page_no=56170'>Last &rsaquo;&rsaquo;<\/a><\/li>\n\n<\/ul>\n\n\n--><br \/>\n<\/body><\/p>\n","protected":false},"excerpt":{"rendered":"<p>Santo Domingo, R. D., 11 de octubre.- El expresidente y senador uruguayo, Jos\u00e9 Mujica (Pepe), dijo estar impresionado por la Rep\u00fablica Dominicana. Ponder\u00f3 de manera positiva el modo en que Danilo Medina gobierna con tan bajos impuestos. \u00abTodos los pa\u00edses de Centroam\u00e9rica tienen una baj\u00edsima presi\u00f3n impositiva. No s\u00e9 c\u00f3mo hacen para vivir con impuestos [&hellip;]<\/p>\n","protected":false},"author":3,"featured_media":0,"comment_status":"open","ping_status":"open","sticky":false,"template":"","format":"standard","meta":{"footnotes":""},"categories":[20],"tags":[],"class_list":["post-217364","post","type-post","status-publish","format-standard","hentry","category-dominicana-hoy"],"_links":{"self":[{"href":"https:\/\/diariodominicano.com\/index.php?rest_route=\/wp\/v2\/posts\/217364","targetHints":{"allow":["GET"]}}],"collection":[{"href":"https:\/\/diariodominicano.com\/index.php?rest_route=\/wp\/v2\/posts"}],"about":[{"href":"https:\/\/diariodominicano.com\/index.php?rest_route=\/wp\/v2\/types\/post"}],"author":[{"embeddable":true,"href":"https:\/\/diariodominicano.com\/index.php?rest_route=\/wp\/v2\/users\/3"}],"replies":[{"embeddable":true,"href":"https:\/\/diariodominicano.com\/index.php?rest_route=%2Fwp%2Fv2%2Fcomments&post=217364"}],"version-history":[{"count":0,"href":"https:\/\/diariodominicano.com\/index.php?rest_route=\/wp\/v2\/posts\/217364\/revisions"}],"wp:attachment":[{"href":"https:\/\/diariodominicano.com\/index.php?rest_route=%2Fwp%2Fv2%2Fmedia&parent=217364"}],"wp:term":[{"taxonomy":"category","embeddable":true,"href":"https:\/\/diariodominicano.com\/index.php?rest_route=%2Fwp%2Fv2%2Fcategories&post=217364"},{"taxonomy":"post_tag","embeddable":true,"href":"https:\/\/diariodominicano.com\/index.php?rest_route=%2Fwp%2Fv2%2Ftags&post=217364"}],"curies":[{"name":"wp","href":"https:\/\/api.w.org\/{rel}","templated":true}]}}