{"id":217363,"date":"2016-10-11T09:22:45","date_gmt":"2016-10-11T09:22:45","guid":{"rendered":"http:\/\/diariodominicano.ddns.net\/?p=217363"},"modified":"2016-10-11T09:22:45","modified_gmt":"2016-10-11T09:22:45","slug":"presidente-dominicano-dispone-contundente-ayuda-a-haiti","status":"publish","type":"post","link":"https:\/\/diariodominicano.com\/?p=217363","title":{"rendered":"Presidente dominicano dispone contundente ayuda a Hait\u00ed"},"content":{"rendered":"<p><body><\/p>\n<p><img decoding=\"async\" src=\"img3\/Peralta11-10.jpg\" \/>  <\/p>\n<p><span class=\"text1noticias\">Santo Domingo, R. D., 11 de octubre.- El presidente Danilo Medina dispuso una ayuda contundente para el hermano pa\u00eds de Hait\u00ed. Para tales fines se reuni\u00f3 con un grupo de ministros y de directores generales del Gobierno.<\/span><\/p>\n<p><span class=\"text1noticias\"> <\/span><\/p>\n<p><span class=\"text1noticias\">La informaci\u00f3n fue ofrecida por el ministro administrativo de la Presidencia, Jos\u00e9 Ram\u00f3n Peralta, desde el sal\u00f3n Orlando Mart\u00ednez del Palacio Nacional.<\/span><\/p>\n<p><span class=\"text1noticias\"> <\/span><\/p>\n<p><span class=\"text1noticias\">Ayuda llega a Jiman\u00ed este martes<\/span><\/p>\n<p><span class=\"text1noticias\"> <\/span><\/p>\n<p><span class=\"text1noticias\">Esta ayuda llegar\u00e1 a Jiman\u00ed este martes en la noche y el mi\u00e9rcoles en la ma\u00f1ana ser\u00e1 transportada a Hait\u00ed. Rep\u00fablica Dominicana har\u00e1 llegar esta ayuda por v\u00eda terrestre y mar\u00edtima.<\/span><\/p>\n<p><span class=\"text1noticias\"> <\/span><\/p>\n<p><span class=\"text1noticias\">A trav\u00e9s de la v\u00eda terrestre llegar\u00e1n alimentos, colchones, mosquiteros, planchas de zinc, medicamentos. Por mar, desde Pedernales, alimentos cocidos. Las comunidades afectadas no tienen posibilidad de preparar alimentos.<\/span><\/p>\n<p><span class=\"text1noticias\"> <\/span><\/p>\n<p><span class=\"text1noticias\">Apoyo a 1 mill\u00f3n 500 mil damnificados<\/span><\/p>\n<p><span class=\"text1noticias\"> <\/span><\/p>\n<p><span class=\"text1noticias\">JRPeralta expres\u00f3 adem\u00e1s que en la zona impactada de Hait\u00ed viven m\u00e1s de 1 mill\u00f3n 500 mil personas.<\/span><\/p>\n<p><span class=\"text1noticias\"> <\/span><\/p>\n<p><span class=\"text1noticias\">\u00abEs la zona m\u00e1s verde que tiene ese pa\u00eds. Toda la zona boscosa ha sido destruida\u00bb, dijo.<\/span><\/p>\n<p><span class=\"text1noticias\"> <\/span><\/p>\n<p><span class=\"text1noticias\">Las casas fueron impactadas entre un 80 y un 90 por ciento. La insalubridad es notoria y la hambruna comienza a sentirse.<\/span><\/p>\n<p><span class=\"text1noticias\"> <\/span><\/p>\n<p><span class=\"text1noticias\">Hait\u00ed necesita de la mano solidaria y RD se la extiende<\/span><\/p>\n<p><span class=\"text1noticias\"> <\/span><\/p>\n<p><span class=\"text1noticias\">\u00abY Hait\u00ed necesita de la ayuda y de la mano solidaria de todo el mundo. De la comunidad internacional. Y como ha sido la costumbre de nuestro pa\u00eds, necesita de nuestra mano en estos momentos\u00bb.<\/span><\/p>\n<p><span class=\"text1noticias\"> <\/span><\/p>\n<p><span class=\"text1noticias\">Ayudar a Hait\u00ed es ayudar a los dominicanos<\/span><\/p>\n<p><span class=\"text1noticias\"> <\/span><\/p>\n<p><span class=\"text1noticias\">JRPeralta afirm\u00f3 que ayudar a Hait\u00ed es proteger al pueblo dominicano. Esto por los riesgos de brotes del c\u00f3lera, la malaria, entre otras afecciones.<\/span><\/p>\n<p><span class=\"text1noticias\"> <\/span><\/p>\n<p><span class=\"text1noticias\">\u00abY corresponde a nuestro pa\u00eds, como naci\u00f3n solidaria darle la mano. Por eso el Presidente fue ayer a conocer sus necesidades\u00bb.<\/span><\/p>\n<p><span class=\"text1noticias\"> <\/span><\/p>\n<p><span class=\"text1noticias\">De igual forma, a determinar c\u00f3mo pod\u00edamos ayudar a ese hermano pa\u00eds.<\/span><\/p>\n<p><span class=\"text1noticias\"> <\/span><\/p>\n<p><span class=\"text1noticias\">Peralta agreg\u00f3 que esta ayuda solidaria ser\u00e1 en alimentos. Sobre todo procesado y crudo.<\/span><\/p>\n<p><span class=\"text1noticias\"> <\/span><\/p>\n<p><span class=\"text1noticias\">\u00abEn esa zona se ha perdido todo. No hay estufas, no hay gas, no hay de nada con qu\u00e9 cocinar los alimentos\u00bb.<\/span><\/p>\n<p><span class=\"text1noticias\"> <\/span><\/p>\n<p><span class=\"text1noticias\">Potabilizaci\u00f3n del agua, medicamentos, vacunas<\/span><\/p>\n<p><span class=\"text1noticias\"> <\/span><\/p>\n<p><span class=\"text1noticias\">Dijo que se ayudar\u00e1 con la potabilizaci\u00f3n del agua. Estamos diligenciando y coordinando para la habilitaci\u00f3n de varias plantas peque\u00f1as.<\/span><\/p>\n<p><span class=\"text1noticias\"> <\/span><\/p>\n<p><span class=\"text1noticias\">\u00abNo hay manera de potabilizar el agua en la parte afectada de Hait\u00ed. Se est\u00e1 enviando medicamentos\u00bb, puntualiz\u00f3.<\/span><\/p>\n<p><span class=\"text1noticias\"> <\/span><\/p>\n<p><span class=\"text1noticias\">Indic\u00f3 que en el d\u00eda de hoy ha salido una cantidad importante de vacunas antirr\u00e1bicas. Fueron pedidas de urgencia. <\/span><\/p>\n<p><span class=\"text1noticias\"> <\/span><\/p>\n<p><span class=\"text1noticias\">Se restablecer\u00e1 comunicaci\u00f3n vial y electricidad<\/span><\/p>\n<p><span class=\"text1noticias\"> <\/span><\/p>\n<p><span class=\"text1noticias\">Destac\u00f3 que el Ministerio de Obras P\u00fablicas y Desarrollo Fronterizo han enviado una cantidad importante de camiones. Trabajar\u00e1n en el restablecimiento de la vialidad.<\/span><\/p>\n<p><span class=\"text1noticias\"> <\/span><\/p>\n<p><span class=\"text1noticias\">Asimismo, en el restablecimiento de la electricidad.<\/span><\/p>\n<p><span class=\"text1noticias\"> <\/span><\/p>\n<p><span class=\"text1noticias\">Hay una gran cantidad de carreteras sin acceso. Con puentes afectados y hay lugares donde las autoridades haitianas no han podido ingresar.<\/span><\/p>\n<p><span class=\"text1noticias\"> <\/span><\/p>\n<p><span class=\"text1noticias\">La parte afectada, por carretera est\u00e1 a m\u00e1s de 350 kil\u00f3metros de Puerto Pr\u00edncipe.<\/span><\/p>\n<p><span class=\"text1noticias\"> <\/span><\/p>\n<p><span class=\"text1noticias\">Reiter\u00f3 que los productos de la ayuda estar\u00e1n ma\u00f1ana en la noche en Jiman\u00ed. De manera que el mi\u00e9rcoles a primera hora estar\u00e1n llegando a Puerto Pr\u00edncipe.<\/span><\/p>\n<p><span class=\"text1noticias\"> <\/span><\/p>\n<p><span class=\"text1noticias\">JR Peralta dijo que se har\u00e1 un trabajo solidario sin descuidar los controles de la frontera. Habr\u00e1 un trabajo \u00e1gil para despachar la ayuda, guardando el cuidado necesario de los controles.<\/span><\/p>\n<p><span class=\"text1noticias\"> <\/span><\/p>\n<p><span class=\"text1noticias\">La ayuda a Hait\u00ed es contundente<\/span><\/p>\n<p><span class=\"text1noticias\"> <\/span><\/p>\n<p><span class=\"text1noticias\">\u00abEs decir, la ayuda de Rep\u00fablica Dominicana al hermano pueblo de Hait\u00ed es contundente. Llega en un momento en que la tragedia vuelve a azotar a esa naci\u00f3n hermana\u00bb, apostill\u00f3 Peralta.<\/span><\/p>\n<p><span class=\"text1noticias\"> <\/span><\/p>\n<p><span class=\"text1noticias\"> El ministro administrativo de la Presidencia reiter\u00f3 el llamado a la comunidad internacional. De igual modo, solidaridad de todos los dominicanos que puedan aportar.<\/span><\/p>\n<p><span class=\"text1noticias\"> <\/span><\/p>\n<p><span class=\"text1noticias\"> Ya algunos empresarios criollos han comenzado a enviar ayuda en contenedores hacia Hait\u00ed.<\/span><\/p>\n<p><span class=\"text1noticias\"> <\/span><\/p>\n<p><span class=\"text1noticias\">\u00abEl Gobierno est\u00e1 haciendo lo que puede en la medida de sus posibilidades. Esto para ayudar a los damnificados, que son una cantidad apreciable\u00bb.<\/span><\/p>\n<p><span class=\"text1noticias\"> <\/span><\/p>\n<p><span class=\"text1noticias\"> El hurac\u00e1n Matthew caus\u00f3 enorme destrucci\u00f3n en Hait\u00ed, con una alta cifra de muertos y comunidades incomunicadas.<\/span><\/p>\n<p><span class=\"text1noticias\"> <\/span><\/p>\n<p><span class=\"text1noticias\"> El pasado domingo, luego de ir a Sabaneta, el presidente Danilo Medina visit\u00f3 Hait\u00ed.<\/span><\/p>\n<p><span class=\"text1noticias\"> <\/span><\/p>\n<p><span class=\"text1noticias\"> All\u00ed estrech\u00f3 las manos al presidente de esa naci\u00f3n, Jocelerme Privert y prometi\u00f3 la solidaridad de los dominicanos.<\/span><\/p>\n<p><span class=\"text1noticias\"> <\/span><\/p>\n<p><span class=\"text1noticias\">En la reuni\u00f3n con el Presidente estuvieron los ministros de la Presidencia, Gustavo Montalvo, de Agricultura \u00c1ngel Est\u00e9vez. De Salud P\u00fablica, Altagracia Guzm\u00e1n Marcelino.<\/span><\/p>\n<p><span class=\"text1noticias\"> <\/span><\/p>\n<p><span class=\"text1noticias\">Asimismo Gonzalo Castillo, de Obras P\u00fablicas y Tem\u00edstocles Mont\u00e1s de Industria y Comercio. Tambi\u00e9n el teniente general Rub\u00e9n Dar\u00edo Paulino Sem, ministro de Defensa.<\/span><\/p>\n<p><span class=\"text1noticias\"> <\/span><\/p>\n<p><span class=\"text1noticias\">El canciller, Miguel Vargas Maldonado y el general Juan Manuel M\u00e9ndez del Centro de Operaciones de Emergencias.<\/span><\/p>\n<p><span class=\"text1noticias\"> <\/span><\/p>\n<p><span class=\"text1noticias\">De igual manera, Rub\u00e9n Jim\u00e9nez Bichara, vicepresidente de la Corporaci\u00f3n Dominicana de Empresas El\u00e9ctricas Estatales. Al igual que Enrique Ram\u00edrez Paniagua, director de Aduanas.<\/span><\/p>\n<p><span class=\"text1noticias\"> <\/span><\/p>\n<p><span class=\"text1noticias\">Del mismo modo, Leonel Senior viceministro administrativo de la Presidencia y Nicol\u00e1s Calder\u00f3n administrador de los Comedores Econ\u00f3micos.<\/span><\/p>\n<p><span class=\"text1noticias\"> <\/span><\/p>\n<p><span class=\"text1noticias\">Igualmente Iris Guaba y Mayobanex Escoto, directores del Plan Social de la Presidencia y del INVI. Tambi\u00e9n el director de PROMESE, Antonio Pe\u00f1a Mirabal.<\/span><\/p>\n<p><span class=\"text1noticias\"> <\/span><\/p>\n<p><span class=\"text1noticias\">Adem\u00e1s, el portavoz del Gobierno y director general de Comunicaci\u00f3n<\/span>, Roberto Rodr\u00edguez Marchena, entre otros.<\/p>\n<h6> 2016-10-11 09:22:45 <\/h6>\n<p><!--\n<link rel=\"stylesheet\" href=\"css\/bootstrap.min.css\">\n\n\n<ul class=\"pagination\">\n\t    \n\t\n\n<li >\n\t<a href='?page_no=11892'>Previous<\/a>\n\t<\/li>\n\n\n       \n    \n\n<li><a href='?page_no=1'>1<\/a><\/li>\n\n\n\n<li><a href='?page_no=2'>2<\/a><\/li>\n\n\n\n<li><a>...<\/a><\/li>\n\n\n\n<li><a href='?page_no=11891'>11891<\/a><\/li>\n\n\n\n<li><a href='?page_no=11892'>11892<\/a><\/li>\n\n\n\n<li class='active'><a>11893<\/a><\/li>\n\n\n\n<li><a href='?page_no=11894'>11894<\/a><\/li>\n\n\n\n<li><a href='?page_no=11895'>11895<\/a><\/li>\n\n\n\n<li><a>...<\/a><\/li>\n\n\n\n<li><a href='?page_no=56169'>56169<\/a><\/li>\n\n\n\n<li><a href='?page_no=56170'>56170<\/a><\/li>\n\n    \n\t\n\n<li >\n\t<a href='?page_no=11894'>Next<\/a>\n\t<\/li>\n\n\n    \n\n<li><a href='?page_no=56170'>Last &rsaquo;&rsaquo;<\/a><\/li>\n\n<\/ul>\n\n\n--><br \/>\n<\/body><\/p>\n","protected":false},"excerpt":{"rendered":"<p>Santo Domingo, R. D., 11 de octubre.- El presidente Danilo Medina dispuso una ayuda contundente para el hermano pa\u00eds de Hait\u00ed. Para tales fines se reuni\u00f3 con un grupo de ministros y de directores generales del Gobierno. La informaci\u00f3n fue ofrecida por el ministro administrativo de la Presidencia, Jos\u00e9 Ram\u00f3n Peralta, desde el sal\u00f3n Orlando [&hellip;]<\/p>\n","protected":false},"author":3,"featured_media":0,"comment_status":"open","ping_status":"open","sticky":false,"template":"","format":"standard","meta":{"footnotes":""},"categories":[20],"tags":[],"class_list":["post-217363","post","type-post","status-publish","format-standard","hentry","category-dominicana-hoy"],"_links":{"self":[{"href":"https:\/\/diariodominicano.com\/index.php?rest_route=\/wp\/v2\/posts\/217363","targetHints":{"allow":["GET"]}}],"collection":[{"href":"https:\/\/diariodominicano.com\/index.php?rest_route=\/wp\/v2\/posts"}],"about":[{"href":"https:\/\/diariodominicano.com\/index.php?rest_route=\/wp\/v2\/types\/post"}],"author":[{"embeddable":true,"href":"https:\/\/diariodominicano.com\/index.php?rest_route=\/wp\/v2\/users\/3"}],"replies":[{"embeddable":true,"href":"https:\/\/diariodominicano.com\/index.php?rest_route=%2Fwp%2Fv2%2Fcomments&post=217363"}],"version-history":[{"count":0,"href":"https:\/\/diariodominicano.com\/index.php?rest_route=\/wp\/v2\/posts\/217363\/revisions"}],"wp:attachment":[{"href":"https:\/\/diariodominicano.com\/index.php?rest_route=%2Fwp%2Fv2%2Fmedia&parent=217363"}],"wp:term":[{"taxonomy":"category","embeddable":true,"href":"https:\/\/diariodominicano.com\/index.php?rest_route=%2Fwp%2Fv2%2Fcategories&post=217363"},{"taxonomy":"post_tag","embeddable":true,"href":"https:\/\/diariodominicano.com\/index.php?rest_route=%2Fwp%2Fv2%2Ftags&post=217363"}],"curies":[{"name":"wp","href":"https:\/\/api.w.org\/{rel}","templated":true}]}}