{"id":217360,"date":"2016-10-11T11:05:45","date_gmt":"2016-10-11T11:05:45","guid":{"rendered":"http:\/\/diariodominicano.ddns.net\/?p=217360"},"modified":"2016-10-11T11:05:45","modified_gmt":"2016-10-11T11:05:45","slug":"camara-holandesa-presenta-nuevo-embajador-en-rd","status":"publish","type":"post","link":"https:\/\/diariodominicano.com\/?p=217360","title":{"rendered":"C\u00e1mara Holandesa presenta nuevo Embajador en RD"},"content":{"rendered":"<p><body><\/p>\n<p><img decoding=\"async\" src=\"img3\/Roberlews.jpg\" \/>  <\/p>\n<p><span class=\"text1noticias\">Santo Domingo, R. D., 11 de octubre.- La C\u00e1mara Holandesa de Comercio de Rep\u00fablica Dominicana presento a la comunidad de negocios al nuevo Embajador del Reino de los Pa\u00edses Bajos en el pa\u00eds, Sr. Robert de Leeuw quien se comprometi\u00f3 a trabajar por una implementaci\u00f3n exitosa del reci\u00e9n firmado acuerdo de cooperaci\u00f3n entre la Republica Dominicana y el Reino de los Pa\u00edses Bajos.<\/span><\/p>\n<p><span class=\"text1noticias\"> <\/span><\/p>\n<p><span class=\"text1noticias\">El se\u00f1or de Leeuw tiene una distinguida carrera diplom\u00e1tica trabajando anteriormente en la sede de La Haya y en Chicago, Estados Unidos, Guangzhu, China y en Dubai.  Fue el director de la Reestructuraci\u00f3n del Ministerio de Relaciones Exteriores de los Pa\u00edses Bajos.<\/span><\/p>\n<p><span class=\"text1noticias\"> <\/span><\/p>\n<p><span class=\"text1noticias\">La presidenta de la C\u00e1mara Holandesa, Taiana Mora indic\u00f3 que \u00abcon el Embajador de Leeuw continuaremos una buena trayectoria de colaboraci\u00f3n estrecha entre la C\u00e1mara y la Embajada en favor del comercio, la inversi\u00f3n y la cooperaci\u00f3n. <\/span><\/p>\n<p><span class=\"text1noticias\"> <\/span><\/p>\n<p><span class=\"text1noticias\">Esto implica no solo aprovechar a Holanda como puerta de entrada al mercado europeo, sino tambi\u00e9n el Caribe holand\u00e9s que como mercado cercano y potencial lo tiene todo: alta demanda de productos, cercan\u00eda cultural, transporte a\u00e9reo diario y transporte mar\u00edtimo directo.<\/span><\/p>\n<p><span class=\"text1noticias\"> <\/span><\/p>\n<p><span class=\"text1noticias\">El Embajador de Leeuw agradeci\u00f3 a la C\u00e1mara la oportunidad de conocer y conectar con la comunidad empresarial dominicana. <\/span><\/p>\n<p><span class=\"text1noticias\"> <\/span><\/p>\n<p><span class=\"text1noticias\">Se\u00f1al\u00f3 que el sector privado es un pilar esencial para que se aproveche el Acuerdo de Cooperaci\u00f3n firmado recientemente entre los pa\u00edses del Reino de los Pa\u00edses Bajos y la Rep\u00fablica Dominicana y que espera aplicar toda la experiencia y los instrumentos de cooperaci\u00f3n, comercio, inversi\u00f3n e innovaci\u00f3n holandeses para apoyar el desarrollo de la Rep\u00fablica Dominicana.<\/span><\/p>\n<p><span class=\"text1noticias\"> <\/span><\/p>\n<p><span class=\"text1noticias\"> El Reino de los Pa\u00edses Bajos consiste de 4 pa\u00edses: Pa\u00edses Bajos u Holanda, Curacao, Aruba y St. Martin y las islas de Bonaire, Saba y St. Eustaquio.<\/span><\/p>\n<p><span class=\"text1noticias\"> <\/span><\/p>\n<p><span class=\"text1noticias\">El c\u00f3ctel fue asistido por decenas de representantes de socios de la C\u00e1mara Holandesa, instituciones del sector privado, funcionarios del \u00e1rea econ\u00f3mica, entre otros.<\/span><\/p>\n<p><span class=\"text1noticias\"> <\/span><\/p>\n<p><span class=\"text1noticias\">La C\u00e1mara Holandesa aprovech\u00f3 para anunciar programas de aprovechamiento de mercado incluyendo una misi\u00f3n a Europa (en colaboraci\u00f3n con la Euroc\u00e1mara) del 7 al 9 de noviembre y un encuentro empresarial con compradores del Caribe holand\u00e9s a celebrarse a final de noviembre.<\/span><\/p>\n<\/p>\n<p><span class=\"text1noticias\">Para m\u00e1s info contactar a: info@camaraholandesard.org y tel 809 5<\/span>339598<\/p>\n<\/p>\n<h6> 2016-10-11 11:05:45 <\/h6>\n<p><!--\n<link rel=\"stylesheet\" href=\"css\/bootstrap.min.css\">\n\n\n<ul class=\"pagination\">\n\t    \n\t\n\n<li >\n\t<a href='?page_no=11889'>Previous<\/a>\n\t<\/li>\n\n\n       \n    \n\n<li><a href='?page_no=1'>1<\/a><\/li>\n\n\n\n<li><a href='?page_no=2'>2<\/a><\/li>\n\n\n\n<li><a>...<\/a><\/li>\n\n\n\n<li><a href='?page_no=11888'>11888<\/a><\/li>\n\n\n\n<li><a href='?page_no=11889'>11889<\/a><\/li>\n\n\n\n<li class='active'><a>11890<\/a><\/li>\n\n\n\n<li><a href='?page_no=11891'>11891<\/a><\/li>\n\n\n\n<li><a href='?page_no=11892'>11892<\/a><\/li>\n\n\n\n<li><a>...<\/a><\/li>\n\n\n\n<li><a href='?page_no=56169'>56169<\/a><\/li>\n\n\n\n<li><a href='?page_no=56170'>56170<\/a><\/li>\n\n    \n\t\n\n<li >\n\t<a href='?page_no=11891'>Next<\/a>\n\t<\/li>\n\n\n    \n\n<li><a href='?page_no=56170'>Last &rsaquo;&rsaquo;<\/a><\/li>\n\n<\/ul>\n\n\n--><br \/>\n<\/body><\/p>\n","protected":false},"excerpt":{"rendered":"<p>Santo Domingo, R. D., 11 de octubre.- La C\u00e1mara Holandesa de Comercio de Rep\u00fablica Dominicana presento a la comunidad de negocios al nuevo Embajador del Reino de los Pa\u00edses Bajos en el pa\u00eds, Sr. Robert de Leeuw quien se comprometi\u00f3 a trabajar por una implementaci\u00f3n exitosa del reci\u00e9n firmado acuerdo de cooperaci\u00f3n entre la Republica [&hellip;]<\/p>\n","protected":false},"author":3,"featured_media":0,"comment_status":"open","ping_status":"open","sticky":false,"template":"","format":"standard","meta":{"footnotes":""},"categories":[20],"tags":[],"class_list":["post-217360","post","type-post","status-publish","format-standard","hentry","category-dominicana-hoy"],"_links":{"self":[{"href":"https:\/\/diariodominicano.com\/index.php?rest_route=\/wp\/v2\/posts\/217360","targetHints":{"allow":["GET"]}}],"collection":[{"href":"https:\/\/diariodominicano.com\/index.php?rest_route=\/wp\/v2\/posts"}],"about":[{"href":"https:\/\/diariodominicano.com\/index.php?rest_route=\/wp\/v2\/types\/post"}],"author":[{"embeddable":true,"href":"https:\/\/diariodominicano.com\/index.php?rest_route=\/wp\/v2\/users\/3"}],"replies":[{"embeddable":true,"href":"https:\/\/diariodominicano.com\/index.php?rest_route=%2Fwp%2Fv2%2Fcomments&post=217360"}],"version-history":[{"count":0,"href":"https:\/\/diariodominicano.com\/index.php?rest_route=\/wp\/v2\/posts\/217360\/revisions"}],"wp:attachment":[{"href":"https:\/\/diariodominicano.com\/index.php?rest_route=%2Fwp%2Fv2%2Fmedia&parent=217360"}],"wp:term":[{"taxonomy":"category","embeddable":true,"href":"https:\/\/diariodominicano.com\/index.php?rest_route=%2Fwp%2Fv2%2Fcategories&post=217360"},{"taxonomy":"post_tag","embeddable":true,"href":"https:\/\/diariodominicano.com\/index.php?rest_route=%2Fwp%2Fv2%2Ftags&post=217360"}],"curies":[{"name":"wp","href":"https:\/\/api.w.org\/{rel}","templated":true}]}}