{"id":217358,"date":"2016-10-11T15:00:12","date_gmt":"2016-10-11T15:00:12","guid":{"rendered":"http:\/\/diariodominicano.ddns.net\/?p=217358"},"modified":"2016-10-11T15:00:12","modified_gmt":"2016-10-11T15:00:12","slug":"usaid-impacta-mas-de-100-mil-jovenes-en-prevencion-de-crimen-y-violencia","status":"publish","type":"post","link":"https:\/\/diariodominicano.com\/?p=217358","title":{"rendered":"USAID impacta m\u00e1s de 100 mil j\u00f3venes en prevenci\u00f3n de crimen y violencia"},"content":{"rendered":"<p><body><\/p>\n<p><img decoding=\"async\" src=\"img3\/patricia2.jpg\" \/><br \/><img decoding=\"async\" src=\"http:\/\/10.0.0.82:8080\/img3\/p%C3%83%C2%BAblicopatri.jpg\" \/>  <\/p>\n<p><strong> <\/strong><\/p>\n<p><strong> <\/strong><\/p>\n<p><strong>Santo Domingo, RD, 11 de octubre,-<\/strong> La Agencia de los Estados Unidos para el Desarrollo Internacional (USAID) present\u00f3 los resultados alcanzados al cuarto a\u00f1o de ejecuci\u00f3n de su programa para juventud en riesgo, Proyecto Alerta Joven. <\/p>\n<\/p>\n<p>A la fecha, la USAID, a trav\u00e9s de Alerta Joven, ha contribuido en apartar de la delincuencia a m\u00e1s de 100 mil j\u00f3venes dominicanos en situaci\u00f3n vulnerable en edades entre 11 y 24 a\u00f1os, bajo su componente de prevenci\u00f3n de crimen y violencia juvenil.<\/p>\n<p>Estos j\u00f3venes son residentes de 500 de las locaciones m\u00e1s peligrosas del pa\u00eds. Esta actividad cont\u00f3 con el respaldo de la Asociaci\u00f3n de J\u00f3venes Empresarios (ANJE).<\/p>\n<\/p>\n<p> Durante el evento Elisan\u00e9 Alemar, especialista de juventud de la USAID resalt\u00f3 que a trav\u00e9s de Alerta Joven se han retenido en el sistema escolar a m\u00e1s de 22,000 adolescentes y j\u00f3venes dominicanos, unos 3,396 han regresado a las aulas, 34,000 han sido capacitados en \u00e1reas t\u00e9cnicas y vocacionales y mediante a esto, 4,870 han conseguido un mejor o nuevo empleo.<\/p>\n<\/p>\n<p> Se\u00f1al\u00f3 que 60,484 han recibido atenci\u00f3n en salud sexual reproductiva, en tanto que a 1,971 se les ha brindado asistencia legal para lograr obtener sus documentos de identidad. <\/p>\n<\/p>\n<p>Al concluir sus palabras inst\u00f3 a las organizaciones de la sociedad civil, sector empresarial y al gobierno a sumar voluntades a fin de que Alerta Joven contin\u00fae operando una vez finalicen los aportes de la USAID. <\/p>\n<\/p>\n<p>En el marco del evento, ANJE tambi\u00e9n present\u00f3 un reciente estudio relativo al tema, en el cual demuestra como la delincuencia afecta al sector empresarial y productivo del pa\u00eds. <\/p>\n<\/p>\n<p>Saschia Seibel, directora ejecutiva del proyecto Alerta Joven, socializ\u00f3 con los presentes las intervenciones del proyecto, los hitos alcanzados, as\u00ed como el sistema de monitoreo y evaluaci\u00f3n que permite el seguimiento de los j\u00f3venes participantes de Alerta Joven. <\/p>\n<\/p>\n<p><strong>Seibel destac\u00f3 que el proyecto es una soluci\u00f3n pr\u00e1ctica y probada para mermar los \u00edndices de delincuencia en el pa\u00eds.<\/strong><\/p>\n<p>De su lado, el Ministerio P\u00fablico, en la persona de Elba N\u00fa\u00f1ez, comparti\u00f3 su testimonio sobre la eficacia de Alerta Joven y los programas que han ejecutado en conjunto, entre los que destaca el Modelo de Gesti\u00f3n del Joven en Conflicto con la Ley Penal. <\/p>\n<\/p>\n<p>El evento concluy\u00f3 con la participaci\u00f3n del joven Gabriel Mena quien detall\u00f3 su experiencia personal con el programa lo que le permiti\u00f3 abandonar las pandillas, observar notables cambios de crecimiento personal e integrarse a la sociedad como un ente productivo. <\/p>\n<p>M\u00e1s sobre el Proyecto Alerta Joven: Alerta Joven es un proyecto de la USAID, dirigido por la empresa Entrena SRL en coordinaci\u00f3n con 23 organizaciones socias. <\/p>\n<\/p>\n<p>El proyecto crea una red de seguridad multidisciplinaria que incluye Salud, Educaci\u00f3n, Inserci\u00f3n Laboral, Documentaci\u00f3n y la Prevenci\u00f3n de Delitos, para j\u00f3venes de 11 a 24 a\u00f1os que viven en situaciones vulnerables en la Rep\u00fablica Dominicana.<\/p>\n<\/p>\n<p> Funciona en Boca Chica, Distrito Nacional, Santo Domingo, Haina, Villa Altagracia, Bonao, San Francisco de Macor\u00eds, Santiago y Puerto Plata. <\/p>\n<p>Durante m\u00e1s de cinco d\u00e9cadas en el pa\u00eds, la USAID, en estrecha colaboraci\u00f3n con el pueblo y el gobierno dominicano, ha contribuido con el desarrollo sostenible y el fortalecimiento de instituciones dominicanas en los sectores de salud, econom\u00eda, gobernabilidad, justicia, sociedad civil y educaci\u00f3n.<\/p>\n<\/p>\n<p> A la fecha, la USAID ha invertido m\u00e1s de US$1,700 millones en la Rep\u00fablica Dominicana.<\/p>\n<h6> 2016-10-11 15:00:12 <\/h6>\n<p><!--\n<link rel=\"stylesheet\" href=\"css\/bootstrap.min.css\">\n\n\n<ul class=\"pagination\">\n\t    \n\t\n\n<li >\n\t<a href='?page_no=11888'>Previous<\/a>\n\t<\/li>\n\n\n       \n    \n\n<li><a href='?page_no=1'>1<\/a><\/li>\n\n\n\n<li><a href='?page_no=2'>2<\/a><\/li>\n\n\n\n<li><a>...<\/a><\/li>\n\n\n\n<li><a href='?page_no=11887'>11887<\/a><\/li>\n\n\n\n<li><a href='?page_no=11888'>11888<\/a><\/li>\n\n\n\n<li class='active'><a>11889<\/a><\/li>\n\n\n\n<li><a href='?page_no=11890'>11890<\/a><\/li>\n\n\n\n<li><a href='?page_no=11891'>11891<\/a><\/li>\n\n\n\n<li><a>...<\/a><\/li>\n\n\n\n<li><a href='?page_no=56169'>56169<\/a><\/li>\n\n\n\n<li><a href='?page_no=56170'>56170<\/a><\/li>\n\n    \n\t\n\n<li >\n\t<a href='?page_no=11890'>Next<\/a>\n\t<\/li>\n\n\n    \n\n<li><a href='?page_no=56170'>Last &rsaquo;&rsaquo;<\/a><\/li>\n\n<\/ul>\n\n\n--><br \/>\n<\/body><\/p>\n","protected":false},"excerpt":{"rendered":"<p>Santo Domingo, RD, 11 de octubre,- La Agencia de los Estados Unidos para el Desarrollo Internacional (USAID) present\u00f3 los resultados alcanzados al cuarto a\u00f1o de ejecuci\u00f3n de su programa para juventud en riesgo, Proyecto Alerta Joven. A la fecha, la USAID, a trav\u00e9s de Alerta Joven, ha contribuido en apartar de la delincuencia a m\u00e1s [&hellip;]<\/p>\n","protected":false},"author":3,"featured_media":0,"comment_status":"open","ping_status":"open","sticky":false,"template":"","format":"standard","meta":{"footnotes":""},"categories":[20],"tags":[],"class_list":["post-217358","post","type-post","status-publish","format-standard","hentry","category-dominicana-hoy"],"_links":{"self":[{"href":"https:\/\/diariodominicano.com\/index.php?rest_route=\/wp\/v2\/posts\/217358","targetHints":{"allow":["GET"]}}],"collection":[{"href":"https:\/\/diariodominicano.com\/index.php?rest_route=\/wp\/v2\/posts"}],"about":[{"href":"https:\/\/diariodominicano.com\/index.php?rest_route=\/wp\/v2\/types\/post"}],"author":[{"embeddable":true,"href":"https:\/\/diariodominicano.com\/index.php?rest_route=\/wp\/v2\/users\/3"}],"replies":[{"embeddable":true,"href":"https:\/\/diariodominicano.com\/index.php?rest_route=%2Fwp%2Fv2%2Fcomments&post=217358"}],"version-history":[{"count":0,"href":"https:\/\/diariodominicano.com\/index.php?rest_route=\/wp\/v2\/posts\/217358\/revisions"}],"wp:attachment":[{"href":"https:\/\/diariodominicano.com\/index.php?rest_route=%2Fwp%2Fv2%2Fmedia&parent=217358"}],"wp:term":[{"taxonomy":"category","embeddable":true,"href":"https:\/\/diariodominicano.com\/index.php?rest_route=%2Fwp%2Fv2%2Fcategories&post=217358"},{"taxonomy":"post_tag","embeddable":true,"href":"https:\/\/diariodominicano.com\/index.php?rest_route=%2Fwp%2Fv2%2Ftags&post=217358"}],"curies":[{"name":"wp","href":"https:\/\/api.w.org\/{rel}","templated":true}]}}