{"id":217357,"date":"2016-10-11T15:24:57","date_gmt":"2016-10-11T15:24:57","guid":{"rendered":"http:\/\/diariodominicano.ddns.net\/?p=217357"},"modified":"2016-10-11T15:24:57","modified_gmt":"2016-10-11T15:24:57","slug":"rd-logra-oaci-reconozca-nota-de-estudio-de-navegacion-aerea-y-seguridad-operacional","status":"publish","type":"post","link":"https:\/\/diariodominicano.com\/?p=217357","title":{"rendered":"RD logra OACI reconozca nota de estudio de Navegaci\u00f3n A\u00e9rea y Seguridad Operacional"},"content":{"rendered":"<p><body><\/p>\n<\/p>\n<\/p>\n<p><strong>Montreal Canad\u00e1, 11 de octubre de 2016,-<\/strong> La delegaci\u00f3n dominicana que particip\u00f3 en el 39 per\u00edodo de sesiones de la asamblea de la Organizaci\u00f3n de Aviaci\u00f3n Civil Internacional (OACI) logr\u00f3 que la Comisi\u00f3n T\u00e9cnica de ese organismo incluyera las metas de rendimiento a nivel nacional, regional y global en la pr\u00f3xima versi\u00f3n del Plan de Navegaci\u00f3n A\u00e9rea 2019 (GANP 2019 en ingl\u00e9s), luego que la Direcci\u00f3n de Navegaci\u00f3n A\u00e9rea del Instituto Dominicano de Aviaci\u00f3n Civil (IDAC) presentara una nota de estudio.<\/p>\n<\/p>\n<p>La nota titulada \u00abEvaluaci\u00f3n de Impacto y M\u00e9tricas Objetivas en Navegaci\u00f3n A\u00e9rea\u00bb, relacionada con el apoyo a la implantaci\u00f3n de navegaci\u00f3n a\u00e9rea y seguridad operacional a trav\u00e9s de las Mejoras por Bloque (ASBU)\u00bb, sugiere que la mejor forma de dar continuidad a los planes regionales de implementaci\u00f3n es teniendo m\u00e9tricas que reflejen el desarrollo cualitativo de las regiones, en lugar del desarrollo cuantitativo, dando el espacio para que cada Estado crezca de acuerdo al ritmo de sus necesidades.<\/p>\n<\/p>\n<p>Por la delegaci\u00f3n dominicana expusieron sobre el tema  el director de Navegaci\u00f3n A\u00e9rea del IDAC, Bol\u00edvar Le\u00f3n Paulino y la coordinadora t\u00e9cnica de Navegaci\u00f3n A\u00e9rea,  Betty Castaing.<\/p>\n<\/p>\n<p>\u00abAl revisar los estados de situaci\u00f3n de navegaci\u00f3n a\u00e9rea a trav\u00e9s de las metas fijadas vemos claramente el avance de las implementaciones, pero parece haber un vac\u00edo en los resultados de \u00abperformance\u00bb de dichas implementaciones. Esto nos ha llevado a proponer un mecanismo de evaluaci\u00f3n del impacto que facilite la tarea de monitoreo, seguimiento y control de los resultados, de acuerdo a los objetivos planteados con cada implementaci\u00f3n realizada\u00bb, plante\u00f3 la delegaci\u00f3n en la nota presentada ante la comisi\u00f3n t\u00e9cnica de la asamblea general de OACI, encargada de tratar esos temas especializados.<\/p>\n<\/p>\n<p>Explican en las conclusiones de la nota, que las  metas de implementaci\u00f3n  permiten tener un juego de indicadores que guiar\u00e1n a cada regi\u00f3n en el camino correcto de la implementaci\u00f3n efectiva y la identificaci\u00f3n oportuna de necesidades que, \u00abm\u00e1s que fijarnos metas muy ambiciosas, nos permita ir de la particularidad de cada Estado hasta la generalidad regional y global\u00bb.<\/p>\n<\/p>\n<p>Adem\u00e1s, propusieron utilizar un formulario de evaluaci\u00f3n de Impacto para asistir a los Estados en la determinaci\u00f3n de la aplicabilidad o implementaci\u00f3n de los m\u00f3dulos o elementos de los m\u00f3dulos del ASBU, de acuerdo a sus necesidades operacionales y capacidades particulares, al tiempo de establecer el resultado esperado con dicha implementaci\u00f3n.<\/p>\n<\/p>\n<p>Las delegaciones de Rep\u00fablica Dominicana, de Estados Unidos y Canad\u00e1 se convirtieron  en  los tres  \u00fanicos Estados que presentaron propuestas relativas a la navegaci\u00f3n a\u00e9rea y seguridad operacional en sus notas de estudio.<\/p>\n<\/p>\n<p>La delegaci\u00f3n dominicana que particip\u00f3 en la 39 asamblea de sesiones de la OACI, designada mediante decreto del Poder Ejecutivo, la integraron:  Alejandro Herrera, director general del IDAC, quien la presidi\u00f3, el subdirector general Santiago Rosa Mart\u00ednez; Luis Ernesto Camilo, presidente de la Junta de Aviaci\u00f3n Civil (JAC);  general Aracenis Castillo, director del Cuerpo Especializado en Seguridad Aeroportuaria y de la Aviaci\u00f3n Civil (CESAC); y el embajador Carlos Veras, representante permanente de Rep\u00fablica Dominicana ante la OACI.<\/p>\n<\/p>\n<p>Pie de foto: En pantalla im\u00e1genes del  director de Navegaci\u00f3n A\u00e9rea del IDAC, Bol\u00edvar De Le\u00f3n Paulino  y la Coordinadora T\u00e9cnica de Navegaci\u00f3n A\u00e9rea  Betty Castaing en la reuni\u00f3n plenaria de la 39 asamblea de la OACI.<\/p>\n<h6> 2016-10-11 15:24:57 <\/h6>\n<p><!--\n<link rel=\"stylesheet\" href=\"css\/bootstrap.min.css\">\n\n\n<ul class=\"pagination\">\n\t    \n\t\n\n<li >\n\t<a href='?page_no=11887'>Previous<\/a>\n\t<\/li>\n\n\n       \n    \n\n<li><a href='?page_no=1'>1<\/a><\/li>\n\n\n\n<li><a href='?page_no=2'>2<\/a><\/li>\n\n\n\n<li><a>...<\/a><\/li>\n\n\n\n<li><a href='?page_no=11886'>11886<\/a><\/li>\n\n\n\n<li><a href='?page_no=11887'>11887<\/a><\/li>\n\n\n\n<li class='active'><a>11888<\/a><\/li>\n\n\n\n<li><a href='?page_no=11889'>11889<\/a><\/li>\n\n\n\n<li><a href='?page_no=11890'>11890<\/a><\/li>\n\n\n\n<li><a>...<\/a><\/li>\n\n\n\n<li><a href='?page_no=56169'>56169<\/a><\/li>\n\n\n\n<li><a href='?page_no=56170'>56170<\/a><\/li>\n\n    \n\t\n\n<li >\n\t<a href='?page_no=11889'>Next<\/a>\n\t<\/li>\n\n\n    \n\n<li><a href='?page_no=56170'>Last &rsaquo;&rsaquo;<\/a><\/li>\n\n<\/ul>\n\n\n--><br \/>\n<\/body><\/p>\n","protected":false},"excerpt":{"rendered":"<p>Montreal Canad\u00e1, 11 de octubre de 2016,- La delegaci\u00f3n dominicana que particip\u00f3 en el 39 per\u00edodo de sesiones de la asamblea de la Organizaci\u00f3n de Aviaci\u00f3n Civil Internacional (OACI) logr\u00f3 que la Comisi\u00f3n T\u00e9cnica de ese organismo incluyera las metas de rendimiento a nivel nacional, regional y global en la pr\u00f3xima versi\u00f3n del Plan de [&hellip;]<\/p>\n","protected":false},"author":3,"featured_media":0,"comment_status":"open","ping_status":"open","sticky":false,"template":"","format":"standard","meta":{"footnotes":""},"categories":[20],"tags":[],"class_list":["post-217357","post","type-post","status-publish","format-standard","hentry","category-dominicana-hoy"],"_links":{"self":[{"href":"https:\/\/diariodominicano.com\/index.php?rest_route=\/wp\/v2\/posts\/217357","targetHints":{"allow":["GET"]}}],"collection":[{"href":"https:\/\/diariodominicano.com\/index.php?rest_route=\/wp\/v2\/posts"}],"about":[{"href":"https:\/\/diariodominicano.com\/index.php?rest_route=\/wp\/v2\/types\/post"}],"author":[{"embeddable":true,"href":"https:\/\/diariodominicano.com\/index.php?rest_route=\/wp\/v2\/users\/3"}],"replies":[{"embeddable":true,"href":"https:\/\/diariodominicano.com\/index.php?rest_route=%2Fwp%2Fv2%2Fcomments&post=217357"}],"version-history":[{"count":0,"href":"https:\/\/diariodominicano.com\/index.php?rest_route=\/wp\/v2\/posts\/217357\/revisions"}],"wp:attachment":[{"href":"https:\/\/diariodominicano.com\/index.php?rest_route=%2Fwp%2Fv2%2Fmedia&parent=217357"}],"wp:term":[{"taxonomy":"category","embeddable":true,"href":"https:\/\/diariodominicano.com\/index.php?rest_route=%2Fwp%2Fv2%2Fcategories&post=217357"},{"taxonomy":"post_tag","embeddable":true,"href":"https:\/\/diariodominicano.com\/index.php?rest_route=%2Fwp%2Fv2%2Ftags&post=217357"}],"curies":[{"name":"wp","href":"https:\/\/api.w.org\/{rel}","templated":true}]}}