{"id":217349,"date":"2016-10-12T11:59:47","date_gmt":"2016-10-12T11:59:47","guid":{"rendered":"http:\/\/diariodominicano.ddns.net\/?p=217349"},"modified":"2016-10-12T11:59:47","modified_gmt":"2016-10-12T11:59:47","slug":"firman-acuerdo-colaboracion-en-produccion-y-consumo-sostenible-de-monte-plata","status":"publish","type":"post","link":"https:\/\/diariodominicano.com\/?p=217349","title":{"rendered":"Firman acuerdo colaboraci\u00f3n en producci\u00f3n y consumo sostenible de Monte Plata"},"content":{"rendered":"<p><body><\/p>\n<p><img decoding=\"async\" src=\"img3\/monte plata 12-10.jpg\" \/>  <\/p>\n<p><span class=\"text1noticias\">Santo Domingo, R. D. 12 de octubre. &#8211;  Pro Consumidor, el senador Charlie Mariotti, la organizaci\u00f3n no gubernamentales Innovaci\u00f3n Rural y el Instituto Nacional de Bienestar Estudiantil (INABI) suscribieron hoy un acuerdo de colaboraci\u00f3n con el prop\u00f3sito de establecer en la provincia Monte Plata un Modelo para la Producci\u00f3n y el Consumo Sostenible.<\/span><\/p>\n<p><span class=\"text1noticias\"> <\/span><\/p>\n<p><span class=\"text1noticias\">El convenio prev\u00e9 la estructuraci\u00f3n e implementaci\u00f3n de un sello de sostenibilidad como etiqueta de reconocimiento para los productos locales que hayan sido elaborados con est\u00e1ndares y caracter\u00edsticas de calidad comprobables.<\/span><\/p>\n<p><span class=\"text1noticias\"> <\/span><\/p>\n<p><span class=\"text1noticias\">El acuerdo fue firmado por el senador de la provincia Esmeralda y Ol\u00edmpica, la Directora Ejecutiva de Pro Consumidor, Anina Del Castillo, el Director Ejecutivo del Instituto Nacional de Bienestar Estudiantil (INABI), Ren\u00e9 Jacques y la Directora de Innovaci\u00f3n Rural, M\u00f3nica Ponce de Le\u00f3n, en un acto celebrado en el Senado.<\/span><\/p>\n<p><span class=\"text1noticias\"> <\/span><\/p>\n<p><span class=\"text1noticias\">Tras la r\u00fabrica, las instituciones firmantes se comprometieron a desarrollar programas de capacitaci\u00f3n sobre producci\u00f3n y consumo sostenible, involucrando a productores y consumidores a trav\u00e9s de talleres, charlas, encuentros, jornadas educativas, entre otras actividades.<\/span><\/p>\n<p><span class=\"text1noticias\">  <\/span><\/p>\n<p><span class=\"text1noticias\">Recalcaron la relevancia que tiene el consumo sostenible en el proceso productivo, para que los productos que se comercializan en el mercado, lleguen con m\u00e1s calidad y no afecten al medio ambiente.<\/span><\/p>\n<p><span class=\"text1noticias\"> <\/span><\/p>\n<p><span class=\"text1noticias\">En ese orden, Anina Del Castillo resalt\u00f3 la importancia de establecer sinergias con distintos sectores de la sociedad a fin de impulsar la protecci\u00f3n del medio ambiente y el uso eficiente de los recursos naturales, articulando con ello el desarrollo de una econom\u00eda competitiva que redunde en una mejor calidad de vida para todos los ciudadanos.<\/span><\/p>\n<p><span class=\"text1noticias\"> <\/span><\/p>\n<p><span class=\"text1noticias\">\u00abDebemos tratar que nuestros campos se fortalezcan y dar origen a un desarrollo integral y consolidado que permita que los procesos productivos tengan los mejores componentes de calidad y buenas pr\u00e1cticas, con la finalidad de que no se da\u00f1e el medio ambiente y lograr que estos productos se comercialicen de tal forma que al llegar al consumidor haga el menor da\u00f1o posible, tanto a nuestro entorno como a la salud y seguridad de la poblaci\u00f3n\u00bb, agreg\u00f3 la funcionaria.<\/span><\/p>\n<p><span class=\"text1noticias\"> <\/span><\/p>\n<p><span class=\"text1noticias\">Adem\u00e1s, ratific\u00f3 el compromiso que tiene Pro Consumidor de apoyar iniciativas que fomenten la integridad del medio ambiente y la equidad social en los esquemas de producci\u00f3n encaminados a procurar un desarrollo sustentable.<\/span><\/p>\n<p><span class=\"text1noticias\"> <\/span><\/p>\n<p><span class=\"text1noticias\">La actividad fue celebrada en el Sal\u00f3n de Prensa de la C\u00e1mara de Senadores del Congreso Nacional.<\/span><\/p>\n<h6> 2016-10-12 11:59:47 <\/h6>\n<p><!--\n<link rel=\"stylesheet\" href=\"css\/bootstrap.min.css\">\n\n\n<ul class=\"pagination\">\n\t    \n\t\n\n<li >\n\t<a href='?page_no=11879'>Previous<\/a>\n\t<\/li>\n\n\n       \n    \n\n<li><a href='?page_no=1'>1<\/a><\/li>\n\n\n\n<li><a href='?page_no=2'>2<\/a><\/li>\n\n\n\n<li><a>...<\/a><\/li>\n\n\n\n<li><a href='?page_no=11878'>11878<\/a><\/li>\n\n\n\n<li><a href='?page_no=11879'>11879<\/a><\/li>\n\n\n\n<li class='active'><a>11880<\/a><\/li>\n\n\n\n<li><a href='?page_no=11881'>11881<\/a><\/li>\n\n\n\n<li><a href='?page_no=11882'>11882<\/a><\/li>\n\n\n\n<li><a>...<\/a><\/li>\n\n\n\n<li><a href='?page_no=56169'>56169<\/a><\/li>\n\n\n\n<li><a href='?page_no=56170'>56170<\/a><\/li>\n\n    \n\t\n\n<li >\n\t<a href='?page_no=11881'>Next<\/a>\n\t<\/li>\n\n\n    \n\n<li><a href='?page_no=56170'>Last &rsaquo;&rsaquo;<\/a><\/li>\n\n<\/ul>\n\n\n--><br \/>\n<\/body><\/p>\n","protected":false},"excerpt":{"rendered":"<p>Santo Domingo, R. D. 12 de octubre. &#8211; Pro Consumidor, el senador Charlie Mariotti, la organizaci\u00f3n no gubernamentales Innovaci\u00f3n Rural y el Instituto Nacional de Bienestar Estudiantil (INABI) suscribieron hoy un acuerdo de colaboraci\u00f3n con el prop\u00f3sito de establecer en la provincia Monte Plata un Modelo para la Producci\u00f3n y el Consumo Sostenible. El convenio [&hellip;]<\/p>\n","protected":false},"author":3,"featured_media":0,"comment_status":"open","ping_status":"open","sticky":false,"template":"","format":"standard","meta":{"footnotes":""},"categories":[20],"tags":[],"class_list":["post-217349","post","type-post","status-publish","format-standard","hentry","category-dominicana-hoy"],"_links":{"self":[{"href":"https:\/\/diariodominicano.com\/index.php?rest_route=\/wp\/v2\/posts\/217349","targetHints":{"allow":["GET"]}}],"collection":[{"href":"https:\/\/diariodominicano.com\/index.php?rest_route=\/wp\/v2\/posts"}],"about":[{"href":"https:\/\/diariodominicano.com\/index.php?rest_route=\/wp\/v2\/types\/post"}],"author":[{"embeddable":true,"href":"https:\/\/diariodominicano.com\/index.php?rest_route=\/wp\/v2\/users\/3"}],"replies":[{"embeddable":true,"href":"https:\/\/diariodominicano.com\/index.php?rest_route=%2Fwp%2Fv2%2Fcomments&post=217349"}],"version-history":[{"count":0,"href":"https:\/\/diariodominicano.com\/index.php?rest_route=\/wp\/v2\/posts\/217349\/revisions"}],"wp:attachment":[{"href":"https:\/\/diariodominicano.com\/index.php?rest_route=%2Fwp%2Fv2%2Fmedia&parent=217349"}],"wp:term":[{"taxonomy":"category","embeddable":true,"href":"https:\/\/diariodominicano.com\/index.php?rest_route=%2Fwp%2Fv2%2Fcategories&post=217349"},{"taxonomy":"post_tag","embeddable":true,"href":"https:\/\/diariodominicano.com\/index.php?rest_route=%2Fwp%2Fv2%2Ftags&post=217349"}],"curies":[{"name":"wp","href":"https:\/\/api.w.org\/{rel}","templated":true}]}}