{"id":217346,"date":"2016-10-12T14:37:16","date_gmt":"2016-10-12T14:37:16","guid":{"rendered":"http:\/\/diariodominicano.ddns.net\/?p=217346"},"modified":"2016-10-12T14:37:16","modified_gmt":"2016-10-12T14:37:16","slug":"coach-gisel-castillo-ofrece-charla-acuerdos-de-familia","status":"publish","type":"post","link":"https:\/\/diariodominicano.com\/?p=217346","title":{"rendered":"&#13;Coach Gisel Castillo ofrece charla : \u00abAcuerdos de Familia\u00bb"},"content":{"rendered":"<p><body><\/p>\n<p><img decoding=\"async\" src=\"img3\/castillo,jpg.jpg\" \/>  <\/p>\n<\/p>\n<\/p>\n<p><span class=\"text1noticias\"> <\/span><\/p>\n<p><span class=\"text1noticias\">Santo Domingo, RD, 12 de octubre, &#8211; La Revista Familiar Nuestros Hijos, realiz\u00f3 la charla \u00abAcuerdos de Familia\u00bb, a cargo de la coach orientadora y estratega en comunicaci\u00f3n Gisel Castillo, y como invitada especial particip\u00f3 la Psic\u00f3loga Terapeuta Familiar, Geovanny Rosado.<\/span><\/p>\n<p><span class=\"text1noticias\"> <\/span><\/p>\n<p><span class=\"text1noticias\">En la actividad fueron ofrecidos los siguientes temas: conflicto familiar, soluciones bajo un ambiente de amor y t\u00e9cnicas f\u00e1ciles de aplicar para una mejor armon\u00eda en el entorno familiar, entre otros puntos.<\/span><\/p>\n<p><span class=\"text1noticias\"> <\/span><\/p>\n<p><span class=\"text1noticias\">La Coach Gisel Castillo, quien inicio conectando de manera magistral con el p\u00fablico a trav\u00e9s de la exposici\u00f3n de su vida y familiares, paseaba la audiencia a trav\u00e9s de sus propias vivencias, invit\u00e1ndoles a explorar con cu\u00e1l de las personas del hogar o de sus familiares est\u00e1n teniendo alg\u00fan conflicto, de manera que puedan identificarlo, aceptarlo y buscar soluciones mediadoras de c\u00f3mo llevar a cabo cualquier situaci\u00f3n.<\/span><\/p>\n<p><span class=\"text1noticias\"> <\/span><\/p>\n<p><span class=\"text1noticias\">La misma agrego los 4 valores de su autor\u00eda, llamados \u00a8los 4 Acuerdos de las familias felices\u00a8 que ha desarrollado para poner en pr\u00e1ctica esta charla, pues expone que los conflictos se aprenden a enfrentar en el hogar desde la ni\u00f1ez y es all\u00ed donde se crean las limitaciones y creencias que no nos permiten ser m\u00e1s objetivos y compasivos tanto con los dem\u00e1s como con nosotros mismos.<\/span><\/p>\n<p><span class=\"text1noticias\"> <\/span><\/p>\n<p><span class=\"text1noticias\">El objetivo principal de esta actividad se da a trav\u00e9s de la din\u00e1mica que viene desarrollando desde hace  a\u00f1os la Revista familiar Nuestros Hijos con el prop\u00f3sito  de aportar siempre a las familias dominicanas recursos y herramientas de educaci\u00f3n emocional, valores de convivencia as\u00ed como educaci\u00f3n financiera, salud entre otros temas  para la mejor integraci\u00f3n de los componentes de un hogar.<\/span><\/p>\n<\/p>\n<p><span class=\"text1noticias\">El p\u00fablico que mensualmente acude a los salones de librer\u00eda Cuesta no se hizo esperar para recibir un tema de grandes aportes, la convocatoria estuvo a cargo de la Revista Nuestros hijos quienes ya cuentan con una excelente distribuci\u00f3n a trav\u00e9s de diferentes comercios del pa\u00eds.<\/span><\/p>\n<p><span class=\"text1noticias\"> <\/span><\/p>\n<p><span class=\"text1noticias\">Este evento se llev\u00f3 a cabo en las instalaciones de Librer\u00eda Cuesta en Centro Cuesta de la av. 27 de febrero Esq. Abraham Lincoln.<\/span><\/p>\n<h6> 2016-10-12 14:37:16 <\/h6>\n<p><!--\n<link rel=\"stylesheet\" href=\"css\/bootstrap.min.css\">\n\n\n<ul class=\"pagination\">\n\t    \n\t\n\n<li >\n\t<a href='?page_no=11877'>Previous<\/a>\n\t<\/li>\n\n\n       \n    \n\n<li><a href='?page_no=1'>1<\/a><\/li>\n\n\n\n<li><a href='?page_no=2'>2<\/a><\/li>\n\n\n\n<li><a>...<\/a><\/li>\n\n\n\n<li><a href='?page_no=11876'>11876<\/a><\/li>\n\n\n\n<li><a href='?page_no=11877'>11877<\/a><\/li>\n\n\n\n<li class='active'><a>11878<\/a><\/li>\n\n\n\n<li><a href='?page_no=11879'>11879<\/a><\/li>\n\n\n\n<li><a href='?page_no=11880'>11880<\/a><\/li>\n\n\n\n<li><a>...<\/a><\/li>\n\n\n\n<li><a href='?page_no=56169'>56169<\/a><\/li>\n\n\n\n<li><a href='?page_no=56170'>56170<\/a><\/li>\n\n    \n\t\n\n<li >\n\t<a href='?page_no=11879'>Next<\/a>\n\t<\/li>\n\n\n    \n\n<li><a href='?page_no=56170'>Last &rsaquo;&rsaquo;<\/a><\/li>\n\n<\/ul>\n\n\n--><br \/>\n<\/body><\/p>\n","protected":false},"excerpt":{"rendered":"<p>Santo Domingo, RD, 12 de octubre, &#8211; La Revista Familiar Nuestros Hijos, realiz\u00f3 la charla \u00abAcuerdos de Familia\u00bb, a cargo de la coach orientadora y estratega en comunicaci\u00f3n Gisel Castillo, y como invitada especial particip\u00f3 la Psic\u00f3loga Terapeuta Familiar, Geovanny Rosado. En la actividad fueron ofrecidos los siguientes temas: conflicto familiar, soluciones bajo un ambiente [&hellip;]<\/p>\n","protected":false},"author":3,"featured_media":0,"comment_status":"open","ping_status":"open","sticky":false,"template":"","format":"standard","meta":{"footnotes":""},"categories":[20],"tags":[],"class_list":["post-217346","post","type-post","status-publish","format-standard","hentry","category-dominicana-hoy"],"_links":{"self":[{"href":"https:\/\/diariodominicano.com\/index.php?rest_route=\/wp\/v2\/posts\/217346","targetHints":{"allow":["GET"]}}],"collection":[{"href":"https:\/\/diariodominicano.com\/index.php?rest_route=\/wp\/v2\/posts"}],"about":[{"href":"https:\/\/diariodominicano.com\/index.php?rest_route=\/wp\/v2\/types\/post"}],"author":[{"embeddable":true,"href":"https:\/\/diariodominicano.com\/index.php?rest_route=\/wp\/v2\/users\/3"}],"replies":[{"embeddable":true,"href":"https:\/\/diariodominicano.com\/index.php?rest_route=%2Fwp%2Fv2%2Fcomments&post=217346"}],"version-history":[{"count":0,"href":"https:\/\/diariodominicano.com\/index.php?rest_route=\/wp\/v2\/posts\/217346\/revisions"}],"wp:attachment":[{"href":"https:\/\/diariodominicano.com\/index.php?rest_route=%2Fwp%2Fv2%2Fmedia&parent=217346"}],"wp:term":[{"taxonomy":"category","embeddable":true,"href":"https:\/\/diariodominicano.com\/index.php?rest_route=%2Fwp%2Fv2%2Fcategories&post=217346"},{"taxonomy":"post_tag","embeddable":true,"href":"https:\/\/diariodominicano.com\/index.php?rest_route=%2Fwp%2Fv2%2Ftags&post=217346"}],"curies":[{"name":"wp","href":"https:\/\/api.w.org\/{rel}","templated":true}]}}