{"id":217345,"date":"2016-10-12T14:44:43","date_gmt":"2016-10-12T14:44:43","guid":{"rendered":"http:\/\/diariodominicano.ddns.net\/?p=217345"},"modified":"2016-10-12T14:44:43","modified_gmt":"2016-10-12T14:44:43","slug":"celebraran-dos-talleres-para-definir-acciones-en-planificacion-estrategica-y-auditorias-ambientales","status":"publish","type":"post","link":"https:\/\/diariodominicano.com\/?p=217345","title":{"rendered":"&#13;Celebrar\u00e1n dos talleres para definir acciones en planificaci\u00f3n estrat\u00e9gica y auditor\u00edas ambientales&#13;"},"content":{"rendered":"<p><body><\/p>\n<p><img decoding=\"async\" src=\"img3\/licelot.jpg\" \/>  <\/p>\n<\/p>\n<\/p>\n<\/p>\n<\/p>\n<p>SANTO DOMINGO, 12 de octubre,- Representantes de varios pa\u00edses miembros de la Organizaci\u00f3n Latinoamericana y del Caribe de Entidades Fiscalizadoras Superiores (Olacefs), de la cual forma parte la C\u00e1mara de Cuentas de la Rep\u00fablica Dominicana (CCRD),  participar\u00e1n en dos talleres a celebrarse pr\u00f3ximamente en el pa\u00eds para definir las acciones en materia de planificaci\u00f3n estrat\u00e9gica y de auditor\u00edas ambientales en el marco de un nuevo proyecto regional con la Agencia Alemana de Cooperaci\u00f3n Internacional (GIZ).<\/p>\n<\/p>\n<p>La informaci\u00f3n la dio a conocer la presidenta de la CCRD, doctora Licelott Marte de Barrios, quien explic\u00f3 que los talleres, previos a la XXVI Asamblea General Ordinaria de la Olacefs que se llevar\u00e1 a cabo en Punta Cana del 17 al 21 de octubre de este a\u00f1o, se celebrar\u00e1n en la sede de la C\u00e1mara de Cuentas los d\u00edas jueves y viernes de esta semana.<\/p>\n<\/p>\n<p>\u00abEstimamos que es indispensable discutir y definir compromisos que entreguen sostenibilidad a los productos del proyecto y que permitan garantizar la plena coincidencia con la planificaci\u00f3n de Olacefs\u00bb, dijo.<\/p>\n<\/p>\n<p>Se\u00f1al\u00f3 que en este \u00faltimo encuentro t\u00e9cnico se revisar\u00e1 y validar\u00e1 la matriz de implementaci\u00f3n y los indicadores de gesti\u00f3n propuestos para el Plan T\u00e1ctico 2017-2019, como parte integrante del futuro Plan Estrat\u00e9gico 2017-2022 de la Olacefs, \u00ablo que permitir\u00e1 asegurar una debida alineaci\u00f3n entre la planificaci\u00f3n de la entidad regional, la Organizaci\u00f3n Internacional de Entidades Fiscalizadoras Superiores (Intosai) y la del Proyecto Olacefs-GIZ en materia ambiental\u00bb. <\/p>\n<\/p>\n<p>Marte de Barrios indic\u00f3 que entre los pa\u00edses que participar\u00e1n en ambas reuniones figuran Argentina, Uruguay, M\u00e9xico, Per\u00fa, Brasil, Chile, Paraguay y Rep\u00fablica Dominicana como pa\u00eds anfitri\u00f3n, as\u00ed como la asistencia de representantes de la GIZ y un especialista en el tema de auditor\u00eda ambiental.<\/p>\n<h6> 2016-10-12 14:44:43 <\/h6>\n<p><!--\n<link rel=\"stylesheet\" href=\"css\/bootstrap.min.css\">\n\n\n<ul class=\"pagination\">\n\t    \n\t\n\n<li >\n\t<a href='?page_no=11876'>Previous<\/a>\n\t<\/li>\n\n\n       \n    \n\n<li><a href='?page_no=1'>1<\/a><\/li>\n\n\n\n<li><a href='?page_no=2'>2<\/a><\/li>\n\n\n\n<li><a>...<\/a><\/li>\n\n\n\n<li><a href='?page_no=11875'>11875<\/a><\/li>\n\n\n\n<li><a href='?page_no=11876'>11876<\/a><\/li>\n\n\n\n<li class='active'><a>11877<\/a><\/li>\n\n\n\n<li><a href='?page_no=11878'>11878<\/a><\/li>\n\n\n\n<li><a href='?page_no=11879'>11879<\/a><\/li>\n\n\n\n<li><a>...<\/a><\/li>\n\n\n\n<li><a href='?page_no=56169'>56169<\/a><\/li>\n\n\n\n<li><a href='?page_no=56170'>56170<\/a><\/li>\n\n    \n\t\n\n<li >\n\t<a href='?page_no=11878'>Next<\/a>\n\t<\/li>\n\n\n    \n\n<li><a href='?page_no=56170'>Last &rsaquo;&rsaquo;<\/a><\/li>\n\n<\/ul>\n\n\n--><br \/>\n<\/body><\/p>\n","protected":false},"excerpt":{"rendered":"<p>SANTO DOMINGO, 12 de octubre,- Representantes de varios pa\u00edses miembros de la Organizaci\u00f3n Latinoamericana y del Caribe de Entidades Fiscalizadoras Superiores (Olacefs), de la cual forma parte la C\u00e1mara de Cuentas de la Rep\u00fablica Dominicana (CCRD), participar\u00e1n en dos talleres a celebrarse pr\u00f3ximamente en el pa\u00eds para definir las acciones en materia de planificaci\u00f3n estrat\u00e9gica [&hellip;]<\/p>\n","protected":false},"author":3,"featured_media":0,"comment_status":"open","ping_status":"open","sticky":false,"template":"","format":"standard","meta":{"footnotes":""},"categories":[20],"tags":[],"class_list":["post-217345","post","type-post","status-publish","format-standard","hentry","category-dominicana-hoy"],"_links":{"self":[{"href":"https:\/\/diariodominicano.com\/index.php?rest_route=\/wp\/v2\/posts\/217345","targetHints":{"allow":["GET"]}}],"collection":[{"href":"https:\/\/diariodominicano.com\/index.php?rest_route=\/wp\/v2\/posts"}],"about":[{"href":"https:\/\/diariodominicano.com\/index.php?rest_route=\/wp\/v2\/types\/post"}],"author":[{"embeddable":true,"href":"https:\/\/diariodominicano.com\/index.php?rest_route=\/wp\/v2\/users\/3"}],"replies":[{"embeddable":true,"href":"https:\/\/diariodominicano.com\/index.php?rest_route=%2Fwp%2Fv2%2Fcomments&post=217345"}],"version-history":[{"count":0,"href":"https:\/\/diariodominicano.com\/index.php?rest_route=\/wp\/v2\/posts\/217345\/revisions"}],"wp:attachment":[{"href":"https:\/\/diariodominicano.com\/index.php?rest_route=%2Fwp%2Fv2%2Fmedia&parent=217345"}],"wp:term":[{"taxonomy":"category","embeddable":true,"href":"https:\/\/diariodominicano.com\/index.php?rest_route=%2Fwp%2Fv2%2Fcategories&post=217345"},{"taxonomy":"post_tag","embeddable":true,"href":"https:\/\/diariodominicano.com\/index.php?rest_route=%2Fwp%2Fv2%2Ftags&post=217345"}],"curies":[{"name":"wp","href":"https:\/\/api.w.org\/{rel}","templated":true}]}}