{"id":217338,"date":"2016-10-13T10:27:10","date_gmt":"2016-10-13T10:27:10","guid":{"rendered":"http:\/\/diariodominicano.ddns.net\/?p=217338"},"modified":"2016-10-13T10:27:10","modified_gmt":"2016-10-13T10:27:10","slug":"anuncian-jornada-detectar-ojo-vago-en-ninos","status":"publish","type":"post","link":"https:\/\/diariodominicano.com\/?p=217338","title":{"rendered":"Anuncian jornada detectar \u00abojo vago\u00bb en ni\u00f1os"},"content":{"rendered":"<p><body><\/p>\n<p><img decoding=\"async\" src=\"img3\/ojo 13-10.jpg\" \/>  <\/p>\n<p><span class=\"text1noticias\">Santo Domingo, R. D., 13 de octubre.- Un operativo de detecci\u00f3n de ambliop\u00eda en el que se proyecta atender gratuitamente a decenas de ni\u00f1os ser\u00e1 desarrollado este s\u00e1bado 15  por el Consejo Dominicano de Estrabismo y Oftalmolog\u00eda Pedi\u00e1trica (CODESOP).<\/span><\/p>\n<p><span class=\"text1noticias\"> <\/span><\/p>\n<p><span class=\"text1noticias\">La jornada se efectuar\u00e1 de 8 de la ma\u00f1ana a 1 de la tarde en la sede del Club de Leones Santo Domingo El Mill\u00f3n, ubicada en la avenida N\u00fa\u00f1ez de C\u00e1ceres esquina Peatonal Domingo Mallol, de la Urbanizaci\u00f3n El Mill\u00f3n.<\/span><\/p>\n<p><span class=\"text1noticias\"> <\/span><\/p>\n<p><span class=\"text1noticias\">El doctor Ram\u00f3n Graciano, asesor para la preservaci\u00f3n de la vista de la gobernaci\u00f3n del Distrito R-3 del Club de Leones, explic\u00f3 que la ambliop\u00eda es una condici\u00f3n que com\u00fanmente se conoce como ojo vago y se produce cuando por m\u00faltiples causas no hay un desarrollo de la visi\u00f3n en los primeros a\u00f1os de la vida.<\/span><\/p>\n<p><span class=\"text1noticias\"> <\/span><\/p>\n<p><span class=\"text1noticias\">Esta condici\u00f3n se puede prevenir y tratar con la intervenci\u00f3n de especialistas en oftalmolog\u00eda en los primeros a\u00f1os del paciente, pero  ser\u00e1 irreversible si se trata luego que sobrepase los 10 a 12 a\u00f1os de edad.<\/span><\/p>\n<p><span class=\"text1noticias\"> <\/span><\/p>\n<p><span class=\"text1noticias\">El operativo de este s\u00e1bado contar\u00e1 con la contribuci\u00f3n de miembros del Club de leones, escuelas, iglesias, juntas de vecinos, el director de CECANOT, doctor Federico N\u00fa\u00f1ez y el personal m\u00e9dico del departamento de oftalmolog\u00eda de Cecan<\/span>ot. <\/p>\n<\/p>\n<h6> 2016-10-13 10:27:10 <\/h6>\n<p><!--\n<link rel=\"stylesheet\" href=\"css\/bootstrap.min.css\">\n\n\n<ul class=\"pagination\">\n\t    \n\t\n\n<li >\n\t<a href='?page_no=11869'>Previous<\/a>\n\t<\/li>\n\n\n       \n    \n\n<li><a href='?page_no=1'>1<\/a><\/li>\n\n\n\n<li><a href='?page_no=2'>2<\/a><\/li>\n\n\n\n<li><a>...<\/a><\/li>\n\n\n\n<li><a href='?page_no=11868'>11868<\/a><\/li>\n\n\n\n<li><a href='?page_no=11869'>11869<\/a><\/li>\n\n\n\n<li class='active'><a>11870<\/a><\/li>\n\n\n\n<li><a href='?page_no=11871'>11871<\/a><\/li>\n\n\n\n<li><a href='?page_no=11872'>11872<\/a><\/li>\n\n\n\n<li><a>...<\/a><\/li>\n\n\n\n<li><a href='?page_no=56169'>56169<\/a><\/li>\n\n\n\n<li><a href='?page_no=56170'>56170<\/a><\/li>\n\n    \n\t\n\n<li >\n\t<a href='?page_no=11871'>Next<\/a>\n\t<\/li>\n\n\n    \n\n<li><a href='?page_no=56170'>Last &rsaquo;&rsaquo;<\/a><\/li>\n\n<\/ul>\n\n\n--><br \/>\n<\/body><\/p>\n","protected":false},"excerpt":{"rendered":"<p>Santo Domingo, R. D., 13 de octubre.- Un operativo de detecci\u00f3n de ambliop\u00eda en el que se proyecta atender gratuitamente a decenas de ni\u00f1os ser\u00e1 desarrollado este s\u00e1bado 15 por el Consejo Dominicano de Estrabismo y Oftalmolog\u00eda Pedi\u00e1trica (CODESOP). La jornada se efectuar\u00e1 de 8 de la ma\u00f1ana a 1 de la tarde en la [&hellip;]<\/p>\n","protected":false},"author":3,"featured_media":0,"comment_status":"open","ping_status":"open","sticky":false,"template":"","format":"standard","meta":{"footnotes":""},"categories":[20],"tags":[],"class_list":["post-217338","post","type-post","status-publish","format-standard","hentry","category-dominicana-hoy"],"_links":{"self":[{"href":"https:\/\/diariodominicano.com\/index.php?rest_route=\/wp\/v2\/posts\/217338","targetHints":{"allow":["GET"]}}],"collection":[{"href":"https:\/\/diariodominicano.com\/index.php?rest_route=\/wp\/v2\/posts"}],"about":[{"href":"https:\/\/diariodominicano.com\/index.php?rest_route=\/wp\/v2\/types\/post"}],"author":[{"embeddable":true,"href":"https:\/\/diariodominicano.com\/index.php?rest_route=\/wp\/v2\/users\/3"}],"replies":[{"embeddable":true,"href":"https:\/\/diariodominicano.com\/index.php?rest_route=%2Fwp%2Fv2%2Fcomments&post=217338"}],"version-history":[{"count":0,"href":"https:\/\/diariodominicano.com\/index.php?rest_route=\/wp\/v2\/posts\/217338\/revisions"}],"wp:attachment":[{"href":"https:\/\/diariodominicano.com\/index.php?rest_route=%2Fwp%2Fv2%2Fmedia&parent=217338"}],"wp:term":[{"taxonomy":"category","embeddable":true,"href":"https:\/\/diariodominicano.com\/index.php?rest_route=%2Fwp%2Fv2%2Fcategories&post=217338"},{"taxonomy":"post_tag","embeddable":true,"href":"https:\/\/diariodominicano.com\/index.php?rest_route=%2Fwp%2Fv2%2Ftags&post=217338"}],"curies":[{"name":"wp","href":"https:\/\/api.w.org\/{rel}","templated":true}]}}