{"id":217336,"date":"2016-10-13T13:02:46","date_gmt":"2016-10-13T13:02:46","guid":{"rendered":"http:\/\/diariodominicano.ddns.net\/?p=217336"},"modified":"2016-10-13T13:02:46","modified_gmt":"2016-10-13T13:02:46","slug":"tecnicos-de-mopc-evaluan-danos-ocasionados-por-crecida-de-rio-en-barrios-de-moca","status":"publish","type":"post","link":"https:\/\/diariodominicano.com\/?p=217336","title":{"rendered":"T\u00e9cnicos de MOPC eval\u00faan da\u00f1os ocasionados por crecida de r\u00edo en barrios de Moca"},"content":{"rendered":"<p><body><\/p>\n<p><img decoding=\"async\" src=\"img3\/mocario13.jpg\" \/>  <\/p>\n<p><span class=\"text1noticias\">Moca, Espaillat, R. D., 13 de octubre.- Una comisi\u00f3n del Ministerio de Obras P\u00fablicas se traslad\u00f3 este mi\u00e9rcoles aqu\u00ed, donde realiz\u00f3 un descenso para evaluar los da\u00f1os ocasionados por la crecida del r\u00edo que lleva el nombre de este municipio que provoc\u00f3 la destrucci\u00f3n 49 viviendas y 300 fueron afectadas.<\/span><\/p>\n<p><span class=\"text1noticias\"> <\/span><\/p>\n<p><span class=\"text1noticias\">La comisi\u00f3n integrada por Axel Pimentel, director de Operaciones y Mantenimiento Vial del MOPC, Jos\u00e9 Miguel Santelises, de la Direcci\u00f3n de Santiago; el viceministro Euclides S\u00e1nchez, y el gobernador provincial, Andr\u00e9s Dilon\u00e9 Ovalles,  quienes recorrieron  los sectores afectados por la riada provocada por las fuertes lluvias registradas en la tarde-noche de ayer (martes), en ese municipio de la provincia Espaillat.<\/span><\/p>\n<p><span class=\"text1noticias\"> <\/span><\/p>\n<p><span class=\"text1noticias\">El ministro Gonzalo Castillo orden\u00f3 que esta comisi\u00f3n eval\u00fae los da\u00f1os ocasionados a los diferentes sectores, y de inmediato instruy\u00f3 para que equipos pesados iniciaran los trabajos de canalizaci\u00f3n del acu\u00edfero esta misma tarde, a fin de que no vuelva a afectar las familias residentes en su cercan\u00eda.<\/span><\/p>\n<p><span class=\"text1noticias\"> <\/span><\/p>\n<p><span class=\"text1noticias\">Una nota de la Direcci\u00f3n de Comunicaci\u00f3n  y Prensa del MOPC, indica que los sectores son Los Panchos, Los L\u00f3pez III Salsipuedes,  Punta, La Espa\u00f1ola, La Joyita, Las Colinas y el Distrito Municipal Las Lagunas, en Moca.<\/span><\/p>\n<p><span class=\"text1noticias\"> <\/span><\/p>\n<p><span class=\"text1noticias\"> De su lado, el gobernador de Espaillat, Andr\u00e9s Dolin\u00e9 Ovalles, expres\u00f3 agradecimiento al gobierno del presidente Danilo Medina y al ministro Gonzalo Castillo por la r\u00e1pida intervenci\u00f3n en las zonas afectadas.<\/span><\/p>\n<p><span class=\"text1noticias\"> <\/span><\/p>\n<p><span class=\"text1noticias\">\u00abNosotros hemos estado recorriendo las zonas en la direcci\u00f3n de conocer cada una de las situaciones y constatar personalmente los da\u00f1os y tomando las medidas necesarias para resolver en lo inmediato los problemas de esta gente\u00bb, dijo.<\/span><\/p>\n<p><span class=\"text1noticias\"> <\/span><\/p>\n<p><span class=\"text1noticias\">En tanto que, Axel Pimentel indic\u00f3 que tan pronto el ministro Gonzalo Castillo se enter\u00f3 de la situaci\u00f3n orden\u00f3 a la comisi\u00f3n trasladarse al lugar y prestar toda la atenci\u00f3n necesaria para tomar las acciones necesarias que amerita la situaci\u00f3n.<\/span><\/p>\n<p><span class=\"text1noticias\"> <\/span><\/p>\n<p><span class=\"text1noticias\">Asimismo, varias unidades de la Comisi\u00f3n Militar se trasladaron a la demarcaci\u00f3n en referencia para ofrecer labores de apoyo y protecci\u00f3n a las familias afectadas.<\/span><\/p>\n<p><span class=\"text1noticias\"> <\/span><\/p>\n<p><span class=\"text1noticias\">En el sector Salsipuedes, en la calle Duarte fue afectado un puente cuya reparaci\u00f3n ser\u00e1 iniciada de inmediato.<\/span><\/p>\n<p><span class=\"text1noticias\"> <\/span><\/p>\n<p><span class=\"text1noticias\">Fuente: Departamento de prensa de MOPC<\/span><\/p>\n<h6> 2016-10-13 13:02:46 <\/h6>\n<p><!--\n<link rel=\"stylesheet\" href=\"css\/bootstrap.min.css\">\n\n\n<ul class=\"pagination\">\n\t    \n\t\n\n<li >\n\t<a href='?page_no=11868'>Previous<\/a>\n\t<\/li>\n\n\n       \n    \n\n<li><a href='?page_no=1'>1<\/a><\/li>\n\n\n\n<li><a href='?page_no=2'>2<\/a><\/li>\n\n\n\n<li><a>...<\/a><\/li>\n\n\n\n<li><a href='?page_no=11867'>11867<\/a><\/li>\n\n\n\n<li><a href='?page_no=11868'>11868<\/a><\/li>\n\n\n\n<li class='active'><a>11869<\/a><\/li>\n\n\n\n<li><a href='?page_no=11870'>11870<\/a><\/li>\n\n\n\n<li><a href='?page_no=11871'>11871<\/a><\/li>\n\n\n\n<li><a>...<\/a><\/li>\n\n\n\n<li><a href='?page_no=56169'>56169<\/a><\/li>\n\n\n\n<li><a href='?page_no=56170'>56170<\/a><\/li>\n\n    \n\t\n\n<li >\n\t<a href='?page_no=11870'>Next<\/a>\n\t<\/li>\n\n\n    \n\n<li><a href='?page_no=56170'>Last &rsaquo;&rsaquo;<\/a><\/li>\n\n<\/ul>\n\n\n--><br \/>\n<\/body><\/p>\n","protected":false},"excerpt":{"rendered":"<p>Moca, Espaillat, R. D., 13 de octubre.- Una comisi\u00f3n del Ministerio de Obras P\u00fablicas se traslad\u00f3 este mi\u00e9rcoles aqu\u00ed, donde realiz\u00f3 un descenso para evaluar los da\u00f1os ocasionados por la crecida del r\u00edo que lleva el nombre de este municipio que provoc\u00f3 la destrucci\u00f3n 49 viviendas y 300 fueron afectadas. La comisi\u00f3n integrada por Axel [&hellip;]<\/p>\n","protected":false},"author":3,"featured_media":0,"comment_status":"open","ping_status":"open","sticky":false,"template":"","format":"standard","meta":{"footnotes":""},"categories":[20],"tags":[],"class_list":["post-217336","post","type-post","status-publish","format-standard","hentry","category-dominicana-hoy"],"_links":{"self":[{"href":"https:\/\/diariodominicano.com\/index.php?rest_route=\/wp\/v2\/posts\/217336","targetHints":{"allow":["GET"]}}],"collection":[{"href":"https:\/\/diariodominicano.com\/index.php?rest_route=\/wp\/v2\/posts"}],"about":[{"href":"https:\/\/diariodominicano.com\/index.php?rest_route=\/wp\/v2\/types\/post"}],"author":[{"embeddable":true,"href":"https:\/\/diariodominicano.com\/index.php?rest_route=\/wp\/v2\/users\/3"}],"replies":[{"embeddable":true,"href":"https:\/\/diariodominicano.com\/index.php?rest_route=%2Fwp%2Fv2%2Fcomments&post=217336"}],"version-history":[{"count":0,"href":"https:\/\/diariodominicano.com\/index.php?rest_route=\/wp\/v2\/posts\/217336\/revisions"}],"wp:attachment":[{"href":"https:\/\/diariodominicano.com\/index.php?rest_route=%2Fwp%2Fv2%2Fmedia&parent=217336"}],"wp:term":[{"taxonomy":"category","embeddable":true,"href":"https:\/\/diariodominicano.com\/index.php?rest_route=%2Fwp%2Fv2%2Fcategories&post=217336"},{"taxonomy":"post_tag","embeddable":true,"href":"https:\/\/diariodominicano.com\/index.php?rest_route=%2Fwp%2Fv2%2Ftags&post=217336"}],"curies":[{"name":"wp","href":"https:\/\/api.w.org\/{rel}","templated":true}]}}