{"id":217333,"date":"2016-10-14T08:46:40","date_gmt":"2016-10-14T08:46:40","guid":{"rendered":"http:\/\/diariodominicano.ddns.net\/?p=217333"},"modified":"2016-10-14T08:46:40","modified_gmt":"2016-10-14T08:46:40","slug":"primera-dama-exhorta-mujeres-cuidarse-para-prevenir-el-cancer","status":"publish","type":"post","link":"https:\/\/diariodominicano.com\/?p=217333","title":{"rendered":"Primera Dama exhorta mujeres cuidarse para prevenir el c\u00e1ncer"},"content":{"rendered":"<p><body><\/p>\n<p><img decoding=\"async\" src=\"img3\/CandiMontilla14.jpg\" \/><br \/><img decoding=\"async\" src=\"img3\/dandialicia14.jpg\" \/>  <\/p>\n<p><span class=\"text1noticias\">Santo Domingo, R. D., 14 de octubre.- La Primera Dama de la Rep\u00fablica exhort\u00f3 a todas las mujeres dominicanas al cuidado y al coraje. A fin prevenir, con un diagn\u00f3stico a tiempo, la incidencia del c\u00e1ncer de mama en el pa\u00eds.<\/span><\/p>\n<p><span class=\"text1noticias\"> <\/span><\/p>\n<p><span class=\"text1noticias\">C\u00e1ndida Montilla de Medina habl\u00f3 en el acto de inicio del Mes de Concienciaci\u00f3n sobre el C\u00e1ncer de Mama. Organizado por el Despacho de la Primera Dama en el Centro de Convenciones de la Canciller\u00eda.<\/span><\/p>\n<p><span class=\"text1noticias\"> <\/span><\/p>\n<p><span class=\"text1noticias\">Manos solidarias y apoyo<\/span><\/p>\n<p><span class=\"text1noticias\"> <\/span><\/p>\n<p><span class=\"text1noticias\">\u00abEl c\u00e1ncer de mama no es m\u00e1s fuerte que nosotras ni m\u00e1s fuerte que nuestro amor por la vida y por los nuestros. Ni es m\u00e1s fuerte que nuestra fe en Dios, cuya misericordia obra milagros\u00bb, proclam\u00f3 Montilla de Medina.<\/span><\/p>\n<p><span class=\"text1noticias\"> <\/span><\/p>\n<p><span class=\"text1noticias\">Extendi\u00f3 la mano solidaria y el incondicional apoyo del Despacho de la Primera Dama a las mujeres dominicanas. <\/span><\/p>\n<p><span class=\"text1noticias\"> <\/span><\/p>\n<p><span class=\"text1noticias\">La Primera Dama de la Rep\u00fablica agradeci\u00f3 la respuesta que han venido dando las mujeres. Esto es, a los procesos de orientaci\u00f3n y concientizaci\u00f3n sobre la enfermedad.<\/span><\/p>\n<p><span class=\"text1noticias\"> <\/span><\/p>\n<p><span class=\"text1noticias\">\u00abNo desmayaremos hasta que en nuestro pa\u00eds existan mujeres que no hayan podido realizarse su mamograf\u00eda. Seguiremos haciendo operativos y llevando orientaci\u00f3n sobre el c\u00e1ncer de mama hasta detenerlo\u00bb, destac\u00f3.<\/span><\/p>\n<p><span class=\"text1noticias\"> <\/span><\/p>\n<p><span class=\"text1noticias\">Mujeres vitales que inspiran<\/span><\/p>\n<p><span class=\"text1noticias\"> <\/span><\/p>\n<p><span class=\"text1noticias\">Precis\u00f3 que octubre es una gran oportunidad para librar la batalla contra los estragos del c\u00e1ncer de mama. Aunque sobrecoge pensar en las miles de mujeres que son diagnosticadas con esa enfermedad.<\/span><\/p>\n<p><span class=\"text1noticias\"> <\/span><\/p>\n<p><span class=\"text1noticias\">Montilla de Medina dijo que esas son \u00abmujeres vitales, trabajadoras, rebosantes de ganas de vivir. Adem\u00e1s, comprometidas con sus familias y los afectos.<\/span><\/p>\n<p><span class=\"text1noticias\"> <\/span><\/p>\n<p><span class=\"text1noticias\">Resalt\u00f3 que pensando en ellas, el Despacho ha puesto \u00e9nfasis en la permanente campa\u00f1a de prevenci\u00f3n contra el c\u00e1ncer. As\u00ed como de otras enfermedades.<\/span><\/p>\n<p><span class=\"text1noticias\"> <\/span><\/p>\n<p><span class=\"text1noticias\">Dijo que los presentes en la charla conocen a mujeres que han sido impactadas por el c\u00e1ncer de mama. Las que dijo, llenan de orgullo a todos y ponen una gran ternura en los corazones.<\/span><\/p>\n<p><span class=\"text1noticias\"> <\/span><\/p>\n<p><span class=\"text1noticias\">\u00abUna de estas mujeres es Alicia Machado. Ella tiene mucho que decirnos y nosotros, particularmente las mujeres, mucho que aprender de su experiencia\u00bb, precis\u00f3.<\/span><\/p>\n<p><span class=\"text1noticias\"> <\/span><\/p>\n<p><span class=\"text1noticias\">Expuso que probablemente la de sobreviviente es la faceta menos conocida en la vida p\u00fablica de la artista. Pero no la menos importante.<\/span><\/p>\n<p><span class=\"text1noticias\"> <\/span><\/p>\n<p><span class=\"text1noticias\">No se dej\u00f3 vencer<\/span><\/p>\n<p><span class=\"text1noticias\"> <\/span><\/p>\n<p><span class=\"text1noticias\"> \u00abComo ha declarado a los medios de comunicaci\u00f3n en varias oportunidades. El diagn\u00f3stico y posterior tratamiento fue para ella una etapa muy dura. Pero no se dej\u00f3 vencer, y esa decisi\u00f3n es aleccionadora\u00bb, proclam\u00f3 Montilla de Medina, refiri\u00e9ndose a Machado.<\/span><\/p>\n<p><span class=\"text1noticias\"> <\/span><\/p>\n<p><span class=\"text1noticias\">Sostuvo que el c\u00e1ncer de mama no es una sentencia de muerte, si tomamos cuidados tan sencillos. Tales como incluir en nuestra rutina de salud el examen peri\u00f3dico de nuestros senos.<\/span><\/p>\n<p><span class=\"text1noticias\"> <\/span><\/p>\n<p><span class=\"text1noticias\">\u00abEn nombre del Despacho de la Primera Dama le doy la bienvenida a Alicia Machado. Le agradezco haber correspondido tan gentilmente a nuestra petici\u00f3n de estar aqu\u00ed esta noche\u00bb, dijo la primera Dama.<\/span><\/p>\n<p><span class=\"text1noticias\"> <\/span><\/p>\n<p><span class=\"text1noticias\"><strong>Machado insta a mujeres aprovechar acciones del Despacho contra el c\u00e1ncer<\/strong><\/span><\/p>\n<p><span class=\"text1noticias\"> <\/span><\/p>\n<p><span class=\"text1noticias\">Este a\u00f1o Montilla de Medina invit\u00f3 como conferencista magistral a la cantante, actriz y modelo, Alicia Machado. Quien adem\u00e1s fue Miss Universo 1996 y sobreviviente de c\u00e1ncer de mama.<\/span><\/p>\n<p><span class=\"text1noticias\"> <\/span><\/p>\n<p><span class=\"text1noticias\">La Modelo y actriz dict\u00f3 la conferencia \u00abAlicia Machado, Un Testimonio de Vida\u00bb. En la que inst\u00f3 a las mujeres a que aprovechen las acciones que realiza la Primera Dama en prevenci\u00f3n del c\u00e1ncer.<\/span><\/p>\n<p><span class=\"text1noticias\"> <\/span><\/p>\n<p><span class=\"text1noticias\">La actividad cont\u00f3 con la asistencia de la vicepresidenta Margarita Cede\u00f1o de Fern\u00e1ndez. As\u00ed como de la presidenta de la C\u00e1mara de Diputados, Luc\u00eda Medina y del canciller Miguel Vargas Maldonado.<\/span><\/p>\n<p><span class=\"text1noticias\"> <\/span><\/p>\n<p><span class=\"text1noticias\">Mujeres acuden a consulta<\/span><\/p>\n<p><span class=\"text1noticias\"> <\/span><\/p>\n<p><span class=\"text1noticias\">El Mes de la Concienciaci\u00f3n sobre el C\u00e1ncer de Mama llega en momentos en que muchas mujeres acuden a consulta. Y son ellas mismas las que exigen al m\u00e9dico que les indique su mamograf\u00eda.<\/span><\/p>\n<p><span class=\"text1noticias\"> <\/span><\/p>\n<p><span class=\"text1noticias\">Luchando hasta detenerlo<\/span><\/p>\n<p><span class=\"text1noticias\"> <\/span><\/p>\n<p><span class=\"text1noticias\">A trav\u00e9s del programa Mujeres Saludables el Despacho brinda a las mujeres m\u00e1s vulnerables, la oportunidad de una detecci\u00f3n temprana.<\/span><\/p>\n<h6> 2016-10-14 08:46:40 <\/h6>\n<p><!--\n<link rel=\"stylesheet\" href=\"css\/bootstrap.min.css\">\n\n\n<ul class=\"pagination\">\n\t    \n\t\n\n<li >\n\t<a href='?page_no=11865'>Previous<\/a>\n\t<\/li>\n\n\n       \n    \n\n<li><a href='?page_no=1'>1<\/a><\/li>\n\n\n\n<li><a href='?page_no=2'>2<\/a><\/li>\n\n\n\n<li><a>...<\/a><\/li>\n\n\n\n<li><a href='?page_no=11864'>11864<\/a><\/li>\n\n\n\n<li><a href='?page_no=11865'>11865<\/a><\/li>\n\n\n\n<li class='active'><a>11866<\/a><\/li>\n\n\n\n<li><a href='?page_no=11867'>11867<\/a><\/li>\n\n\n\n<li><a href='?page_no=11868'>11868<\/a><\/li>\n\n\n\n<li><a>...<\/a><\/li>\n\n\n\n<li><a href='?page_no=56169'>56169<\/a><\/li>\n\n\n\n<li><a href='?page_no=56170'>56170<\/a><\/li>\n\n    \n\t\n\n<li >\n\t<a href='?page_no=11867'>Next<\/a>\n\t<\/li>\n\n\n    \n\n<li><a href='?page_no=56170'>Last &rsaquo;&rsaquo;<\/a><\/li>\n\n<\/ul>\n\n\n--><br \/>\n<\/body><\/p>\n","protected":false},"excerpt":{"rendered":"<p>Santo Domingo, R. D., 14 de octubre.- La Primera Dama de la Rep\u00fablica exhort\u00f3 a todas las mujeres dominicanas al cuidado y al coraje. A fin prevenir, con un diagn\u00f3stico a tiempo, la incidencia del c\u00e1ncer de mama en el pa\u00eds. C\u00e1ndida Montilla de Medina habl\u00f3 en el acto de inicio del Mes de Concienciaci\u00f3n [&hellip;]<\/p>\n","protected":false},"author":3,"featured_media":0,"comment_status":"open","ping_status":"open","sticky":false,"template":"","format":"standard","meta":{"footnotes":""},"categories":[20],"tags":[],"class_list":["post-217333","post","type-post","status-publish","format-standard","hentry","category-dominicana-hoy"],"_links":{"self":[{"href":"https:\/\/diariodominicano.com\/index.php?rest_route=\/wp\/v2\/posts\/217333","targetHints":{"allow":["GET"]}}],"collection":[{"href":"https:\/\/diariodominicano.com\/index.php?rest_route=\/wp\/v2\/posts"}],"about":[{"href":"https:\/\/diariodominicano.com\/index.php?rest_route=\/wp\/v2\/types\/post"}],"author":[{"embeddable":true,"href":"https:\/\/diariodominicano.com\/index.php?rest_route=\/wp\/v2\/users\/3"}],"replies":[{"embeddable":true,"href":"https:\/\/diariodominicano.com\/index.php?rest_route=%2Fwp%2Fv2%2Fcomments&post=217333"}],"version-history":[{"count":0,"href":"https:\/\/diariodominicano.com\/index.php?rest_route=\/wp\/v2\/posts\/217333\/revisions"}],"wp:attachment":[{"href":"https:\/\/diariodominicano.com\/index.php?rest_route=%2Fwp%2Fv2%2Fmedia&parent=217333"}],"wp:term":[{"taxonomy":"category","embeddable":true,"href":"https:\/\/diariodominicano.com\/index.php?rest_route=%2Fwp%2Fv2%2Fcategories&post=217333"},{"taxonomy":"post_tag","embeddable":true,"href":"https:\/\/diariodominicano.com\/index.php?rest_route=%2Fwp%2Fv2%2Ftags&post=217333"}],"curies":[{"name":"wp","href":"https:\/\/api.w.org\/{rel}","templated":true}]}}