{"id":216370,"date":"2020-11-28T20:05:14","date_gmt":"2020-11-28T20:05:14","guid":{"rendered":"http:\/\/diariodominicano.ddns.net\/?p=216370"},"modified":"2020-11-28T20:05:14","modified_gmt":"2020-11-28T20:05:14","slug":"aprendo-2020-una-oportunidad-para-reimaginar-la-educacion-dominicana","status":"publish","type":"post","link":"https:\/\/diariodominicano.com\/?p=216370","title":{"rendered":"Aprendo 2020: una oportunidad para reimaginar la educaci\u00f3n dominicana"},"content":{"rendered":"<p><body><\/p>\n<p><img decoding=\"async\" src=\"img3\/educa000.png\" \/>  <\/p>\n<p>Aprendo 2020: una oportunidad para reimaginar la educaci\u00f3n dominicana<\/p>\n<\/p>\n<p>\u00b7         El tradicional evento ser\u00e1 desarrollado los d\u00edas 11, 12 y 16 de diciembre en formato h\u00edbrido<\/p>\n<\/p>\n<p>\u00b7         El congreso aportar\u00e1 a miles de docentes elementos para ajustar y mejorar el plan \u00abAprendiendo en casa, preservando la salud\u00bb<\/p>\n<\/p>\n<p>Santo Domingo, 25 de noviembre de 2020. El Banco Popular Dominicano y Acci\u00f3n Empresarial por la Educaci\u00f3n (EDUCA), presentaron este jueves en un encuentro telepresencial los fundamentos y contenidos de la Vig\u00e9simo cuarta edici\u00f3n del Congreso Internacional de Educaci\u00f3n Aprendo 2020.<\/p>\n<\/p>\n<p>Ante un auditorio integrado por autoridades nacionales, empresarios, formadores de opini\u00f3n y medios de comunicaci\u00f3n, se expusieron diversos aspectos de la tradicional actividad, que se llevar\u00e1 a cabo en formato h\u00edbrido-semipresencial, los d\u00edas 11, 12 y 16 de diciembre.<\/p>\n<\/p>\n<p>Este a\u00f1o el tema del congreso es \u00abReimaginando la educaci\u00f3n: un modelo h\u00edbrido\u00bb y en \u00e9l se abordar\u00e1n las oportunidades del sistema educativo dominicano, que surgen a ra\u00edz de la pandemia por COVID-19.<\/p>\n<\/p>\n<p>A este respecto, el presidente de EDUCA, se\u00f1or Samuel Conde, se\u00f1al\u00f3 que \u00abel prop\u00f3sito de esta edici\u00f3n del congreso se concentra en aportar elementos concretos y \u00fatiles para fortalecer y hacer m\u00e1s robusto el plan nacional \u00abAprendiendo en casa, preservando la salud\u00bb.<\/p>\n<\/p>\n<p>El destacado l\u00edder empresarial asegur\u00f3 que \u00abeste congreso, como ha ocurrido en las 23 versiones anteriores, no ser\u00eda posible sin el acompa\u00f1amiento pleno y permanente del Banco Popular Dominicano (&#8230;) A\u00fan en este a\u00f1o de tanta dificultad, con inusuales restricciones y bajo este formato semipresencial, el Banco Popular ha dicho presente, respaldando a EDUCA y a la educaci\u00f3n dominicana.\u00bb<\/p>\n<\/p>\n<p>En este sentido, la vicepresidente de Relaciones P\u00fablicas del Banco Popular Dominicano, se\u00f1ora Mariel Bera, explic\u00f3 que Aprendo es \u00abuna gran oportunidad para que nuestros docentes adquieran nuevas din\u00e1micas de adaptaci\u00f3n y salgan victoriosos de esta compleja situaci\u00f3n\u00bb.<\/p>\n<\/p>\n<p>\u00abAprovechemos las oportunidades que nos brindar\u00e1n las tecnolog\u00edas exponenciales, conozcamos bien sus posibilidades y sum\u00e9moslas a los valores y principios que gu\u00edan nuestro sistema educativo\u00bb, se\u00f1al\u00f3.<\/p>\n<\/p>\n<p>Mientras tanto, el director ejecutivo de Educa  se\u00f1or Darwin Caraballo, present\u00f3 los fundamentos de la estructura del congreso, y enfatiz\u00f3 tambi\u00e9n en la oportunidad que ofrecen las circunstancias extraordinarias que se viven hoy d\u00eda para reimaginar una nueva escuela en los escenarios incluso postpandemia \u00ab&#8230;que rompa con los l\u00edmites impuestos por las paredes de las aulas, porque ha quedado demostrado que la escuela trasciende a un edificio\u00bb.<\/p>\n<\/p>\n<p>Una vez concluida la presentaci\u00f3n, el director de EDUCA respondi\u00f3 a diversas preguntas de los medios de comunicaci\u00f3n relacionadas con el congreso y con la postura de la organizaci\u00f3n ante diversos temas vinculados con el inicio del a\u00f1o escolar.<\/p>\n<\/p>\n<p>La agenda de Aprendo 2020<\/p>\n<\/p>\n<p>El d\u00eda inaugural, 11 de diciembre, el evento se desarrollar\u00e1 en un formato h\u00edbrido-semipresencial en los salones Anacaona del Renaissance Santo Domingo Jaragua Hotel &amp; Casino, con aforo limitado.<\/p>\n<\/p>\n<p>El s\u00e1bado 12 de diciembre 8,000 docentes de todo el pa\u00eds trabajar\u00e1n en entornos telepresenciales.<\/p>\n<\/p>\n<p>Por \u00faltimo, el d\u00eda 16 de diciembre se presentar\u00e1n los resultados, hallazgos y principales recomendaciones en un webinario con participaci\u00f3n de autoridades del Ministerio de Educaci\u00f3n.<\/p>\n<\/p>\n<p> Jueves 26 de noviembre de 2020<\/p>\n<\/p>\n<h6> 2020-11-28 20:05:14 <\/h6>\n<p><!--\n<link rel=\"stylesheet\" href=\"css\/bootstrap.min.css\">\n\n\n<ul class=\"pagination\">\n\t    \n\t\n\n<li >\n\t<a href='?page_no=10'>Previous<\/a>\n\t<\/li>\n\n\n       \n    \n\n<li><a href='?page_no=1'>1<\/a><\/li>\n\n\n\n<li><a href='?page_no=2'>2<\/a><\/li>\n\n\n\n<li><a>...<\/a><\/li>\n\n\n\n<li><a href='?page_no=9'>9<\/a><\/li>\n\n\n\n<li><a href='?page_no=10'>10<\/a><\/li>\n\n\n\n<li class='active'><a>11<\/a><\/li>\n\n\n\n<li><a href='?page_no=12'>12<\/a><\/li>\n\n\n\n<li><a href='?page_no=13'>13<\/a><\/li>\n\n\n\n<li><a>...<\/a><\/li>\n\n\n\n<li><a href='?page_no=56169'>56169<\/a><\/li>\n\n\n\n<li><a href='?page_no=56170'>56170<\/a><\/li>\n\n    \n\t\n\n<li >\n\t<a href='?page_no=12'>Next<\/a>\n\t<\/li>\n\n\n    \n\n<li><a href='?page_no=56170'>Last &rsaquo;&rsaquo;<\/a><\/li>\n\n<\/ul>\n\n\n--><br \/>\n<\/body><\/p>\n","protected":false},"excerpt":{"rendered":"<p>Aprendo 2020: una oportunidad para reimaginar la educaci\u00f3n dominicana \u00b7 El tradicional evento ser\u00e1 desarrollado los d\u00edas 11, 12 y 16 de diciembre en formato h\u00edbrido \u00b7 El congreso aportar\u00e1 a miles de docentes elementos para ajustar y mejorar el plan \u00abAprendiendo en casa, preservando la salud\u00bb Santo Domingo, 25 de noviembre de 2020. El [&hellip;]<\/p>\n","protected":false},"author":3,"featured_media":0,"comment_status":"open","ping_status":"open","sticky":false,"template":"","format":"standard","meta":{"footnotes":""},"categories":[20],"tags":[],"class_list":["post-216370","post","type-post","status-publish","format-standard","hentry","category-dominicana-hoy"],"_links":{"self":[{"href":"https:\/\/diariodominicano.com\/index.php?rest_route=\/wp\/v2\/posts\/216370","targetHints":{"allow":["GET"]}}],"collection":[{"href":"https:\/\/diariodominicano.com\/index.php?rest_route=\/wp\/v2\/posts"}],"about":[{"href":"https:\/\/diariodominicano.com\/index.php?rest_route=\/wp\/v2\/types\/post"}],"author":[{"embeddable":true,"href":"https:\/\/diariodominicano.com\/index.php?rest_route=\/wp\/v2\/users\/3"}],"replies":[{"embeddable":true,"href":"https:\/\/diariodominicano.com\/index.php?rest_route=%2Fwp%2Fv2%2Fcomments&post=216370"}],"version-history":[{"count":0,"href":"https:\/\/diariodominicano.com\/index.php?rest_route=\/wp\/v2\/posts\/216370\/revisions"}],"wp:attachment":[{"href":"https:\/\/diariodominicano.com\/index.php?rest_route=%2Fwp%2Fv2%2Fmedia&parent=216370"}],"wp:term":[{"taxonomy":"category","embeddable":true,"href":"https:\/\/diariodominicano.com\/index.php?rest_route=%2Fwp%2Fv2%2Fcategories&post=216370"},{"taxonomy":"post_tag","embeddable":true,"href":"https:\/\/diariodominicano.com\/index.php?rest_route=%2Fwp%2Fv2%2Ftags&post=216370"}],"curies":[{"name":"wp","href":"https:\/\/api.w.org\/{rel}","templated":true}]}}