{"id":215259,"date":"2020-11-28T20:31:35","date_gmt":"2020-11-28T20:31:35","guid":{"rendered":"http:\/\/diariodominicano.ddns.net\/?p=215259"},"modified":"2020-11-28T20:31:35","modified_gmt":"2020-11-28T20:31:35","slug":"invi-informa-reinicio-de-trabajos-de-construccion-del-hospital-municipal-villa-hermosa-en-la-romana","status":"publish","type":"post","link":"https:\/\/diariodominicano.com\/?p=215259","title":{"rendered":"&#13;INVI informa reinicio de trabajos de construcci\u00f3n del hospital municipal Villa Hermosa en La Romana"},"content":{"rendered":"<p><body><\/p>\n<p><img decoding=\"async\" src=\"img3\/PHOTO-2020-11-28-15-50-42 (1).jpg\" \/>  <\/p>\n<p><strong>INVI informa reinicio de trabajos de construcci\u00f3n del hospital municipal Villa Hermosa en La Romana <\/strong><\/p>\n<p><strong>*El espacio, construido sobre un \u00e1rea de 5.684 metros cuadrados, contar\u00e1 con 32 camas de internamiento*<\/strong><\/p>\n<p><strong>La Romana, Rep\u00fablica Dominicana.-<\/strong> En una actividad encabezada por el Presidente de la Rep\u00fablica, Luis Abinader, el Director General del Instituto Nacional de la Vivienda (INVI), Carlos Bonilla, dio a conocer el s\u00e1bado en esta provincia del Este, que ser\u00e1n retomados los trabajos de construcci\u00f3n del Hospital Municipal Villa Hermosa, centro que estaba previsto entregarse en este a\u00f1o 2020 y el cual solo est\u00e1 avanzado en un cinco por ciento.<\/p>\n<\/p>\n<p>En su discurso en esta demarcaci\u00f3n cuna de reconocidos peloteros y de industria azucarera, el ingeniero Bonilla explic\u00f3 que el centro de salud contar\u00e1 con emergencia, bloque quir\u00fargico, dos quir\u00f3fanos, una sala de parto, pre y post operatorio con dos estaciones cada uno, neonatal con seis cub\u00edculos, dos de ellos aislados, \u00e1rea de im\u00e1genes, laboratorio, farmacia entres otros espacios destinados al servicio de salud.<\/p>\n<\/p>\n<p>\u00abJunto a nuestro equipo de ingenieros, nos comprometemos a trabajar ardua y eficientemente para que este hospital tenga la infraestructura necesaria para ofrecer los servicios de salud con calidad para nuestros ciudadanos\u00bb destac\u00f3 el director del INVI.<\/p>\n<\/p>\n<p>En este mismo orden, el presidente Luis Abinader manifest\u00f3 que no importa qui\u00e9n inici\u00f3 este hospital de Villa Hermosa, pero dej\u00f3 claro que lo importante es llevarle salud a los dominicanos y a los habitantes de este municipio en La Romana.<\/p>\n<\/p>\n<p>Asimismo, el primer mandatario expres\u00f3 que el presupuesto para estas obras tienen muchas limitaciones, pero que \u00aben el Gobierno del cambio no hay dinero para nuevas jeepetas, para nuevas oficinas, para viajes, para lujos, pero s\u00ed hay dinero para salud, para seguridad y viviendas\u00bb a\u00f1adi\u00f3 Abinader.<\/p>\n<\/p>\n<p>El nuevo hospital est\u00e1 dise\u00f1ado de acuerdo a las normas hospitalarias del Ministerio de Salud P\u00fablica (MSP), la Organizaci\u00f3n Panamericana de la Salud (OPS) y la Organizaci\u00f3n Mundial de la Salud (OMS).<\/p>\n<\/p>\n<p>En el acto estuvieron presentes junto al presidente y el director general del INVI, la gobernadora, el senador y diputado por la provincia La Romana, Jackeline Fern\u00e1ndez Brito, Iv\u00e1n Jos\u00e9 Silva Fern\u00e1ndez y Eugenio Cede\u00f1o Arache, entre otros funcionarios.<\/p>\n<\/p>\n<h6> 2020-11-28 20:31:35 <\/h6>\n<p><!--\n<link rel=\"stylesheet\" href=\"css\/bootstrap.min.css\">\n\n\n<ul class=\"pagination\">\n\t    \n\t\n\n<li >\n\t<a href='?page_no=9'>Previous<\/a>\n\t<\/li>\n\n\n       \n    \n\n<li><a href='?page_no=1'>1<\/a><\/li>\n\n\n\n<li><a href='?page_no=2'>2<\/a><\/li>\n\n\n\n<li><a>...<\/a><\/li>\n\n\n\n<li><a href='?page_no=8'>8<\/a><\/li>\n\n\n\n<li><a href='?page_no=9'>9<\/a><\/li>\n\n\n\n<li class='active'><a>10<\/a><\/li>\n\n\n\n<li><a href='?page_no=11'>11<\/a><\/li>\n\n\n\n<li><a href='?page_no=12'>12<\/a><\/li>\n\n\n\n<li><a>...<\/a><\/li>\n\n\n\n<li><a href='?page_no=56169'>56169<\/a><\/li>\n\n\n\n<li><a href='?page_no=56170'>56170<\/a><\/li>\n\n    \n\t\n\n<li >\n\t<a href='?page_no=11'>Next<\/a>\n\t<\/li>\n\n\n    \n\n<li><a href='?page_no=56170'>Last &rsaquo;&rsaquo;<\/a><\/li>\n\n<\/ul>\n\n\n--><br \/>\n<\/body><\/p>\n","protected":false},"excerpt":{"rendered":"<p>INVI informa reinicio de trabajos de construcci\u00f3n del hospital municipal Villa Hermosa en La Romana *El espacio, construido sobre un \u00e1rea de 5.684 metros cuadrados, contar\u00e1 con 32 camas de internamiento* La Romana, Rep\u00fablica Dominicana.- En una actividad encabezada por el Presidente de la Rep\u00fablica, Luis Abinader, el Director General del Instituto Nacional de la [&hellip;]<\/p>\n","protected":false},"author":3,"featured_media":0,"comment_status":"open","ping_status":"open","sticky":false,"template":"","format":"standard","meta":{"footnotes":""},"categories":[20],"tags":[],"class_list":["post-215259","post","type-post","status-publish","format-standard","hentry","category-dominicana-hoy"],"_links":{"self":[{"href":"https:\/\/diariodominicano.com\/index.php?rest_route=\/wp\/v2\/posts\/215259","targetHints":{"allow":["GET"]}}],"collection":[{"href":"https:\/\/diariodominicano.com\/index.php?rest_route=\/wp\/v2\/posts"}],"about":[{"href":"https:\/\/diariodominicano.com\/index.php?rest_route=\/wp\/v2\/types\/post"}],"author":[{"embeddable":true,"href":"https:\/\/diariodominicano.com\/index.php?rest_route=\/wp\/v2\/users\/3"}],"replies":[{"embeddable":true,"href":"https:\/\/diariodominicano.com\/index.php?rest_route=%2Fwp%2Fv2%2Fcomments&post=215259"}],"version-history":[{"count":0,"href":"https:\/\/diariodominicano.com\/index.php?rest_route=\/wp\/v2\/posts\/215259\/revisions"}],"wp:attachment":[{"href":"https:\/\/diariodominicano.com\/index.php?rest_route=%2Fwp%2Fv2%2Fmedia&parent=215259"}],"wp:term":[{"taxonomy":"category","embeddable":true,"href":"https:\/\/diariodominicano.com\/index.php?rest_route=%2Fwp%2Fv2%2Fcategories&post=215259"},{"taxonomy":"post_tag","embeddable":true,"href":"https:\/\/diariodominicano.com\/index.php?rest_route=%2Fwp%2Fv2%2Ftags&post=215259"}],"curies":[{"name":"wp","href":"https:\/\/api.w.org\/{rel}","templated":true}]}}