{"id":215075,"date":"2012-11-29T20:11:35","date_gmt":"2012-11-29T20:11:35","guid":{"rendered":"http:\/\/diariodominicano.ddns.net\/?p=215075"},"modified":"2012-11-29T20:11:35","modified_gmt":"2012-11-29T20:11:35","slug":"anuncian-torneos-regionales-atletismo","status":"publish","type":"post","link":"https:\/\/diariodominicano.com\/?p=215075","title":{"rendered":"Anuncian Torneos Regionales Atletismo"},"content":{"rendered":"<p><body><\/p>\n<p><span class=\"text1noticias\">Rep. Dom. 29 de Noviembre 04:15 P.M.-La Federaci\u00f3n Dominicana de Asociaciones de Atletismo anunci\u00f3 la celebraci\u00f3n para este s\u00e1bado a las nueve de la ma\u00f1ana de los Torneos Regionales Infantiles de manera simult\u00e1nea en seis provincias del pa\u00eds donde accionar\u00e1n m\u00e1s de 350 atletas entre 10 y 14 a\u00f1os en las diferentes modalidades.<\/span><\/p>\n<\/p>\n<p><span class=\"text1noticias\">La informaci\u00f3n la dio a conocer el licenciado Gerardo Suero Correa, presidente de la Federaci\u00f3n de Atletismo, quien se\u00f1al\u00f3 que varios miembros del Comit\u00e9 Ejecutivo estar\u00e1n trabajando como supervisores y coordinadores en los diferentes pueblos. Dijo que con esta actividad la Federaci\u00f3n cierra sus fructiferas actividades del a\u00f1o 2012, tanto en el orden competitivo como organizativo.<\/span><\/p>\n<\/p>\n<p><span class=\"text1noticias\">Dijo que los atletas que logren las mejores marcas estar\u00e1n en las preselecciones para el Campeonato Centroamericano y del Caribe que se celebrar\u00e1 los d\u00edas 29 y 30 de junio del a\u00f1o que viene en Curazao. Competir\u00e1n en las modalidades de h\u00e9ptatl\u00f3n y pentatl\u00f3n.<\/span><\/p>\n<\/p>\n<p><span class=\"text1noticias\">Manifest\u00f3 que en San Pedro de Macoris estar\u00e1n los atletas de las provincias de La Romana, el Seybo, Higuey, Hato Mayor. Mariano Cede\u00f1o ser\u00e1 el supervisor y Luis Morb\u00e1n el coordinador.<\/span><\/p>\n<\/p>\n<p><span class=\"text1noticias\">En San Crist\u00f3bal asistir\u00e1n los atletas de Bayaguana, Distrito Nacional, Provincia Santo Domingo. Rosario Castillo ser\u00e1 el coordinador y C\u00e1ndida Asencio como coordinador.<\/span><\/p>\n<\/p>\n<p><span class=\"text1noticias\">En San Juan de la Maguana, ir\u00e1n Elias Pi\u00f1a, Azua, Ban\u00ed. Supervisar\u00e1 Ram\u00f3n Valdez y M\u00e1ximo Paniagua ser\u00e1 el coordinador.<\/span><\/p>\n<\/p>\n<p><span class=\"text1noticias\">En Moca, La Vega, Bonao, Nagua, Samana, Salcedo y San Francisco de Macoris. Suero Correa ser\u00e1 el supervisor y Santo V\u00e1squez el coordinador.<\/span><\/p>\n<\/p>\n<p><span class=\"text1noticias\">En Mao, ir\u00e1n los atletas de Montecristy, Dajab\u00f3n, Santiago Rodr\u00edguez, Santiago, Puerto Plata. Radhames Brea ser\u00e1 el supervisor y Miguel Nu\u00f1ez, el coordinador.<\/span><\/p>\n<\/p>\n<p><span class=\"text1noticias\">En Barahona estar\u00e1n Neyba, Pedernales, Independencia, el supervisor ser\u00e1 Alberto Florian y Alejandro Medina el coordinador.(HG)<\/span>.<\/p>\n<\/p>\n<\/p>\n<h6> 2012-11-29 20:11:35 <\/h6>\n<p><!--\n<link rel=\"stylesheet\" href=\"css\/bootstrap.min.css\">\n\n\n<ul class=\"pagination\">\n\t    \n\t\n\n<li >\n\t<a href='?page_no=22184'>Previous<\/a>\n\t<\/li>\n\n\n       \n    \n\n<li><a href='?page_no=1'>1<\/a><\/li>\n\n\n\n<li><a href='?page_no=2'>2<\/a><\/li>\n\n\n\n<li><a>...<\/a><\/li>\n\n\n\n<li><a href='?page_no=22183'>22183<\/a><\/li>\n\n\n\n<li><a href='?page_no=22184'>22184<\/a><\/li>\n\n\n\n<li class='active'><a>22185<\/a><\/li>\n\n\n\n<li><a href='?page_no=22186'>22186<\/a><\/li>\n\n\n\n<li><a href='?page_no=22187'>22187<\/a><\/li>\n\n\n\n<li><a>...<\/a><\/li>\n\n\n\n<li><a href='?page_no=36618'>36618<\/a><\/li>\n\n\n\n<li><a href='?page_no=36619'>36619<\/a><\/li>\n\n    \n\t\n\n<li >\n\t<a href='?page_no=22186'>Next<\/a>\n\t<\/li>\n\n\n    \n\n<li><a href='?page_no=36619'>Last &rsaquo;&rsaquo;<\/a><\/li>\n\n<\/ul>\n\n\n--><br \/>\n<\/body><\/p>\n","protected":false},"excerpt":{"rendered":"<p>Rep. Dom. 29 de Noviembre 04:15 P.M.-La Federaci\u00f3n Dominicana de Asociaciones de Atletismo anunci\u00f3 la celebraci\u00f3n para este s\u00e1bado a las nueve de la ma\u00f1ana de los Torneos Regionales Infantiles de manera simult\u00e1nea en seis provincias del pa\u00eds donde accionar\u00e1n m\u00e1s de 350 atletas entre 10 y 14 a\u00f1os en las diferentes modalidades. La informaci\u00f3n [&hellip;]<\/p>\n","protected":false},"author":3,"featured_media":0,"comment_status":"open","ping_status":"open","sticky":false,"template":"","format":"standard","meta":{"footnotes":""},"categories":[17],"tags":[],"class_list":["post-215075","post","type-post","status-publish","format-standard","hentry","category-deportes"],"_links":{"self":[{"href":"https:\/\/diariodominicano.com\/index.php?rest_route=\/wp\/v2\/posts\/215075","targetHints":{"allow":["GET"]}}],"collection":[{"href":"https:\/\/diariodominicano.com\/index.php?rest_route=\/wp\/v2\/posts"}],"about":[{"href":"https:\/\/diariodominicano.com\/index.php?rest_route=\/wp\/v2\/types\/post"}],"author":[{"embeddable":true,"href":"https:\/\/diariodominicano.com\/index.php?rest_route=\/wp\/v2\/users\/3"}],"replies":[{"embeddable":true,"href":"https:\/\/diariodominicano.com\/index.php?rest_route=%2Fwp%2Fv2%2Fcomments&post=215075"}],"version-history":[{"count":0,"href":"https:\/\/diariodominicano.com\/index.php?rest_route=\/wp\/v2\/posts\/215075\/revisions"}],"wp:attachment":[{"href":"https:\/\/diariodominicano.com\/index.php?rest_route=%2Fwp%2Fv2%2Fmedia&parent=215075"}],"wp:term":[{"taxonomy":"category","embeddable":true,"href":"https:\/\/diariodominicano.com\/index.php?rest_route=%2Fwp%2Fv2%2Fcategories&post=215075"},{"taxonomy":"post_tag","embeddable":true,"href":"https:\/\/diariodominicano.com\/index.php?rest_route=%2Fwp%2Fv2%2Ftags&post=215075"}],"curies":[{"name":"wp","href":"https:\/\/api.w.org\/{rel}","templated":true}]}}