{"id":215073,"date":"2012-11-29T22:04:37","date_gmt":"2012-11-29T22:04:37","guid":{"rendered":"http:\/\/diariodominicano.ddns.net\/?p=215073"},"modified":"2012-11-29T22:04:37","modified_gmt":"2012-11-29T22:04:37","slug":"club-jimenez-moya-de-vuelta-larga-y-la-fundacion-pok-ta-pok-reconocen-a-felix-alcantara","status":"publish","type":"post","link":"https:\/\/diariodominicano.com\/?p=215073","title":{"rendered":"Club Jim\u00e9nez Moya de Vuelta Larga y la fundaci\u00f3n POK-TA-POK reconocen a F\u00e9lix Alc\u00e1ntara"},"content":{"rendered":"<p><body><\/p>\n<p><span class=\"text1noticias\">Rep. Dom. 29 de Noviembre 06:05 P.M.-El Club Cultural y Deportivo Jim\u00e9nez Moya de la comunidad de Vuelta Larga de Santiago y la Fundaci\u00f3n Pok-Ta-Pok reconocieron el pasado fin de semana al destacado dirigente deportivo y actual director de deportes, licenciado F\u00e9lix Alc\u00e1ntara.<\/span><\/p>\n<\/p>\n<p><span class=\"text1noticias\">Dicho reconocimiento fue realizado con la entrega de una placa que reza de la siguiente manera, \u00abPor su aceptada designaci\u00f3n como nuevo director de deportes de Santiago y por los grandes aportes que ha venido realizando de manera desinteresada, desde hace varios a\u00f1os a  favor de la juventud y la familia deportista de nuestra comunidad, nos honra reconocer al licenciado F\u00e9lix Alc\u00e1ntara\u00bb.<\/span><\/p>\n<\/p>\n<p><span class=\"text1noticias\">Dicha placa fue firmada por los se\u00f1ores Alfonso Reyes y Jos\u00e9 Dilone, quienes son los presidentes del Club Cultural y Deportivo Jim\u00e9nez Moya y la Fundaci\u00f3n Pok-Ta-Pok respectivamente.<\/span><\/p>\n<\/p>\n<p><span class=\"text1noticias\">\u00abAlc\u00e1ntara realiz\u00f3 previo a su reconocimiento una charla de motivaci\u00f3n a las pr\u00e1cticas deportivas en las diferentes disciplinas, donde participaron cientos de ni\u00f1os y adolescentes que pertenecen al Club Jim\u00e9nez Moya y la Fundaci\u00f3n Pok-Ta-Pok\u00bb  valor\u00f3 como positiva la masiva presencia de los ni\u00f1os en ese importante evento y se comprometi\u00f3 de manera p\u00fablica a realizar todos los aportes necesarios desde el Ministerio de Deportes para apoyar directamente a las nuevas estrellas deportivas del futuro de nuestro pa\u00eds.(HG)<\/span>.<\/p>\n<\/p>\n<h6> 2012-11-29 22:04:37 <\/h6>\n<p><!--\n<link rel=\"stylesheet\" href=\"css\/bootstrap.min.css\">\n\n\n<ul class=\"pagination\">\n\t    \n\t\n\n<li >\n\t<a href='?page_no=22182'>Previous<\/a>\n\t<\/li>\n\n\n       \n    \n\n<li><a href='?page_no=1'>1<\/a><\/li>\n\n\n\n<li><a href='?page_no=2'>2<\/a><\/li>\n\n\n\n<li><a>...<\/a><\/li>\n\n\n\n<li><a href='?page_no=22181'>22181<\/a><\/li>\n\n\n\n<li><a href='?page_no=22182'>22182<\/a><\/li>\n\n\n\n<li class='active'><a>22183<\/a><\/li>\n\n\n\n<li><a href='?page_no=22184'>22184<\/a><\/li>\n\n\n\n<li><a href='?page_no=22185'>22185<\/a><\/li>\n\n\n\n<li><a>...<\/a><\/li>\n\n\n\n<li><a href='?page_no=36618'>36618<\/a><\/li>\n\n\n\n<li><a href='?page_no=36619'>36619<\/a><\/li>\n\n    \n\t\n\n<li >\n\t<a href='?page_no=22184'>Next<\/a>\n\t<\/li>\n\n\n    \n\n<li><a href='?page_no=36619'>Last &rsaquo;&rsaquo;<\/a><\/li>\n\n<\/ul>\n\n\n--><br \/>\n<\/body><\/p>\n","protected":false},"excerpt":{"rendered":"<p>Rep. Dom. 29 de Noviembre 06:05 P.M.-El Club Cultural y Deportivo Jim\u00e9nez Moya de la comunidad de Vuelta Larga de Santiago y la Fundaci\u00f3n Pok-Ta-Pok reconocieron el pasado fin de semana al destacado dirigente deportivo y actual director de deportes, licenciado F\u00e9lix Alc\u00e1ntara. Dicho reconocimiento fue realizado con la entrega de una placa que reza [&hellip;]<\/p>\n","protected":false},"author":3,"featured_media":0,"comment_status":"open","ping_status":"open","sticky":false,"template":"","format":"standard","meta":{"footnotes":""},"categories":[17],"tags":[],"class_list":["post-215073","post","type-post","status-publish","format-standard","hentry","category-deportes"],"_links":{"self":[{"href":"https:\/\/diariodominicano.com\/index.php?rest_route=\/wp\/v2\/posts\/215073","targetHints":{"allow":["GET"]}}],"collection":[{"href":"https:\/\/diariodominicano.com\/index.php?rest_route=\/wp\/v2\/posts"}],"about":[{"href":"https:\/\/diariodominicano.com\/index.php?rest_route=\/wp\/v2\/types\/post"}],"author":[{"embeddable":true,"href":"https:\/\/diariodominicano.com\/index.php?rest_route=\/wp\/v2\/users\/3"}],"replies":[{"embeddable":true,"href":"https:\/\/diariodominicano.com\/index.php?rest_route=%2Fwp%2Fv2%2Fcomments&post=215073"}],"version-history":[{"count":0,"href":"https:\/\/diariodominicano.com\/index.php?rest_route=\/wp\/v2\/posts\/215073\/revisions"}],"wp:attachment":[{"href":"https:\/\/diariodominicano.com\/index.php?rest_route=%2Fwp%2Fv2%2Fmedia&parent=215073"}],"wp:term":[{"taxonomy":"category","embeddable":true,"href":"https:\/\/diariodominicano.com\/index.php?rest_route=%2Fwp%2Fv2%2Fcategories&post=215073"},{"taxonomy":"post_tag","embeddable":true,"href":"https:\/\/diariodominicano.com\/index.php?rest_route=%2Fwp%2Fv2%2Ftags&post=215073"}],"curies":[{"name":"wp","href":"https:\/\/api.w.org\/{rel}","templated":true}]}}