{"id":215013,"date":"2012-12-07T18:04:46","date_gmt":"2012-12-07T18:04:46","guid":{"rendered":"http:\/\/diariodominicano.ddns.net\/?p=215013"},"modified":"2012-12-07T18:04:46","modified_gmt":"2012-12-07T18:04:46","slug":"juramentan-comite-organizador-juegos-municipales-samana","status":"publish","type":"post","link":"https:\/\/diariodominicano.com\/?p=215013","title":{"rendered":"Juramentan comit\u00e9 organizador Juegos Municipales Saman\u00e1"},"content":{"rendered":"<p><body><\/p>\n<p>Santo Domingo RD 7 diciembre.- El Ministro de Deportes, doctor Jaime David Fern\u00e1ndez Mirabal, jurament\u00f3 al licenciado Miguel Bezzi como presidente del Comit\u00e9 Organizador de los Juegos Municipales de Saman\u00e1, evento que ser\u00e1 montado del 25 de noviembre al 4 de diciembre de 2014.<\/p>\n<\/p>\n<p>Con la designaci\u00f3n de Bezzi, Alcalde de Saman\u00e1, el Ministerio de Deportes, conjuntamente con las federaciones y asociaciones deportivas, inici\u00f3 la organizaci\u00f3n de los juegos en todo el pa\u00eds.<\/p>\n<\/p>\n<p>Fern\u00e1ndez Mirabal se traslad\u00f3 a Saman\u00e1 para dejar instalado el primer Comit\u00e9 Organizador de esos juegos.<\/p>\n<\/p>\n<p>La m\u00e1xima autoridad deportiva del pa\u00eds explic\u00f3 que los Juegos Municipales ser\u00e1n celebrados dentro de las fiestas patronales de cada demarcaci\u00f3n. Los comit\u00e9s organizadores ser\u00e1n encabezados por los alcaldes.<\/p>\n<\/p>\n<p>\u00abLos Municipales deber\u00e1n convertirse en Juegos Clasificatorios para los Provinciales\u00bb, sostuvo.<\/p>\n<\/p>\n<p>Fern\u00e1ndez Mirabal inform\u00f3 que en los pr\u00f3ximos d\u00edas ser\u00e1n juramentados los comit\u00e9s organizadores de los Juegos Municipales de Las Matas de Farf\u00e1n, Cotu\u00ed, Salcedo, Bayaguana, Oviedo, Polo, en Barahona y otros.<\/p>\n<\/p>\n<p>\u00abEstas juramentaciones busca iniciar con tiempo y bien planificados, los Juegos Municipales del deporte, la cultura y las tradiciones de las diferentes comunidades\u00bb, precis\u00f3.<\/p>\n<\/p>\n<p>De su lado, Bezzi dijo sentirse comprometido con la celebraci\u00f3n de esos juegos, que a su entender ser\u00e1n los mejores del pa\u00eds.<\/p>\n<\/p>\n<p>\u00abAsumimos elcompromiso de presidir el Comit\u00e9 Organizador de los Juegos Municipales para ponerle algo especial a nuestras fiestas patronales. \u00abEstamos seguros de que las patronales ser\u00e1n mucho m\u00e1s integrales de toda la comunidad\u00bb, precis\u00f3 el Alcalde de Saman\u00e1.<\/p>\n<\/p>\n<p>Explic\u00f3 que se competir\u00e1 en varias disciplinas deportivas como voleibol, baloncesto, softbol, entre otras.<\/p>\n<\/p>\n<p>\u00abSer\u00e1 una verdadera fiesta donde la recreaci\u00f3n y nuestras manifestaciones culturales har\u00e1n acto de presencia\u00bb.<\/p>\n<\/p>\n<p>Tambi\u00e9n forman parte del Comit\u00e9 Organizador, Lorenzo Moya, director del Distrito Escolar de Saman\u00e1, y Jos\u00e9 Luis Espino, Director de Deportes de la provincia, entre otros.<\/p>\n<\/p>\n<p>of\/am<\/p>\n<\/p>\n<\/p>\n<p>Compartir en:<\/p>\n<h6> 2012-12-07 18:04:46 <\/h6>\n<p><!--\n<link rel=\"stylesheet\" href=\"css\/bootstrap.min.css\">\n\n\n<ul class=\"pagination\">\n\t    \n\t\n\n<li >\n\t<a href='?page_no=22122'>Previous<\/a>\n\t<\/li>\n\n\n       \n    \n\n<li><a href='?page_no=1'>1<\/a><\/li>\n\n\n\n<li><a href='?page_no=2'>2<\/a><\/li>\n\n\n\n<li><a>...<\/a><\/li>\n\n\n\n<li><a href='?page_no=22121'>22121<\/a><\/li>\n\n\n\n<li><a href='?page_no=22122'>22122<\/a><\/li>\n\n\n\n<li class='active'><a>22123<\/a><\/li>\n\n\n\n<li><a href='?page_no=22124'>22124<\/a><\/li>\n\n\n\n<li><a href='?page_no=22125'>22125<\/a><\/li>\n\n\n\n<li><a>...<\/a><\/li>\n\n\n\n<li><a href='?page_no=36618'>36618<\/a><\/li>\n\n\n\n<li><a href='?page_no=36619'>36619<\/a><\/li>\n\n    \n\t\n\n<li >\n\t<a href='?page_no=22124'>Next<\/a>\n\t<\/li>\n\n\n    \n\n<li><a href='?page_no=36619'>Last &rsaquo;&rsaquo;<\/a><\/li>\n\n<\/ul>\n\n\n--><br \/>\n<\/body><\/p>\n","protected":false},"excerpt":{"rendered":"<p>Santo Domingo RD 7 diciembre.- El Ministro de Deportes, doctor Jaime David Fern\u00e1ndez Mirabal, jurament\u00f3 al licenciado Miguel Bezzi como presidente del Comit\u00e9 Organizador de los Juegos Municipales de Saman\u00e1, evento que ser\u00e1 montado del 25 de noviembre al 4 de diciembre de 2014. Con la designaci\u00f3n de Bezzi, Alcalde de Saman\u00e1, el Ministerio de [&hellip;]<\/p>\n","protected":false},"author":3,"featured_media":0,"comment_status":"open","ping_status":"open","sticky":false,"template":"","format":"standard","meta":{"footnotes":""},"categories":[17],"tags":[],"class_list":["post-215013","post","type-post","status-publish","format-standard","hentry","category-deportes"],"_links":{"self":[{"href":"https:\/\/diariodominicano.com\/index.php?rest_route=\/wp\/v2\/posts\/215013","targetHints":{"allow":["GET"]}}],"collection":[{"href":"https:\/\/diariodominicano.com\/index.php?rest_route=\/wp\/v2\/posts"}],"about":[{"href":"https:\/\/diariodominicano.com\/index.php?rest_route=\/wp\/v2\/types\/post"}],"author":[{"embeddable":true,"href":"https:\/\/diariodominicano.com\/index.php?rest_route=\/wp\/v2\/users\/3"}],"replies":[{"embeddable":true,"href":"https:\/\/diariodominicano.com\/index.php?rest_route=%2Fwp%2Fv2%2Fcomments&post=215013"}],"version-history":[{"count":0,"href":"https:\/\/diariodominicano.com\/index.php?rest_route=\/wp\/v2\/posts\/215013\/revisions"}],"wp:attachment":[{"href":"https:\/\/diariodominicano.com\/index.php?rest_route=%2Fwp%2Fv2%2Fmedia&parent=215013"}],"wp:term":[{"taxonomy":"category","embeddable":true,"href":"https:\/\/diariodominicano.com\/index.php?rest_route=%2Fwp%2Fv2%2Fcategories&post=215013"},{"taxonomy":"post_tag","embeddable":true,"href":"https:\/\/diariodominicano.com\/index.php?rest_route=%2Fwp%2Fv2%2Ftags&post=215013"}],"curies":[{"name":"wp","href":"https:\/\/api.w.org\/{rel}","templated":true}]}}