{"id":215010,"date":"2012-12-07T18:13:50","date_gmt":"2012-12-07T18:13:50","guid":{"rendered":"http:\/\/diariodominicano.ddns.net\/?p=215010"},"modified":"2012-12-07T18:13:50","modified_gmt":"2012-12-07T18:13:50","slug":"dominicana-enfrenta-gran-reto-en-la-copa-de-futbol-del-caribe","status":"publish","type":"post","link":"https:\/\/diariodominicano.com\/?p=215010","title":{"rendered":"Dominicana enfrenta gran reto en la Copa de F\u00fatbol del Caribe"},"content":{"rendered":"<p><body><\/p>\n<p>Santo Domingo RD 7 diciembre.-  Rep\u00fablica Dominicana chocar\u00e1 este viernes con Antigua y Barbuda, en un partido de la tercera ronda de las eliminatorias de la Copa del Caribe de la Confederaci\u00f3n Centroamericana y del Caribe de F\u00fatbol (Concacaf).<\/p>\n<\/p>\n<p>El seleccionado dominicano comparte el grupo  A, junto  Antigua y Bermuda, pa\u00eds anfitri\u00f3n,  adem\u00e1s los oncenos de Hait\u00ed y Trinidad y Tobago.<\/p>\n<\/p>\n<p> La tropa quisqueyana busca  una de las cuatro plazas para avanzar a la final del evento y hacer historia, cuando por primera vez disputar\u00e1  por la Copa de Oro.<\/p>\n<\/p>\n<p>La selecci\u00f3n dominicana la integran  Welliton Agramonte de los Santos, Miguel Starling, C\u00e9sar Manuel Garc\u00eda Peralta, Hansley Alexander Mart\u00ednez Garc\u00eda, Johan Cruz de la Cruz, Kerbi Rafael Rodr\u00edguez Pichardo, Pedro Antonio N\u00fa\u00f1ez, Rafael Leonardo Flores, Jos\u00e9 Israel y Jimmy Reyes Bautista.<\/p>\n<\/p>\n<p>Adem\u00e1s, Jonathan Rafael Fa\u00f1as Fr\u00edas, Domingo Antonio Peralta Florencio, Erick Junior Ozuna L\u00f3pez, Sol\u00e1ngel Milano Gonz\u00e1lez, Inoel Navarro Gonzalez, C\u00e9sar Antonio Ledesma Turb\u00ed, Starlin Javier Santana, Carlos Mart\u00ednez Rivas, Edward Acevedo, Heinz Barmettler, Breisly Polanco y Manuel P\u00e9rez.<\/p>\n<\/p>\n<p>El  entrenador Clemente Domingo Hern\u00e1ndez, es el director t\u00e9cnico del equipo.<\/p>\n<\/p>\n<h6> 2012-12-07 18:13:50 <\/h6>\n<p><!--\n<link rel=\"stylesheet\" href=\"css\/bootstrap.min.css\">\n\n\n<ul class=\"pagination\">\n\t    \n\t\n\n<li >\n\t<a href='?page_no=22119'>Previous<\/a>\n\t<\/li>\n\n\n       \n    \n\n<li><a href='?page_no=1'>1<\/a><\/li>\n\n\n\n<li><a href='?page_no=2'>2<\/a><\/li>\n\n\n\n<li><a>...<\/a><\/li>\n\n\n\n<li><a href='?page_no=22118'>22118<\/a><\/li>\n\n\n\n<li><a href='?page_no=22119'>22119<\/a><\/li>\n\n\n\n<li class='active'><a>22120<\/a><\/li>\n\n\n\n<li><a href='?page_no=22121'>22121<\/a><\/li>\n\n\n\n<li><a href='?page_no=22122'>22122<\/a><\/li>\n\n\n\n<li><a>...<\/a><\/li>\n\n\n\n<li><a href='?page_no=36618'>36618<\/a><\/li>\n\n\n\n<li><a href='?page_no=36619'>36619<\/a><\/li>\n\n    \n\t\n\n<li >\n\t<a href='?page_no=22121'>Next<\/a>\n\t<\/li>\n\n\n    \n\n<li><a href='?page_no=36619'>Last &rsaquo;&rsaquo;<\/a><\/li>\n\n<\/ul>\n\n\n--><br \/>\n<\/body><\/p>\n","protected":false},"excerpt":{"rendered":"<p>Santo Domingo RD 7 diciembre.- Rep\u00fablica Dominicana chocar\u00e1 este viernes con Antigua y Barbuda, en un partido de la tercera ronda de las eliminatorias de la Copa del Caribe de la Confederaci\u00f3n Centroamericana y del Caribe de F\u00fatbol (Concacaf). El seleccionado dominicano comparte el grupo A, junto Antigua y Bermuda, pa\u00eds anfitri\u00f3n, adem\u00e1s los oncenos [&hellip;]<\/p>\n","protected":false},"author":3,"featured_media":0,"comment_status":"open","ping_status":"open","sticky":false,"template":"","format":"standard","meta":{"footnotes":""},"categories":[17],"tags":[],"class_list":["post-215010","post","type-post","status-publish","format-standard","hentry","category-deportes"],"_links":{"self":[{"href":"https:\/\/diariodominicano.com\/index.php?rest_route=\/wp\/v2\/posts\/215010","targetHints":{"allow":["GET"]}}],"collection":[{"href":"https:\/\/diariodominicano.com\/index.php?rest_route=\/wp\/v2\/posts"}],"about":[{"href":"https:\/\/diariodominicano.com\/index.php?rest_route=\/wp\/v2\/types\/post"}],"author":[{"embeddable":true,"href":"https:\/\/diariodominicano.com\/index.php?rest_route=\/wp\/v2\/users\/3"}],"replies":[{"embeddable":true,"href":"https:\/\/diariodominicano.com\/index.php?rest_route=%2Fwp%2Fv2%2Fcomments&post=215010"}],"version-history":[{"count":0,"href":"https:\/\/diariodominicano.com\/index.php?rest_route=\/wp\/v2\/posts\/215010\/revisions"}],"wp:attachment":[{"href":"https:\/\/diariodominicano.com\/index.php?rest_route=%2Fwp%2Fv2%2Fmedia&parent=215010"}],"wp:term":[{"taxonomy":"category","embeddable":true,"href":"https:\/\/diariodominicano.com\/index.php?rest_route=%2Fwp%2Fv2%2Fcategories&post=215010"},{"taxonomy":"post_tag","embeddable":true,"href":"https:\/\/diariodominicano.com\/index.php?rest_route=%2Fwp%2Fv2%2Ftags&post=215010"}],"curies":[{"name":"wp","href":"https:\/\/api.w.org\/{rel}","templated":true}]}}