{"id":215002,"date":"2012-12-08T19:16:47","date_gmt":"2012-12-08T19:16:47","guid":{"rendered":"http:\/\/diariodominicano.ddns.net\/?p=215002"},"modified":"2012-12-08T19:16:47","modified_gmt":"2012-12-08T19:16:47","slug":"virgil-quiero-que-me-inviten-a-un-clasico","status":"publish","type":"post","link":"https:\/\/diariodominicano.com\/?p=215002","title":{"rendered":"Virgil: \u00abquiero que me inviten a un Cl\u00e1sico\u00bb"},"content":{"rendered":"<p><body><\/p>\n<p><span class=\"text1noticias\">Rep. Dom. 8 de Diciembre.-Osvaldo Virgil tiene un anhelo, que de ser complacido, estar\u00eda al alcance tan pronto como en marzo: que lo inviten a estar con el equipo dominicano en el Cl\u00e1sico Mundial de B\u00e9isbol.<\/span><\/p>\n<\/p>\n<p><span class=\"text1noticias\">\u00abAntes de irme (de este mundo), quiero que me inviten a un Cl\u00e1sico\u00bb, expres\u00f3  \u00abEl Or\u00e9gano\u00bb, de 80 a\u00f1os, en entrevista telef\u00f3nica desde Monte Cristi con Tom\u00e1s Troncoso y su hijo Tom\u00e1s Manuel, en el programa que los s\u00e1bados comparten por ESPN Radio Dominicana de 10:00 a 11:00 de la ma\u00f1ana.<\/span><\/p>\n<\/p>\n<p><span class=\"text1noticias\"> \u00abS\u00f3lo quiero estar sentado en la banca para que me vean y que digan&#8230;\u00bb (que fue el primer dominicano que jug\u00f3 en las Grandes Ligas), con los Gigantes de Nueva York en 1956.<\/span><\/p>\n<\/p>\n<p><span class=\"text1noticias\">Con voz un tanto ceremonial, m\u00e1s suave que la vigorosa de costumbre, explic\u00f3 que ese deseo de estar con el elenco criollo \u00abno se lo he pedido a nadie\u00bb, pero que espera que \u00aba trav\u00e9s de ustedes\u00bb se haga llegar a los responsables del seleccionado nacional.<\/span><\/p>\n<\/p>\n<p><span class=\"text1noticias\">En la organizaci\u00f3n del team quisqueyano para el III Cl\u00e1sico Mundial de B\u00e9isbol, que fomenta Major League Baseball (MLB), est\u00e1 Mois\u00e9s Alou como gerente general y Tony Pe\u00f1a nombrado manager, ambos otrora estrellas de Grandes Ligas.<\/span><\/p>\n<\/p>\n<p><span class=\"text1noticias\">La Federaci\u00f3n Dominicana de B\u00e9isbol (Fedobe), que preside H\u00e9ctor Pereyra, es la entidad responsable del equipo ante MLB.<\/span><\/p>\n<\/p>\n<p><span class=\"text1noticias\">Durante una conversaci\u00f3n de 45 minutos con los Troncoso, padre e hijo, recordaron detalles de su carrera, tanto en las mayores como en el b\u00e9isbol invernal dominicano, con Leones del Escogido,  (equipo con el que gan\u00f3 un liderato de bateo) y con las \u00c1guilas Cibae\u00f1as.<\/span><\/p>\n<\/p>\n<p><span class=\"text1noticias\">Recordaron que en 1958 se convirti\u00f3 en el primer jugador de color que jug\u00f3 para los Tigres de Detroit en la Liga Americana y que el 19 de junio dej\u00f3 la impronta de ser el primer dominicano que peg\u00f3 cinco hits en un partido de nueve entradas (de 5-5, cuatro sencillos y un doble) ante los entonces Senadores de Washington.<\/span><\/p>\n<\/p>\n<p><span class=\"text1noticias\">\u00abEl sonido del bate y la pelota es lo que me entusiasma\u00bb, dijo Osvaldo Virgil, quien a\u00fan est\u00e1 activo como instructor en la academia de los Mets de Nueva York en Boca Chica, bajo la direcci\u00f3n de Rafael Landestoy.(HG)<\/span>.<\/p>\n<\/p>\n<\/p>\n<h6> 2012-12-08 19:16:47 <\/h6>\n<p><!--\n<link rel=\"stylesheet\" href=\"css\/bootstrap.min.css\">\n\n\n<ul class=\"pagination\">\n\t    \n\t\n\n<li >\n\t<a href='?page_no=22111'>Previous<\/a>\n\t<\/li>\n\n\n       \n    \n\n<li><a href='?page_no=1'>1<\/a><\/li>\n\n\n\n<li><a href='?page_no=2'>2<\/a><\/li>\n\n\n\n<li><a>...<\/a><\/li>\n\n\n\n<li><a href='?page_no=22110'>22110<\/a><\/li>\n\n\n\n<li><a href='?page_no=22111'>22111<\/a><\/li>\n\n\n\n<li class='active'><a>22112<\/a><\/li>\n\n\n\n<li><a href='?page_no=22113'>22113<\/a><\/li>\n\n\n\n<li><a href='?page_no=22114'>22114<\/a><\/li>\n\n\n\n<li><a>...<\/a><\/li>\n\n\n\n<li><a href='?page_no=36618'>36618<\/a><\/li>\n\n\n\n<li><a href='?page_no=36619'>36619<\/a><\/li>\n\n    \n\t\n\n<li >\n\t<a href='?page_no=22113'>Next<\/a>\n\t<\/li>\n\n\n    \n\n<li><a href='?page_no=36619'>Last &rsaquo;&rsaquo;<\/a><\/li>\n\n<\/ul>\n\n\n--><br \/>\n<\/body><\/p>\n","protected":false},"excerpt":{"rendered":"<p>Rep. Dom. 8 de Diciembre.-Osvaldo Virgil tiene un anhelo, que de ser complacido, estar\u00eda al alcance tan pronto como en marzo: que lo inviten a estar con el equipo dominicano en el Cl\u00e1sico Mundial de B\u00e9isbol. \u00abAntes de irme (de este mundo), quiero que me inviten a un Cl\u00e1sico\u00bb, expres\u00f3 \u00abEl Or\u00e9gano\u00bb, de 80 a\u00f1os, [&hellip;]<\/p>\n","protected":false},"author":3,"featured_media":0,"comment_status":"open","ping_status":"open","sticky":false,"template":"","format":"standard","meta":{"footnotes":""},"categories":[17],"tags":[],"class_list":["post-215002","post","type-post","status-publish","format-standard","hentry","category-deportes"],"_links":{"self":[{"href":"https:\/\/diariodominicano.com\/index.php?rest_route=\/wp\/v2\/posts\/215002","targetHints":{"allow":["GET"]}}],"collection":[{"href":"https:\/\/diariodominicano.com\/index.php?rest_route=\/wp\/v2\/posts"}],"about":[{"href":"https:\/\/diariodominicano.com\/index.php?rest_route=\/wp\/v2\/types\/post"}],"author":[{"embeddable":true,"href":"https:\/\/diariodominicano.com\/index.php?rest_route=\/wp\/v2\/users\/3"}],"replies":[{"embeddable":true,"href":"https:\/\/diariodominicano.com\/index.php?rest_route=%2Fwp%2Fv2%2Fcomments&post=215002"}],"version-history":[{"count":0,"href":"https:\/\/diariodominicano.com\/index.php?rest_route=\/wp\/v2\/posts\/215002\/revisions"}],"wp:attachment":[{"href":"https:\/\/diariodominicano.com\/index.php?rest_route=%2Fwp%2Fv2%2Fmedia&parent=215002"}],"wp:term":[{"taxonomy":"category","embeddable":true,"href":"https:\/\/diariodominicano.com\/index.php?rest_route=%2Fwp%2Fv2%2Fcategories&post=215002"},{"taxonomy":"post_tag","embeddable":true,"href":"https:\/\/diariodominicano.com\/index.php?rest_route=%2Fwp%2Fv2%2Ftags&post=215002"}],"curies":[{"name":"wp","href":"https:\/\/api.w.org\/{rel}","templated":true}]}}