{"id":214998,"date":"2012-12-10T13:51:24","date_gmt":"2012-12-10T13:51:24","guid":{"rendered":"http:\/\/diariodominicano.ddns.net\/?p=214998"},"modified":"2012-12-10T13:51:24","modified_gmt":"2012-12-10T13:51:24","slug":"el-abejon-logra-su-ciometido-trae-la-corona-de-las-126-libras-de-la-amb","status":"publish","type":"post","link":"https:\/\/diariodominicano.com\/?p=214998","title":{"rendered":"El \u00abAbej\u00f3n\u00bb logra su ciometido; trae la corona de las 126 libras de la AMB"},"content":{"rendered":"<p><body><\/p>\n<p>Santo Domingo RD 10 diciembre.- El romanense Javier \u00abEl Abej\u00f3n\u00bb Fortuna arribar\u00e1 al pa\u00eds hoy lunes a la 4:00 de la tarde, luego de conquistar la noche del s\u00e1bado en Las Vegas, Nevada, el cetro pluma interino de la Asociaci\u00f3n Mundial de Boxeo (AMB).<\/p>\n<\/p>\n<p>Fortuna regresar\u00e1 por el aeropuerto de La Romana con su corona de las 126 libras AMB acompa\u00f1ado de su manejador C\u00e9sar Mercedes (Manguita). El joven de apenas 23 a\u00f1os se convirti\u00f3 en el cuarto romanense en conquistar una diadema del orbe y el n\u00famero 18 del pa\u00eds.<\/p>\n<\/p>\n<p>\u00abQuiero ver a todas esas caras, a toda la gente que me apoyaron en los momentos dif\u00edciles y que s\u00e9 que hicieron oraciones por m\u00ed, para que ganara mi corona. Aunque no estaban all\u00e1, sent\u00ed esa onda positiva de mi pueblo, de la gente que siempre quiere lo mejor para uno\u00bb, dijo \u00abEl Abej\u00f3n\u00bb por la v\u00eda telef\u00f3nica a El Deporte de LIST\u00cdN DIARIO.<\/p>\n<\/p>\n<p>Javier le dedic\u00f3 el cetro a su madre y a sus dos hijos, as\u00ed como a todo el pueblo de La Romana. \u00abEste es mi regalo de navidad para todo el pueblo dominicano, pero especialmente para mi gente de La Romana, y para esa mujer que tanto se ha fajado conmigo para que llegar a algo, mi madre, esa es otra campeona\u00bb, dijo el monarca de guardia zurda.<\/p>\n<\/p>\n<p>El romanense obtuvo su corona al superar al irland\u00e9s Patrick Hyland por votaci\u00f3n un\u00e1nime en la misma velada en que Juan Manuel M\u00e1rquez noque\u00f3 a Manny Pacquiao en el MGM Grand, en Las Vegas, Nevada. Los tres oficiales le dieron la victoria a Fortuna sobre el irland\u00e9s con votaci\u00f3n de 118-110, 116- 112 y 115-113 el tercero.<\/p>\n<\/p>\n<p>El nuevo campe\u00f3n dominicano elev\u00f3 su r\u00e9cord a 21-0, con 15 KOs., ahora descansar\u00e1 dos semanas para volver a California a entrenar con miras a su primera defensa posiblemente a inicios de marzo.<\/p>\n<\/p>\n<h6> 2012-12-10 13:51:24 <\/h6>\n<p><!--\n<link rel=\"stylesheet\" href=\"css\/bootstrap.min.css\">\n\n\n<ul class=\"pagination\">\n\t    \n\t\n\n<li >\n\t<a href='?page_no=22107'>Previous<\/a>\n\t<\/li>\n\n\n       \n    \n\n<li><a href='?page_no=1'>1<\/a><\/li>\n\n\n\n<li><a href='?page_no=2'>2<\/a><\/li>\n\n\n\n<li><a>...<\/a><\/li>\n\n\n\n<li><a href='?page_no=22106'>22106<\/a><\/li>\n\n\n\n<li><a href='?page_no=22107'>22107<\/a><\/li>\n\n\n\n<li class='active'><a>22108<\/a><\/li>\n\n\n\n<li><a href='?page_no=22109'>22109<\/a><\/li>\n\n\n\n<li><a href='?page_no=22110'>22110<\/a><\/li>\n\n\n\n<li><a>...<\/a><\/li>\n\n\n\n<li><a href='?page_no=36618'>36618<\/a><\/li>\n\n\n\n<li><a href='?page_no=36619'>36619<\/a><\/li>\n\n    \n\t\n\n<li >\n\t<a href='?page_no=22109'>Next<\/a>\n\t<\/li>\n\n\n    \n\n<li><a href='?page_no=36619'>Last &rsaquo;&rsaquo;<\/a><\/li>\n\n<\/ul>\n\n\n--><br \/>\n<\/body><\/p>\n","protected":false},"excerpt":{"rendered":"<p>Santo Domingo RD 10 diciembre.- El romanense Javier \u00abEl Abej\u00f3n\u00bb Fortuna arribar\u00e1 al pa\u00eds hoy lunes a la 4:00 de la tarde, luego de conquistar la noche del s\u00e1bado en Las Vegas, Nevada, el cetro pluma interino de la Asociaci\u00f3n Mundial de Boxeo (AMB). Fortuna regresar\u00e1 por el aeropuerto de La Romana con su corona [&hellip;]<\/p>\n","protected":false},"author":3,"featured_media":0,"comment_status":"open","ping_status":"open","sticky":false,"template":"","format":"standard","meta":{"footnotes":""},"categories":[17],"tags":[],"class_list":["post-214998","post","type-post","status-publish","format-standard","hentry","category-deportes"],"_links":{"self":[{"href":"https:\/\/diariodominicano.com\/index.php?rest_route=\/wp\/v2\/posts\/214998","targetHints":{"allow":["GET"]}}],"collection":[{"href":"https:\/\/diariodominicano.com\/index.php?rest_route=\/wp\/v2\/posts"}],"about":[{"href":"https:\/\/diariodominicano.com\/index.php?rest_route=\/wp\/v2\/types\/post"}],"author":[{"embeddable":true,"href":"https:\/\/diariodominicano.com\/index.php?rest_route=\/wp\/v2\/users\/3"}],"replies":[{"embeddable":true,"href":"https:\/\/diariodominicano.com\/index.php?rest_route=%2Fwp%2Fv2%2Fcomments&post=214998"}],"version-history":[{"count":0,"href":"https:\/\/diariodominicano.com\/index.php?rest_route=\/wp\/v2\/posts\/214998\/revisions"}],"wp:attachment":[{"href":"https:\/\/diariodominicano.com\/index.php?rest_route=%2Fwp%2Fv2%2Fmedia&parent=214998"}],"wp:term":[{"taxonomy":"category","embeddable":true,"href":"https:\/\/diariodominicano.com\/index.php?rest_route=%2Fwp%2Fv2%2Fcategories&post=214998"},{"taxonomy":"post_tag","embeddable":true,"href":"https:\/\/diariodominicano.com\/index.php?rest_route=%2Fwp%2Fv2%2Ftags&post=214998"}],"curies":[{"name":"wp","href":"https:\/\/api.w.org\/{rel}","templated":true}]}}