{"id":214988,"date":"2012-12-10T21:22:52","date_gmt":"2012-12-10T21:22:52","guid":{"rendered":"http:\/\/diariodominicano.ddns.net\/?p=214988"},"modified":"2012-12-10T21:22:52","modified_gmt":"2012-12-10T21:22:52","slug":"el-equipo-de-rafael-santos-se-proclamo-campeon-del-ix-campeonato-nacional-de-kendo","status":"publish","type":"post","link":"https:\/\/diariodominicano.com\/?p=214988","title":{"rendered":"El equipo de Rafael Santos se proclam\u00f3 campe\u00f3n del IX Campeonato Nacional de Kendo"},"content":{"rendered":"<p><body><\/p>\n<p><span class=\"text1noticias\">Rep. Dom. 10 de Diciembre.-En el moderno dojo, construido por el gobierno de Jap\u00f3n en la Universidad Aut\u00f3noma de Santo Domingo, el equipo de atleta Rafael Santos, se proclam\u00f3 campe\u00f3n del IX Campeonato Nacionales de este deporte.<\/span><\/p>\n<\/p>\n<p><span class=\"text1noticias\">Evento que cont\u00f3 con la presencia del embajador de la naci\u00f3n nipona, Soichi Sato, junto a la agregada cultural, la se\u00f1ora Akiko Kameda, entre otros miembro de la delegaci\u00f3n consular.<\/span><\/p>\n<\/p>\n<p><span class=\"text1noticias\">Santos, estuvo acompa\u00f1ado de junto Gary Santiago y Mois\u00e9s Sald\u00edvar, alcanzaron 10 puntos, llegaron de segundo, el conjunto integrado por Luis Bermejo, Johan Henr\u00edquez, Misael Urb\u00e1ez, 5 tantos.<\/span><\/p>\n<\/p>\n<p><span class=\"text1noticias\">Se conformaron con el tercer puesto Franklin Fr\u00edas, Fernando N\u00fa\u00f1ez y Guillermo Michel, 3 puntos.<\/span><\/p>\n<\/p>\n<p><span class=\"text1noticias\">Estuvieron en el evento nacional Nobuko Tateyama coordinadora de la Agencia Internacional de Cooperaci\u00f3n del Jap\u00f3n (JICA), la se\u00f1ora Heidi Despradel, directora de la escuela ITTO-Sai.<\/span><\/p>\n<\/p>\n<p><span class=\"text1noticias\">As\u00ed como los coordinadores generales Reynaldo Castro y Leandro Labour, fungiendo de \u00e1rbitro, el maestro internacional Nobuo Moriya, asistido de los jueces Ra\u00fal Garc\u00eda e Iv\u00e1n Isaac.<\/span><\/p>\n<\/p>\n<p><span class=\"text1noticias\">El Departamento de Educaci\u00f3n F\u00edsica y Deportes de la UASD, dio las facilidades al campeonato, a trav\u00e9s del licenciado Julio G\u00f3mez.<\/span><\/p>\n<\/p>\n<p><span class=\"text1noticias\">Certamen avalado por la Federaci\u00f3n Dominicana de Kendo, representado por su presidente Orlando Sturla, estuvo en la actividad la profesora Alcira Minaya.(HG)<\/span>.<\/p>\n<h6> 2012-12-10 21:22:52 <\/h6>\n<p><!--\n<link rel=\"stylesheet\" href=\"css\/bootstrap.min.css\">\n\n\n<ul class=\"pagination\">\n\t    \n\t\n\n<li >\n\t<a href='?page_no=22097'>Previous<\/a>\n\t<\/li>\n\n\n       \n    \n\n<li><a href='?page_no=1'>1<\/a><\/li>\n\n\n\n<li><a href='?page_no=2'>2<\/a><\/li>\n\n\n\n<li><a>...<\/a><\/li>\n\n\n\n<li><a href='?page_no=22096'>22096<\/a><\/li>\n\n\n\n<li><a href='?page_no=22097'>22097<\/a><\/li>\n\n\n\n<li class='active'><a>22098<\/a><\/li>\n\n\n\n<li><a href='?page_no=22099'>22099<\/a><\/li>\n\n\n\n<li><a href='?page_no=22100'>22100<\/a><\/li>\n\n\n\n<li><a>...<\/a><\/li>\n\n\n\n<li><a href='?page_no=36618'>36618<\/a><\/li>\n\n\n\n<li><a href='?page_no=36619'>36619<\/a><\/li>\n\n    \n\t\n\n<li >\n\t<a href='?page_no=22099'>Next<\/a>\n\t<\/li>\n\n\n    \n\n<li><a href='?page_no=36619'>Last &rsaquo;&rsaquo;<\/a><\/li>\n\n<\/ul>\n\n\n--><br \/>\n<\/body><\/p>\n","protected":false},"excerpt":{"rendered":"<p>Rep. Dom. 10 de Diciembre.-En el moderno dojo, construido por el gobierno de Jap\u00f3n en la Universidad Aut\u00f3noma de Santo Domingo, el equipo de atleta Rafael Santos, se proclam\u00f3 campe\u00f3n del IX Campeonato Nacionales de este deporte. Evento que cont\u00f3 con la presencia del embajador de la naci\u00f3n nipona, Soichi Sato, junto a la agregada [&hellip;]<\/p>\n","protected":false},"author":3,"featured_media":0,"comment_status":"open","ping_status":"open","sticky":false,"template":"","format":"standard","meta":{"footnotes":""},"categories":[17],"tags":[],"class_list":["post-214988","post","type-post","status-publish","format-standard","hentry","category-deportes"],"_links":{"self":[{"href":"https:\/\/diariodominicano.com\/index.php?rest_route=\/wp\/v2\/posts\/214988","targetHints":{"allow":["GET"]}}],"collection":[{"href":"https:\/\/diariodominicano.com\/index.php?rest_route=\/wp\/v2\/posts"}],"about":[{"href":"https:\/\/diariodominicano.com\/index.php?rest_route=\/wp\/v2\/types\/post"}],"author":[{"embeddable":true,"href":"https:\/\/diariodominicano.com\/index.php?rest_route=\/wp\/v2\/users\/3"}],"replies":[{"embeddable":true,"href":"https:\/\/diariodominicano.com\/index.php?rest_route=%2Fwp%2Fv2%2Fcomments&post=214988"}],"version-history":[{"count":0,"href":"https:\/\/diariodominicano.com\/index.php?rest_route=\/wp\/v2\/posts\/214988\/revisions"}],"wp:attachment":[{"href":"https:\/\/diariodominicano.com\/index.php?rest_route=%2Fwp%2Fv2%2Fmedia&parent=214988"}],"wp:term":[{"taxonomy":"category","embeddable":true,"href":"https:\/\/diariodominicano.com\/index.php?rest_route=%2Fwp%2Fv2%2Fcategories&post=214988"},{"taxonomy":"post_tag","embeddable":true,"href":"https:\/\/diariodominicano.com\/index.php?rest_route=%2Fwp%2Fv2%2Ftags&post=214988"}],"curies":[{"name":"wp","href":"https:\/\/api.w.org\/{rel}","templated":true}]}}