{"id":214984,"date":"2012-12-10T22:52:52","date_gmt":"2012-12-10T22:52:52","guid":{"rendered":"http:\/\/diariodominicano.ddns.net\/?p=214984"},"modified":"2012-12-10T22:52:52","modified_gmt":"2012-12-10T22:52:52","slug":"cano-entrena-para-participar-en-el-clasico-mundial-de-besibol","status":"publish","type":"post","link":"https:\/\/diariodominicano.com\/?p=214984","title":{"rendered":"Can\u00f3 entrena para participar en el Cl\u00e1sico Mundial de B\u00e9sibol"},"content":{"rendered":"<p><body><\/p>\n<p><span class=\"text1noticias\">Rep. Dom. 10 de Diciembre.- El jugador de Grandes Ligas Robinson Can\u00f3 asegur\u00f3 que el pasado mi\u00e9rcoles comenz\u00f3 su preparaci\u00f3n con vista a la temporada de 2013 con los Yankees y el Cl\u00e1sico Mundial de B\u00e9isbol de marzo, en el que ratific\u00f3 participar\u00e1 con el elenco dominicano.<\/span><\/p>\n<\/p>\n<p><span class=\"text1noticias\">Sobre el equipo criollo y su conformaci\u00f3n, asegur\u00f3 que \u00absi vamos todos, ser\u00eda el mejor equipo del Cl\u00e1sico\u00bb, aunque aclar\u00f3, que eso es diferente que ganarlo.<\/span><\/p>\n<\/p>\n<p><span class=\"text1noticias\">Sobre su participaci\u00f3n con las Estrellas Orientales, dijo que estar\u00eda dispuesto, pero ni siquiera ha intentado pedir el permiso a los Yankees, porque en a\u00f1os anteriores se lo han negado de entrada \u00aby no quiere forzar la situaci\u00f3n\u00bb.<\/span><\/p>\n<\/p>\n<p><span class=\"text1noticias\">Sobre su contrato que expira luego de la temporada de 2013, dijo que no hay ning\u00fan movimiento de renegociaci\u00f3n y que espera cumplir su acuerdo sin adentrarse en ese tema.<\/span><\/p>\n<\/p>\n<p><span class=\"text1noticias\">Proyectos<\/span><\/p>\n<\/p>\n<p><span class=\"text1noticias\">Robinson Can\u00f3  habl\u00f3 en esos t\u00e9rminos al visitar al  ministro de Deportes Jaime David Fern\u00e1ndez Mirabal, donde inform\u00f3 que  se reunir\u00e1n con el titular de la cartera deportiva este mi\u00e9rcoles en San Pedro de Macor\u00eds para  anunciar la realizaci\u00f3n de algunos proyectos.<\/span><\/p>\n<\/p>\n<p><span class=\"text1noticias\">El encuentro en San Pedro fue confirmado el lunes durante una visita de cortes\u00eda que realiz\u00f3 el mejor segunda base de las mayores al despacho en el Ministerio de Deportes.<\/span><\/p>\n<\/p>\n<p><span class=\"text1noticias\">\u00abHemos compartido algunas ideas de proyectos que podemos hacer y hemos concertado una visita a San Pedro de Macor\u00eds, donde visitaremos el complejo deportivo y las instalaciones y ver si se est\u00e1 haciendo el trabajo  y posiblemente lleguemos hasta La Romana y en su momento diremos para qu\u00e9\u00bb, expuso Fern\u00e1ndez Mirabal, luego de agradecer la visita del jugador.<\/span><\/p>\n<\/p>\n<p><span class=\"text1noticias\">El ministro dijo que el jugador de los Yankees de Nueva York \u00abme ha expresado su inter\u00e9s en colaborar en todo lo que -en su condici\u00f3n de ciudadano responsable- \u00e9l cree que puede ayudar\u00bb, en una serie de proyectos que vendr\u00edan m\u00e1s adelante.<\/span><\/p>\n<\/p>\n<p><span class=\"text1noticias\">Can\u00f3 dijo esperar que durante el encuentro en su natal San Pedro de Macor\u00eds surjan m\u00e1s ideas, que todo salga bien y con ayuda de Dios salir adelante, dijo Can\u00f3, quien estuvo acompa\u00f1ado de su padre, el ex lanzador Jos\u00e9 Can\u00f3.(HG)<\/span>.<\/p>\n<\/p>\n<h6> 2012-12-10 22:52:52 <\/h6>\n<p><!--\n<link rel=\"stylesheet\" href=\"css\/bootstrap.min.css\">\n\n\n<ul class=\"pagination\">\n\t    \n\t\n\n<li >\n\t<a href='?page_no=22093'>Previous<\/a>\n\t<\/li>\n\n\n       \n    \n\n<li><a href='?page_no=1'>1<\/a><\/li>\n\n\n\n<li><a href='?page_no=2'>2<\/a><\/li>\n\n\n\n<li><a>...<\/a><\/li>\n\n\n\n<li><a href='?page_no=22092'>22092<\/a><\/li>\n\n\n\n<li><a href='?page_no=22093'>22093<\/a><\/li>\n\n\n\n<li class='active'><a>22094<\/a><\/li>\n\n\n\n<li><a href='?page_no=22095'>22095<\/a><\/li>\n\n\n\n<li><a href='?page_no=22096'>22096<\/a><\/li>\n\n\n\n<li><a>...<\/a><\/li>\n\n\n\n<li><a href='?page_no=36618'>36618<\/a><\/li>\n\n\n\n<li><a href='?page_no=36619'>36619<\/a><\/li>\n\n    \n\t\n\n<li >\n\t<a href='?page_no=22095'>Next<\/a>\n\t<\/li>\n\n\n    \n\n<li><a href='?page_no=36619'>Last &rsaquo;&rsaquo;<\/a><\/li>\n\n<\/ul>\n\n\n--><br \/>\n<\/body><\/p>\n","protected":false},"excerpt":{"rendered":"<p>Rep. Dom. 10 de Diciembre.- El jugador de Grandes Ligas Robinson Can\u00f3 asegur\u00f3 que el pasado mi\u00e9rcoles comenz\u00f3 su preparaci\u00f3n con vista a la temporada de 2013 con los Yankees y el Cl\u00e1sico Mundial de B\u00e9isbol de marzo, en el que ratific\u00f3 participar\u00e1 con el elenco dominicano. Sobre el equipo criollo y su conformaci\u00f3n, asegur\u00f3 [&hellip;]<\/p>\n","protected":false},"author":3,"featured_media":0,"comment_status":"open","ping_status":"open","sticky":false,"template":"","format":"standard","meta":{"footnotes":""},"categories":[17],"tags":[],"class_list":["post-214984","post","type-post","status-publish","format-standard","hentry","category-deportes"],"_links":{"self":[{"href":"https:\/\/diariodominicano.com\/index.php?rest_route=\/wp\/v2\/posts\/214984","targetHints":{"allow":["GET"]}}],"collection":[{"href":"https:\/\/diariodominicano.com\/index.php?rest_route=\/wp\/v2\/posts"}],"about":[{"href":"https:\/\/diariodominicano.com\/index.php?rest_route=\/wp\/v2\/types\/post"}],"author":[{"embeddable":true,"href":"https:\/\/diariodominicano.com\/index.php?rest_route=\/wp\/v2\/users\/3"}],"replies":[{"embeddable":true,"href":"https:\/\/diariodominicano.com\/index.php?rest_route=%2Fwp%2Fv2%2Fcomments&post=214984"}],"version-history":[{"count":0,"href":"https:\/\/diariodominicano.com\/index.php?rest_route=\/wp\/v2\/posts\/214984\/revisions"}],"wp:attachment":[{"href":"https:\/\/diariodominicano.com\/index.php?rest_route=%2Fwp%2Fv2%2Fmedia&parent=214984"}],"wp:term":[{"taxonomy":"category","embeddable":true,"href":"https:\/\/diariodominicano.com\/index.php?rest_route=%2Fwp%2Fv2%2Fcategories&post=214984"},{"taxonomy":"post_tag","embeddable":true,"href":"https:\/\/diariodominicano.com\/index.php?rest_route=%2Fwp%2Fv2%2Ftags&post=214984"}],"curies":[{"name":"wp","href":"https:\/\/api.w.org\/{rel}","templated":true}]}}