{"id":214983,"date":"2012-12-10T23:02:28","date_gmt":"2012-12-10T23:02:28","guid":{"rendered":"http:\/\/diariodominicano.ddns.net\/?p=214983"},"modified":"2012-12-10T23:02:28","modified_gmt":"2012-12-10T23:02:28","slug":"rudy-moquete-electo-presidente-softbol-de-independencia","status":"publish","type":"post","link":"https:\/\/diariodominicano.com\/?p=214983","title":{"rendered":"Rudy Moquete electo presidente Softbol de Independencia"},"content":{"rendered":"<p><body><\/p>\n<p><span class=\"text1noticias\">Rep. Dom. 10 de Diciembre.-El dirigente Rudy Moquete M\u00e9ndez fue electo como nuevo presidente de la Asociaci\u00f3n de Softbol de la Provincia Independencia, luego de que la Federaci\u00f3n Dominicana de Softbol (Fedosa) aceptara una plancha unitaria con el apoyo de los equipos y ligas de los municipios Duverg\u00e9, Jiman\u00ed, La Descubierta, Mella, El Lim\u00f3n y La Colonia.<\/span><\/p>\n<\/p>\n<p><span class=\"text1noticias\">La plancha la integran, adem\u00e1s, Manuel Cueto, como primer vicepresidente; Alejandro Medina, segundo vice; el periodista Kennedy Vargas, secretario general; \u00c1ngel P\u00e9rez Medina, cosecretario; Sucre An\u00edbal P\u00e9rez, tesorero; Neris Sena Nivar, Luis Santana, Jos\u00e9 Medina Garc\u00eda, Alberto Flori\u00e1n y C\u00e9sar Rosario vocales.<\/span><\/p>\n<\/p>\n<p><span class=\"text1noticias\">La comisi\u00f3n electoral estuvo integrada por Jochy Taveras, Luis Terrero, primer y segundo vicepresidentes, respectivamente, de la Federaci\u00f3n; y Joaqu\u00edn Acevedo, presidente Regional por el Sur largo, dentro de la Fedosa, quienes supervisaron dichas elecciones.<\/span><\/p>\n<\/p>\n<p><span class=\"text1noticias\">Luego de ser electo, Moquete M\u00e9ndez dijo que el objetivo de la nueva directiva es trabajar por la disciplina en cada uno de los municipios y distritos municipales.<\/span><\/p>\n<\/p>\n<p><span class=\"text1noticias\">\u00abEstamos aqu\u00ed para aportar a la disciplina del softbol. Lo que queremos es trabajar junto a todos para de esa forma unificar cada vez m\u00e1s a nuestros pueblos\u00bb, dijo.<\/span><\/p>\n<\/p>\n<p><span class=\"text1noticias\">Jochy Taveras y Luis Terrero felicitaron a la nueva directiva, a la que exhortaron a trabajar m\u00e1s por el deporte en estos tiempos de crisis de valores en la Rep\u00fablica Dominicana.(HG)<\/span>.<\/p>\n<h6> 2012-12-10 23:02:28 <\/h6>\n<p><!--\n<link rel=\"stylesheet\" href=\"css\/bootstrap.min.css\">\n\n\n<ul class=\"pagination\">\n\t    \n\t\n\n<li >\n\t<a href='?page_no=22092'>Previous<\/a>\n\t<\/li>\n\n\n       \n    \n\n<li><a href='?page_no=1'>1<\/a><\/li>\n\n\n\n<li><a href='?page_no=2'>2<\/a><\/li>\n\n\n\n<li><a>...<\/a><\/li>\n\n\n\n<li><a href='?page_no=22091'>22091<\/a><\/li>\n\n\n\n<li><a href='?page_no=22092'>22092<\/a><\/li>\n\n\n\n<li class='active'><a>22093<\/a><\/li>\n\n\n\n<li><a href='?page_no=22094'>22094<\/a><\/li>\n\n\n\n<li><a href='?page_no=22095'>22095<\/a><\/li>\n\n\n\n<li><a>...<\/a><\/li>\n\n\n\n<li><a href='?page_no=36618'>36618<\/a><\/li>\n\n\n\n<li><a href='?page_no=36619'>36619<\/a><\/li>\n\n    \n\t\n\n<li >\n\t<a href='?page_no=22094'>Next<\/a>\n\t<\/li>\n\n\n    \n\n<li><a href='?page_no=36619'>Last &rsaquo;&rsaquo;<\/a><\/li>\n\n<\/ul>\n\n\n--><br \/>\n<\/body><\/p>\n","protected":false},"excerpt":{"rendered":"<p>Rep. Dom. 10 de Diciembre.-El dirigente Rudy Moquete M\u00e9ndez fue electo como nuevo presidente de la Asociaci\u00f3n de Softbol de la Provincia Independencia, luego de que la Federaci\u00f3n Dominicana de Softbol (Fedosa) aceptara una plancha unitaria con el apoyo de los equipos y ligas de los municipios Duverg\u00e9, Jiman\u00ed, La Descubierta, Mella, El Lim\u00f3n y [&hellip;]<\/p>\n","protected":false},"author":3,"featured_media":0,"comment_status":"open","ping_status":"open","sticky":false,"template":"","format":"standard","meta":{"footnotes":""},"categories":[17],"tags":[],"class_list":["post-214983","post","type-post","status-publish","format-standard","hentry","category-deportes"],"_links":{"self":[{"href":"https:\/\/diariodominicano.com\/index.php?rest_route=\/wp\/v2\/posts\/214983","targetHints":{"allow":["GET"]}}],"collection":[{"href":"https:\/\/diariodominicano.com\/index.php?rest_route=\/wp\/v2\/posts"}],"about":[{"href":"https:\/\/diariodominicano.com\/index.php?rest_route=\/wp\/v2\/types\/post"}],"author":[{"embeddable":true,"href":"https:\/\/diariodominicano.com\/index.php?rest_route=\/wp\/v2\/users\/3"}],"replies":[{"embeddable":true,"href":"https:\/\/diariodominicano.com\/index.php?rest_route=%2Fwp%2Fv2%2Fcomments&post=214983"}],"version-history":[{"count":0,"href":"https:\/\/diariodominicano.com\/index.php?rest_route=\/wp\/v2\/posts\/214983\/revisions"}],"wp:attachment":[{"href":"https:\/\/diariodominicano.com\/index.php?rest_route=%2Fwp%2Fv2%2Fmedia&parent=214983"}],"wp:term":[{"taxonomy":"category","embeddable":true,"href":"https:\/\/diariodominicano.com\/index.php?rest_route=%2Fwp%2Fv2%2Fcategories&post=214983"},{"taxonomy":"post_tag","embeddable":true,"href":"https:\/\/diariodominicano.com\/index.php?rest_route=%2Fwp%2Fv2%2Ftags&post=214983"}],"curies":[{"name":"wp","href":"https:\/\/api.w.org\/{rel}","templated":true}]}}