{"id":214982,"date":"2012-12-11T13:31:24","date_gmt":"2012-12-11T13:31:24","guid":{"rendered":"http:\/\/diariodominicano.ddns.net\/?p=214982"},"modified":"2012-12-11T13:31:24","modified_gmt":"2012-12-11T13:31:24","slug":"la-romana-dio-un-gran-recibimiento-a-su-hijo-el-abejon-fortuna-campeon-de-las-126-libras-amb","status":"publish","type":"post","link":"https:\/\/diariodominicano.com\/?p=214982","title":{"rendered":"La Romana dio un gran recibimiento a su hijo \u00abEl Abej\u00f3n\u00bb Fortuna Campe\u00f3n de las 126 libras AMB"},"content":{"rendered":"<p><body><\/p>\n<p>Santo Domingo RD 11 diciembre.- Como por arte de magia, Javier \u00f1El Abej\u00f3n- Fortuna convirti\u00f3 ayer el lunes, d\u00eda inicial de labores de la  semana, en un \u00abferiado\u00bb movilizando el pueblo de La Romana de punta a punta.<\/p>\n<\/p>\n<p>A la 4:26 de la tarde, en el aeropuerto internacional de La Romana, lleg\u00f3 un peque\u00f1o jet en el que arrib\u00f3 a su tierra el nuevo campe\u00f3n pluma de la Asociaci\u00f3n Mundial de Boxeo (AMB), donde centenares de compueblanos suyos le esperaban con pancartas, t-sheart con su rostro grabado y mensajes alusivos a su coronaci\u00f3n, tampoco falt\u00f3 un grupo de m\u00fasica folkl\u00f3rica y otro de \u00abgaiteros callejeros\u00bb que animaron el ambiente.<\/p>\n<\/p>\n<p>Lo m\u00e1s importante para \u00e9l fue ver a su madre y sus hijos, con quienes se confundi\u00f3 en un inmenso abrazo y besos interminables.<\/p>\n<\/p>\n<p>\u00abTe lo dije, te lo dije, que esa faja yo te la traer\u00eda; todav\u00eda no la tengo, porque ven\u00eda dentro de la maleta\u00bb, le dijo Fortuna a su madre al celebrar su llegada luego de bajar de la aeronave y gracias a una distinci\u00f3n especial de las autoridades de migraci\u00f3n sali\u00f3 directo a celebrar con la multitud que le esperaba.<\/p>\n<\/p>\n<p>El Abej\u00f3n luc\u00eda en su rostro antiguas cicatrices que jam\u00e1s quisiera recordar, pero de su combate del s\u00e1bado en el MGM Grand, en Las Vegas, Nevada, donde rompi\u00f3 el invicto del irland\u00e9s Patrick Hyland para alzarse con la correa interina de las 126 libras, versi\u00f3n AMB, con una decisi\u00f3n un\u00e1nime de los jueces.<\/p>\n<\/p>\n<p>\u00abNunca fue f\u00e1cil\u00bb<\/p>\n<p>Las huellas del combate no estaban en su cara ni en su cuerpo, pero s\u00ed en su memoria, ya que Hyland ha sido su rival m\u00e1s dif\u00edcil, e incluso, logr\u00f3 conectarle golpes de consideraci\u00f3n.<\/p>\n<\/p>\n<p>\u00abTuve que boxear y gracias le doy a Dios que pude lograr una ventaja amplia en los primeros rounds, ya que \u00e9l vino mejor en los \u00faltimos episodios.<\/p>\n<\/p>\n<p>\u00abNunca fue f\u00e1cil el combate, yo pude descifrarlo primero y me fui delante, pero acepto que perd\u00ed pr\u00e1cticamente dos rounds seguido, siete y ocho, creo; pero \u00e9l empez\u00f3 a pelear sucio y ten\u00eda que me diera un golpe ilegal y que el refer\u00ed no lo viera porque hizo de todo y no le llamaron a la atenci\u00f3n\u00bb, detall\u00f3.<\/p>\n<\/p>\n<p>El espigado peleador europeo fue un hueso muy duro de roer en los \u00faltimos cap\u00edtulos, tanto que Javier recuerda que recibi\u00f3 un golpe tan fuerte que le hizo cambiar de estilo y pasar a boxear a mediana y larga distancia para preservar la victoria y ganar la corona a los puntos. \u00abYa sab\u00eda que no lo iba a noquear, entonces, recib\u00ed un golpe fuerte, pero nunca le mostr\u00e9 debilidad ni que me lastim\u00f3, tambi\u00e9n me agot\u00e9 un poco por todos los golpes que lanc\u00e9 al inicio y por las trampas que me hizo al derribarme con empujones y llaves de lucha libre\u00bb, revel\u00f3.<\/p>\n<\/p>\n<p>Sin autoridades<\/p>\n<p>Aunque se lo goz\u00f3 como un ni\u00f1o, todo el desfile y el recibimiento en el aeropuerto, Javier Fortuna logr\u00f3 conseguir su faja y mostr\u00e1rsela a su madre y al s\u00edndico de la ciudad, Tony Adames, quien se mostraba feliz junto al manejador del boxeador C\u00e9sar \u00abMang\u00fcita\u00bb Mercedes. <\/p>\n<\/p>\n<p>No obstante, en un momento el campe\u00f3n pregunt\u00f3 por algunas autoridades del deporte que nunca aparecieron, pens\u00e9 ver al ministro de Deportes, al Comisionado de Boxeo, por lo menos un representante, pero que pena, con el cari\u00f1o de la gente que vinieron y de mi pueblo estoy m\u00e1s que satisfecho.<\/p>\n<\/p>\n<p>No hay revancha<\/p>\n<p>El manejador de Fortuna, el promotor Mang\u00fcita Mercedes derrib\u00f3 los rumores de que su protegido tendr\u00e1 que viajar a Irlanda a darle la revancha a su derrotado.<\/p>\n<\/p>\n<p>\u00abEso no est\u00e1 en nuestra agenda por ahora, \u00e9l va a descansar y a celebrar con el pueblo y luego veremos las ofertas que llegan y que es lo que m\u00e1s le conviene\u00bb, dijo Mercedes. <\/p>\n<\/p>\n<p>\u00abIncluso, ser\u00e1n Sampson Lewkowvicz, quien decide a nivel internacional este tipo de negociaciones para Javier y toda la cuadra, claro, siempre me consulta y decidimos entre ambos, pero \u00e9l tiene la primera palabra y hace solo dos d\u00eda que ganamos la corona\u00bb.<\/p>\n<\/p>\n<p>CAMPEONES DE LA ROMANA<\/p>\n<p>1. Eleoncio Mercedes, 1982<\/p>\n<p>2. Julio Gervacio, 1987<\/p>\n<p>3. Luis \u00abCucuso\u00bb Santana, 1994<\/p>\n<p>4. Javier \u00abEl Abej\u00f3n\u00bb Fortuna, 2013 <\/p>\n<h6> 2012-12-11 13:31:24 <\/h6>\n<p><!--\n<link rel=\"stylesheet\" href=\"css\/bootstrap.min.css\">\n\n\n<ul class=\"pagination\">\n\t    \n\t\n\n<li >\n\t<a href='?page_no=22091'>Previous<\/a>\n\t<\/li>\n\n\n       \n    \n\n<li><a href='?page_no=1'>1<\/a><\/li>\n\n\n\n<li><a href='?page_no=2'>2<\/a><\/li>\n\n\n\n<li><a>...<\/a><\/li>\n\n\n\n<li><a href='?page_no=22090'>22090<\/a><\/li>\n\n\n\n<li><a href='?page_no=22091'>22091<\/a><\/li>\n\n\n\n<li class='active'><a>22092<\/a><\/li>\n\n\n\n<li><a href='?page_no=22093'>22093<\/a><\/li>\n\n\n\n<li><a href='?page_no=22094'>22094<\/a><\/li>\n\n\n\n<li><a>...<\/a><\/li>\n\n\n\n<li><a href='?page_no=36618'>36618<\/a><\/li>\n\n\n\n<li><a href='?page_no=36619'>36619<\/a><\/li>\n\n    \n\t\n\n<li >\n\t<a href='?page_no=22093'>Next<\/a>\n\t<\/li>\n\n\n    \n\n<li><a href='?page_no=36619'>Last &rsaquo;&rsaquo;<\/a><\/li>\n\n<\/ul>\n\n\n--><br \/>\n<\/body><\/p>\n","protected":false},"excerpt":{"rendered":"<p>Santo Domingo RD 11 diciembre.- Como por arte de magia, Javier \u00f1El Abej\u00f3n- Fortuna convirti\u00f3 ayer el lunes, d\u00eda inicial de labores de la semana, en un \u00abferiado\u00bb movilizando el pueblo de La Romana de punta a punta. A la 4:26 de la tarde, en el aeropuerto internacional de La Romana, lleg\u00f3 un peque\u00f1o jet [&hellip;]<\/p>\n","protected":false},"author":3,"featured_media":0,"comment_status":"open","ping_status":"open","sticky":false,"template":"","format":"standard","meta":{"footnotes":""},"categories":[17],"tags":[],"class_list":["post-214982","post","type-post","status-publish","format-standard","hentry","category-deportes"],"_links":{"self":[{"href":"https:\/\/diariodominicano.com\/index.php?rest_route=\/wp\/v2\/posts\/214982","targetHints":{"allow":["GET"]}}],"collection":[{"href":"https:\/\/diariodominicano.com\/index.php?rest_route=\/wp\/v2\/posts"}],"about":[{"href":"https:\/\/diariodominicano.com\/index.php?rest_route=\/wp\/v2\/types\/post"}],"author":[{"embeddable":true,"href":"https:\/\/diariodominicano.com\/index.php?rest_route=\/wp\/v2\/users\/3"}],"replies":[{"embeddable":true,"href":"https:\/\/diariodominicano.com\/index.php?rest_route=%2Fwp%2Fv2%2Fcomments&post=214982"}],"version-history":[{"count":0,"href":"https:\/\/diariodominicano.com\/index.php?rest_route=\/wp\/v2\/posts\/214982\/revisions"}],"wp:attachment":[{"href":"https:\/\/diariodominicano.com\/index.php?rest_route=%2Fwp%2Fv2%2Fmedia&parent=214982"}],"wp:term":[{"taxonomy":"category","embeddable":true,"href":"https:\/\/diariodominicano.com\/index.php?rest_route=%2Fwp%2Fv2%2Fcategories&post=214982"},{"taxonomy":"post_tag","embeddable":true,"href":"https:\/\/diariodominicano.com\/index.php?rest_route=%2Fwp%2Fv2%2Ftags&post=214982"}],"curies":[{"name":"wp","href":"https:\/\/api.w.org\/{rel}","templated":true}]}}