{"id":214975,"date":"2012-12-11T21:45:50","date_gmt":"2012-12-11T21:45:50","guid":{"rendered":"http:\/\/diariodominicano.ddns.net\/?p=214975"},"modified":"2012-12-11T21:45:50","modified_gmt":"2012-12-11T21:45:50","slug":"venezuela-dominicana-iniciaran-serie-del-caribe-de-beisbol","status":"publish","type":"post","link":"https:\/\/diariodominicano.com\/?p=214975","title":{"rendered":"Venezuela-Dominicana iniciar\u00e1n Serie del Caribe de b\u00e9isbol"},"content":{"rendered":"<p><body><\/p>\n<p><span class=\"text1noticias\">M\u00e9xico, 11 dic (PL) Los campeones de Venezuela y Rep\u00fablica Dominicana iniciar\u00e1n la Serie del Caribe de b\u00e9isbol-2013 en el estadio mexicano de Sonora, anunci\u00f3 la Liga del Pac\u00edfico de M\u00e9xico a la prensa.<\/span><\/p>\n<\/p>\n<p><span class=\"text1noticias\">La serie se disputar\u00e1 del 1 al 7 de febrero pr\u00f3ximo en una nueva instalaci\u00f3n de la capital del estado de Sonora (Hermosillo), al noroeste del pa\u00eds, y por primera vez el t\u00edtulo ser\u00e1 definido en una final.<\/span><\/p>\n<\/p>\n<p><span class=\"text1noticias\">El estadio, que tendr\u00e1 una capacidad para 16 mil aficionados, ser\u00e1 el cuartel general de los Naranjeros de Hermosillo en la Liga del Pac\u00edfico y estar\u00e1 listo un mes antes de la apertura de la competici\u00f3n.<\/span><\/p>\n<\/p>\n<p><span class=\"text1noticias\">La Serie del Caribe re\u00fane a los monarcas de las ligas invernales de M\u00e9xico, Venezuela, Puerto Rico y Rep\u00fablica Dominicana.<\/span><\/p>\n<\/p>\n<p><span class=\"text1noticias\">Calendario de la Serie del Caribe 2013: <\/span><\/p>\n<\/p>\n<p><span class=\"text1noticias\">-1 feb: Venezuela-Rep\u00fablica Dominicana y M\u00e9xico-Puerto Rico.<\/span><\/p>\n<\/p>\n<p><span class=\"text1noticias\">-2 feb: Rep\u00fablica Dominicana-Puerto Rico y M\u00e9xico-Venezuela.<\/span><\/p>\n<\/p>\n<p><span class=\"text1noticias\">-3 feb: Venezuela-Puerto Rico y M\u00e9xico-Rep\u00fablica Dominicana.<\/span><\/p>\n<\/p>\n<p><span class=\"text1noticias\">-4 feb: Puerto Rico-Rep\u00fablica Dominicana y Venezuela-M\u00e9xico.<\/span><\/p>\n<\/p>\n<p><span class=\"text1noticias\">-5 feb: Puerto Rico-Venezuela y Rep\u00fablica Dominicana-M\u00e9xico.<\/span><\/p>\n<\/p>\n<p><span class=\"text1noticias\">-6 feb: Rep\u00fablica Dominicana-Venezuela y M\u00e9xico-Puerto Rico.<\/span><\/p>\n<\/p>\n<p><span class=\"text1noticias\">-7 feb: Partido final.(HG)<\/span>.<\/p>\n<\/p>\n<h6> 2012-12-11 21:45:50 <\/h6>\n<p><!--\n<link rel=\"stylesheet\" href=\"css\/bootstrap.min.css\">\n\n\n<ul class=\"pagination\">\n\t    \n\t\n\n<li >\n\t<a href='?page_no=22084'>Previous<\/a>\n\t<\/li>\n\n\n       \n    \n\n<li><a href='?page_no=1'>1<\/a><\/li>\n\n\n\n<li><a href='?page_no=2'>2<\/a><\/li>\n\n\n\n<li><a>...<\/a><\/li>\n\n\n\n<li><a href='?page_no=22083'>22083<\/a><\/li>\n\n\n\n<li><a href='?page_no=22084'>22084<\/a><\/li>\n\n\n\n<li class='active'><a>22085<\/a><\/li>\n\n\n\n<li><a href='?page_no=22086'>22086<\/a><\/li>\n\n\n\n<li><a href='?page_no=22087'>22087<\/a><\/li>\n\n\n\n<li><a>...<\/a><\/li>\n\n\n\n<li><a href='?page_no=36618'>36618<\/a><\/li>\n\n\n\n<li><a href='?page_no=36619'>36619<\/a><\/li>\n\n    \n\t\n\n<li >\n\t<a href='?page_no=22086'>Next<\/a>\n\t<\/li>\n\n\n    \n\n<li><a href='?page_no=36619'>Last &rsaquo;&rsaquo;<\/a><\/li>\n\n<\/ul>\n\n\n--><br \/>\n<\/body><\/p>\n","protected":false},"excerpt":{"rendered":"<p>M\u00e9xico, 11 dic (PL) Los campeones de Venezuela y Rep\u00fablica Dominicana iniciar\u00e1n la Serie del Caribe de b\u00e9isbol-2013 en el estadio mexicano de Sonora, anunci\u00f3 la Liga del Pac\u00edfico de M\u00e9xico a la prensa. La serie se disputar\u00e1 del 1 al 7 de febrero pr\u00f3ximo en una nueva instalaci\u00f3n de la capital del estado de [&hellip;]<\/p>\n","protected":false},"author":3,"featured_media":0,"comment_status":"open","ping_status":"open","sticky":false,"template":"","format":"standard","meta":{"footnotes":""},"categories":[17],"tags":[],"class_list":["post-214975","post","type-post","status-publish","format-standard","hentry","category-deportes"],"_links":{"self":[{"href":"https:\/\/diariodominicano.com\/index.php?rest_route=\/wp\/v2\/posts\/214975","targetHints":{"allow":["GET"]}}],"collection":[{"href":"https:\/\/diariodominicano.com\/index.php?rest_route=\/wp\/v2\/posts"}],"about":[{"href":"https:\/\/diariodominicano.com\/index.php?rest_route=\/wp\/v2\/types\/post"}],"author":[{"embeddable":true,"href":"https:\/\/diariodominicano.com\/index.php?rest_route=\/wp\/v2\/users\/3"}],"replies":[{"embeddable":true,"href":"https:\/\/diariodominicano.com\/index.php?rest_route=%2Fwp%2Fv2%2Fcomments&post=214975"}],"version-history":[{"count":0,"href":"https:\/\/diariodominicano.com\/index.php?rest_route=\/wp\/v2\/posts\/214975\/revisions"}],"wp:attachment":[{"href":"https:\/\/diariodominicano.com\/index.php?rest_route=%2Fwp%2Fv2%2Fmedia&parent=214975"}],"wp:term":[{"taxonomy":"category","embeddable":true,"href":"https:\/\/diariodominicano.com\/index.php?rest_route=%2Fwp%2Fv2%2Fcategories&post=214975"},{"taxonomy":"post_tag","embeddable":true,"href":"https:\/\/diariodominicano.com\/index.php?rest_route=%2Fwp%2Fv2%2Ftags&post=214975"}],"curies":[{"name":"wp","href":"https:\/\/api.w.org\/{rel}","templated":true}]}}