{"id":214973,"date":"2012-12-11T22:17:57","date_gmt":"2012-12-11T22:17:57","guid":{"rendered":"http:\/\/diariodominicano.ddns.net\/?p=214973"},"modified":"2012-12-11T22:17:57","modified_gmt":"2012-12-11T22:17:57","slug":"declaran-caso-complejo-juez-impone-8-meses-a-dos-acusados-de-ultimar-a-tiros-a-jhonny-ramos-pineyro","status":"publish","type":"post","link":"https:\/\/diariodominicano.com\/?p=214973","title":{"rendered":"Declaran caso complejo; juez impone 8 meses a dos acusados de ultimar a tiros a Jhonny Ramos Pi\u00f1eyro"},"content":{"rendered":"<p><body><\/p>\n<p><span class=\"text1noticias\">TEUDDY A. SANCHEZ<\/span><\/p>\n<\/p>\n<p><span class=\"text1noticias\">Rep. Dom. 11 de Diciembre.- La jueza del Juzgado de Atenci\u00f3n Permanente del distrito judicial de esta ciudad, dict\u00f3 anoche ocho meses de prisi\u00f3n contra un raso de la Polic\u00eda y un civil, involucrados en la muerte de un comerciante a balazos en Noviembre pasado.<\/span><\/p>\n<\/p>\n<p><span class=\"text1noticias\">La magistrada Kenia P\u00e9rez declar\u00f3 como complejo el caso de la muerte del vendedor de Productos Chet, Jhonny Ramos Pi\u00f1eyro, ultimado el ocho del pasado mes en la Urbanizaci\u00f3n Los Maestros de esta localidad, en un intento de atraco por parte de cinco personas, tres de ellos pr\u00f3fugos.<\/span><\/p>\n<\/p>\n<p><span class=\"text1noticias\">La juez P\u00e9rez dict\u00f3 la medida contra el raso policial Gabriel G\u00f3mez Urb\u00e1ez y V\u00edctor Alfonso Flori\u00e1n L\u00f3pez (Chocolate), los cuales se entregaron a las autoridades policiales y judiciales el pasado fin de semana a trav\u00e9s de sus familiares.<\/span><\/p>\n<\/p>\n<p><span class=\"text1noticias\">La procuradora fiscal adjunta, licenciado Yokasta B\u00e1ez en su dictamen solicit\u00f3 para los dos acusados la medida impuesta como lo establece el numeral 7 del art\u00edculo 226 del C\u00f3digo  Procesal Penal.<\/span><\/p>\n<\/p>\n<p><span class=\"text1noticias\">La parte civil estuvo integrada por el doctor V\u00edctor Emilio Santana Flori\u00e1n y el licenciado Hugo G\u00f3mez, mientras que el acto civil fue la hija de la occiso, Johnaira Ramos P\u00e9rez.<\/span><\/p>\n<\/p>\n<p><span class=\"text1noticias\">Mientras que la defensa fue integrada por Danny Almonte y Milciades  Encarnaci\u00f3n Feliz y Abraham Carvajal.<\/span><\/p>\n<\/p>\n<p><span class=\"text1noticias\">Los dos fueron sometidos a la justicia acusados de constituirse en asociaci\u00f3n de malhechores violando los art\u00edculos 265, 266, 295, 296, 297 y 305 del C\u00f3digo Penal.<\/span><\/p>\n<\/p>\n<p><span class=\"text1noticias\">Adem\u00e1s de los art\u00edculos 24 y 39 de la ley 36 sobre porte y tenencia de armas de fuego.<\/span><\/p>\n<\/p>\n<p><span class=\"text1noticias\">La magistrada declar\u00f3 el caso complejo basado en el art\u00edculo 369 del C\u00f3digo Procesal Penal.<\/span><\/p>\n<\/p>\n<p><span class=\"text1noticias\">El Palacio de Justicia de esta ciudad, estaba lleno de familiares y amigos, tanto del occiso como de los acusados.(HG)<\/span>.<\/p>\n<\/p>\n<h6> 2012-12-11 22:17:57 <\/h6>\n<p><!--\n<link rel=\"stylesheet\" href=\"css\/bootstrap.min.css\">\n\n\n<ul class=\"pagination\">\n\t    \n\t\n\n<li >\n\t<a href='?page_no=22082'>Previous<\/a>\n\t<\/li>\n\n\n       \n    \n\n<li><a href='?page_no=1'>1<\/a><\/li>\n\n\n\n<li><a href='?page_no=2'>2<\/a><\/li>\n\n\n\n<li><a>...<\/a><\/li>\n\n\n\n<li><a href='?page_no=22081'>22081<\/a><\/li>\n\n\n\n<li><a href='?page_no=22082'>22082<\/a><\/li>\n\n\n\n<li class='active'><a>22083<\/a><\/li>\n\n\n\n<li><a href='?page_no=22084'>22084<\/a><\/li>\n\n\n\n<li><a href='?page_no=22085'>22085<\/a><\/li>\n\n\n\n<li><a>...<\/a><\/li>\n\n\n\n<li><a href='?page_no=36618'>36618<\/a><\/li>\n\n\n\n<li><a href='?page_no=36619'>36619<\/a><\/li>\n\n    \n\t\n\n<li >\n\t<a href='?page_no=22084'>Next<\/a>\n\t<\/li>\n\n\n    \n\n<li><a href='?page_no=36619'>Last &rsaquo;&rsaquo;<\/a><\/li>\n\n<\/ul>\n\n\n--><br \/>\n<\/body><\/p>\n","protected":false},"excerpt":{"rendered":"<p>TEUDDY A. SANCHEZ Rep. Dom. 11 de Diciembre.- La jueza del Juzgado de Atenci\u00f3n Permanente del distrito judicial de esta ciudad, dict\u00f3 anoche ocho meses de prisi\u00f3n contra un raso de la Polic\u00eda y un civil, involucrados en la muerte de un comerciante a balazos en Noviembre pasado. La magistrada Kenia P\u00e9rez declar\u00f3 como complejo [&hellip;]<\/p>\n","protected":false},"author":3,"featured_media":0,"comment_status":"open","ping_status":"open","sticky":false,"template":"","format":"standard","meta":{"footnotes":""},"categories":[17],"tags":[],"class_list":["post-214973","post","type-post","status-publish","format-standard","hentry","category-deportes"],"_links":{"self":[{"href":"https:\/\/diariodominicano.com\/index.php?rest_route=\/wp\/v2\/posts\/214973","targetHints":{"allow":["GET"]}}],"collection":[{"href":"https:\/\/diariodominicano.com\/index.php?rest_route=\/wp\/v2\/posts"}],"about":[{"href":"https:\/\/diariodominicano.com\/index.php?rest_route=\/wp\/v2\/types\/post"}],"author":[{"embeddable":true,"href":"https:\/\/diariodominicano.com\/index.php?rest_route=\/wp\/v2\/users\/3"}],"replies":[{"embeddable":true,"href":"https:\/\/diariodominicano.com\/index.php?rest_route=%2Fwp%2Fv2%2Fcomments&post=214973"}],"version-history":[{"count":0,"href":"https:\/\/diariodominicano.com\/index.php?rest_route=\/wp\/v2\/posts\/214973\/revisions"}],"wp:attachment":[{"href":"https:\/\/diariodominicano.com\/index.php?rest_route=%2Fwp%2Fv2%2Fmedia&parent=214973"}],"wp:term":[{"taxonomy":"category","embeddable":true,"href":"https:\/\/diariodominicano.com\/index.php?rest_route=%2Fwp%2Fv2%2Fcategories&post=214973"},{"taxonomy":"post_tag","embeddable":true,"href":"https:\/\/diariodominicano.com\/index.php?rest_route=%2Fwp%2Fv2%2Ftags&post=214973"}],"curies":[{"name":"wp","href":"https:\/\/api.w.org\/{rel}","templated":true}]}}