{"id":214970,"date":"2012-12-12T13:52:16","date_gmt":"2012-12-12T13:52:16","guid":{"rendered":"http:\/\/diariodominicano.ddns.net\/?p=214970"},"modified":"2012-12-12T13:52:16","modified_gmt":"2012-12-12T13:52:16","slug":"pacquiao-confirma-volvera-a-pelear-con-marquez-para-el-filipino-el-combate-no-ha-acabado","status":"publish","type":"post","link":"https:\/\/diariodominicano.com\/?p=214970","title":{"rendered":"Pacquiao confirma volver\u00e1 a pelear con M\u00e1rquez; para el filipino el combate no ha acabado&#13;"},"content":{"rendered":"<p><body><\/p>\n<p>Manila, Filipinas 12 diciembre.- &#8211; La leyenda del boxeo filipino Manny Pacquiao asegur\u00f3 hoy, a su llegada al aeropuerto de Manila, que volver\u00e1 a pelear con el mexicano Juan Manuel M\u00e1rquez, que lo derrot\u00f3 por KO el pasado s\u00e1bado en Las Vegas (Estados Unidos).<\/p>\n<\/p>\n<p>\u00abNo os preocup\u00e9is, volveremos a levantarnos. Luchar\u00e9 otra vez. La pelea no ha acabado a\u00fan\u00bb, dijo Pacquiao, quien acompa\u00f1ado por su esposa, Jinkee, fue recibido por el vicepresidente, Jejomar Binay, y varios parlamentarios.<\/p>\n<\/p>\n<p>Familiares y seguidores del p\u00fagil filipino le han pedido que abandone el boxeo tras una carrera de 17 a\u00f1os que le ha llevado a ser campe\u00f3n mundial en ocho categor\u00edas y lo elev\u00f3 desde la pobreza a ser el mejor deportista de todos los tiempos en Filipinas e incluso a ganar un esca\u00f1o en el Parlamento.<\/p>\n<\/p>\n<p>Sin embargo, muchos temen que los duros golpes que ha recibido en la cabeza le provoquen complicaciones serias como el Parkinson que arrastra su entrenador y exboxeador, Freddie Roach, o el aclamado p\u00fagil Muhammad Ali, quien empez\u00f3 a mostrar signos de la enfermedad a los 38 a\u00f1os.<\/p>\n<\/p>\n<p>El promotor Bob Arum y el equipo de Pacquiao dan por segura una quinta pelea contra el mexicano M\u00e1rquez, aunque han descartado la fecha propuesta para el pr\u00f3ximo abril de forma que tengan m\u00e1s tiempo para su recuperaci\u00f3n.<\/p>\n<\/p>\n<p>En la pelea dentro del peso welter del pasado s\u00e1bado, el boxeador mexicano noque\u00f3 al filipino en el sexto asalto con una derecha brutal que impact\u00f3 en la mand\u00edbula de Pacquiao, que qued\u00f3 varios minutos tendido en la lona.<\/p>\n<\/p>\n<p>M\u00e1rquez, de 38 a\u00f1os, remont\u00f3 as\u00ed una pelea que estaba perdiendo por puntos contra su rival, que la semana que viene cumplir\u00e1 34 a\u00f1os.<\/p>\n<\/p>\n<p>Pacquiao y M\u00e1rquez empataron en la primera confrontaci\u00f3n mutua (2004), mientras que la segunda (2008) y tercera (2011) fueron triunfos para el filipino en controvertidas decisiones despu\u00e9s de 12 asaltos.<\/p>\n<\/p>\n<p>M\u00e1rquez, que se llev\u00f3 una bolsa de 10 millones de d\u00f3lares frente a los 25 millones de Pacquiao, dej\u00f3 una marca en 55-6-1 y 40 nocauts.<\/p>\n<\/p>\n<p>Mientras que Pacquiao, que con su segunda derrota consecutiva pone en peligro la deseada corona ante el estadounidense invicto Floyd Mayweather Jr., la baj\u00f3 a 54-5-2, con 38 triunfos por la v\u00eda r\u00e1pida.<\/p>\n<h6> 2012-12-12 13:52:16 <\/h6>\n<p><!--\n<link rel=\"stylesheet\" href=\"css\/bootstrap.min.css\">\n\n\n<ul class=\"pagination\">\n\t    \n\t\n\n<li >\n\t<a href='?page_no=22079'>Previous<\/a>\n\t<\/li>\n\n\n       \n    \n\n<li><a href='?page_no=1'>1<\/a><\/li>\n\n\n\n<li><a href='?page_no=2'>2<\/a><\/li>\n\n\n\n<li><a>...<\/a><\/li>\n\n\n\n<li><a href='?page_no=22078'>22078<\/a><\/li>\n\n\n\n<li><a href='?page_no=22079'>22079<\/a><\/li>\n\n\n\n<li class='active'><a>22080<\/a><\/li>\n\n\n\n<li><a href='?page_no=22081'>22081<\/a><\/li>\n\n\n\n<li><a href='?page_no=22082'>22082<\/a><\/li>\n\n\n\n<li><a>...<\/a><\/li>\n\n\n\n<li><a href='?page_no=36618'>36618<\/a><\/li>\n\n\n\n<li><a href='?page_no=36619'>36619<\/a><\/li>\n\n    \n\t\n\n<li >\n\t<a href='?page_no=22081'>Next<\/a>\n\t<\/li>\n\n\n    \n\n<li><a href='?page_no=36619'>Last &rsaquo;&rsaquo;<\/a><\/li>\n\n<\/ul>\n\n\n--><br \/>\n<\/body><\/p>\n","protected":false},"excerpt":{"rendered":"<p>Manila, Filipinas 12 diciembre.- &#8211; La leyenda del boxeo filipino Manny Pacquiao asegur\u00f3 hoy, a su llegada al aeropuerto de Manila, que volver\u00e1 a pelear con el mexicano Juan Manuel M\u00e1rquez, que lo derrot\u00f3 por KO el pasado s\u00e1bado en Las Vegas (Estados Unidos). \u00abNo os preocup\u00e9is, volveremos a levantarnos. Luchar\u00e9 otra vez. La pelea [&hellip;]<\/p>\n","protected":false},"author":3,"featured_media":0,"comment_status":"open","ping_status":"open","sticky":false,"template":"","format":"standard","meta":{"footnotes":""},"categories":[17],"tags":[],"class_list":["post-214970","post","type-post","status-publish","format-standard","hentry","category-deportes"],"_links":{"self":[{"href":"https:\/\/diariodominicano.com\/index.php?rest_route=\/wp\/v2\/posts\/214970","targetHints":{"allow":["GET"]}}],"collection":[{"href":"https:\/\/diariodominicano.com\/index.php?rest_route=\/wp\/v2\/posts"}],"about":[{"href":"https:\/\/diariodominicano.com\/index.php?rest_route=\/wp\/v2\/types\/post"}],"author":[{"embeddable":true,"href":"https:\/\/diariodominicano.com\/index.php?rest_route=\/wp\/v2\/users\/3"}],"replies":[{"embeddable":true,"href":"https:\/\/diariodominicano.com\/index.php?rest_route=%2Fwp%2Fv2%2Fcomments&post=214970"}],"version-history":[{"count":0,"href":"https:\/\/diariodominicano.com\/index.php?rest_route=\/wp\/v2\/posts\/214970\/revisions"}],"wp:attachment":[{"href":"https:\/\/diariodominicano.com\/index.php?rest_route=%2Fwp%2Fv2%2Fmedia&parent=214970"}],"wp:term":[{"taxonomy":"category","embeddable":true,"href":"https:\/\/diariodominicano.com\/index.php?rest_route=%2Fwp%2Fv2%2Fcategories&post=214970"},{"taxonomy":"post_tag","embeddable":true,"href":"https:\/\/diariodominicano.com\/index.php?rest_route=%2Fwp%2Fv2%2Ftags&post=214970"}],"curies":[{"name":"wp","href":"https:\/\/api.w.org\/{rel}","templated":true}]}}