{"id":214957,"date":"2012-12-13T16:31:25","date_gmt":"2012-12-13T16:31:25","guid":{"rendered":"http:\/\/diariodominicano.ddns.net\/?p=214957"},"modified":"2012-12-13T16:31:25","modified_gmt":"2012-12-13T16:31:25","slug":"el-deporte-pierde-al-macho-camacho-a-viberti-y-calero","status":"publish","type":"post","link":"https:\/\/diariodominicano.com\/?p=214957","title":{"rendered":"El deporte pierde al Macho Camacho; a Viberti y Calero"},"content":{"rendered":"<p><body><\/p>\n<p>Madrid, Espa\u00f1a 13 diciembre.- Un tiro en la cabeza derrib\u00f3 la vida del boxeador H\u00e9ctor Luis Camacho, ?Macho? Camacho, reclamo del cuadril\u00e1tero, al que domin\u00f3 durante tres d\u00e9cadas y en el que rein\u00f3 en diversas categor\u00edas, que ahora rememora con lamento su marcha por lo que fue, m\u00e1s all\u00e1 del espect\u00e1culo.<\/p>\n<\/p>\n<p>El adi\u00f3s de El Macho ha desempolvado una de las \u00e9pocas m\u00e1s vistosas del boxeo. Del deporte, al que perteneci\u00f3 igual que los futbolistas, el argentino Sebasti\u00e1n Viberti y el colombiano Miguel Calero, entre las p\u00e9rdidas sonadas del 2012.<\/p>\n<\/p>\n<p>El Macho dej\u00f3 un legado notable ataviada de una extravagante personalidad. Entre los m\u00e1s reputados de su generaci\u00f3n. Para muchos, este zurdo que dej\u00f3 de vivir a los 50 a\u00f1os, revoluci\u00f3n tiempo atr\u00e1s el boxeo.<\/p>\n<\/p>\n<p>La rivalidad entre Ch\u00e1vez y Camacho dio lustre al cuadril\u00e1tero. Entre ambos elevaron al infinito los registros de audiencia. El mundo del boxeo se paralizaba con ellos.<\/p>\n<\/p>\n<p>Presa de una peculiar forma de ser, por sus habituales atuendos extravagantes, alcanz\u00f3 dotes de hombre espect\u00e1culo al m\u00e1s estilo Mohammed Al\u00ed. Campe\u00f3n mundial de los pesos superpluma, ligero y ligero j\u00fanior, adem\u00e1s de ganar t\u00edtulos menores en otras cuatro categor\u00edas, fue el primer boxeador en ser reconocido como campe\u00f3n s\u00e9ptuplo. De 88 peleas gan\u00f3 79, perdi\u00f3 6 aunque nunca fue noqueado y empat\u00f3 3.<\/p>\n<\/p>\n<p>Su adi\u00f3s fue tr\u00e1gico. A primera hora del 20 de noviembre Camacho fue alcanzado en la cabeza por un balazo hecho desde un veh\u00edculo.<\/p>\n<\/p>\n<p>El mundo del f\u00fatbol acentu\u00f3 su dolor con las recientes muertes del argentino Viberti y del colombiano Calero. Sebasti\u00e1n Viberti \u00abEl Pelado\u00bb dej\u00f3 huella sobre todo en el M\u00e1laga, donde fue un aut\u00e9ntico \u00eddolo en sus cinco temporadas, una de las mejores del club, que pondr\u00e1 su nombre a una de las puertas del estadio La Rosaleda.<\/p>\n<h6> 2012-12-13 16:31:25 <\/h6>\n<p><!--\n<link rel=\"stylesheet\" href=\"css\/bootstrap.min.css\">\n\n\n<ul class=\"pagination\">\n\t    \n\t\n\n<li >\n\t<a href='?page_no=22066'>Previous<\/a>\n\t<\/li>\n\n\n       \n    \n\n<li><a href='?page_no=1'>1<\/a><\/li>\n\n\n\n<li><a href='?page_no=2'>2<\/a><\/li>\n\n\n\n<li><a>...<\/a><\/li>\n\n\n\n<li><a href='?page_no=22065'>22065<\/a><\/li>\n\n\n\n<li><a href='?page_no=22066'>22066<\/a><\/li>\n\n\n\n<li class='active'><a>22067<\/a><\/li>\n\n\n\n<li><a href='?page_no=22068'>22068<\/a><\/li>\n\n\n\n<li><a href='?page_no=22069'>22069<\/a><\/li>\n\n\n\n<li><a>...<\/a><\/li>\n\n\n\n<li><a href='?page_no=36618'>36618<\/a><\/li>\n\n\n\n<li><a href='?page_no=36619'>36619<\/a><\/li>\n\n    \n\t\n\n<li >\n\t<a href='?page_no=22068'>Next<\/a>\n\t<\/li>\n\n\n    \n\n<li><a href='?page_no=36619'>Last &rsaquo;&rsaquo;<\/a><\/li>\n\n<\/ul>\n\n\n--><br \/>\n<\/body><\/p>\n","protected":false},"excerpt":{"rendered":"<p>Madrid, Espa\u00f1a 13 diciembre.- Un tiro en la cabeza derrib\u00f3 la vida del boxeador H\u00e9ctor Luis Camacho, ?Macho? Camacho, reclamo del cuadril\u00e1tero, al que domin\u00f3 durante tres d\u00e9cadas y en el que rein\u00f3 en diversas categor\u00edas, que ahora rememora con lamento su marcha por lo que fue, m\u00e1s all\u00e1 del espect\u00e1culo. El adi\u00f3s de El [&hellip;]<\/p>\n","protected":false},"author":3,"featured_media":0,"comment_status":"open","ping_status":"open","sticky":false,"template":"","format":"standard","meta":{"footnotes":""},"categories":[17],"tags":[],"class_list":["post-214957","post","type-post","status-publish","format-standard","hentry","category-deportes"],"_links":{"self":[{"href":"https:\/\/diariodominicano.com\/index.php?rest_route=\/wp\/v2\/posts\/214957","targetHints":{"allow":["GET"]}}],"collection":[{"href":"https:\/\/diariodominicano.com\/index.php?rest_route=\/wp\/v2\/posts"}],"about":[{"href":"https:\/\/diariodominicano.com\/index.php?rest_route=\/wp\/v2\/types\/post"}],"author":[{"embeddable":true,"href":"https:\/\/diariodominicano.com\/index.php?rest_route=\/wp\/v2\/users\/3"}],"replies":[{"embeddable":true,"href":"https:\/\/diariodominicano.com\/index.php?rest_route=%2Fwp%2Fv2%2Fcomments&post=214957"}],"version-history":[{"count":0,"href":"https:\/\/diariodominicano.com\/index.php?rest_route=\/wp\/v2\/posts\/214957\/revisions"}],"wp:attachment":[{"href":"https:\/\/diariodominicano.com\/index.php?rest_route=%2Fwp%2Fv2%2Fmedia&parent=214957"}],"wp:term":[{"taxonomy":"category","embeddable":true,"href":"https:\/\/diariodominicano.com\/index.php?rest_route=%2Fwp%2Fv2%2Fcategories&post=214957"},{"taxonomy":"post_tag","embeddable":true,"href":"https:\/\/diariodominicano.com\/index.php?rest_route=%2Fwp%2Fv2%2Ftags&post=214957"}],"curies":[{"name":"wp","href":"https:\/\/api.w.org\/{rel}","templated":true}]}}