{"id":214953,"date":"2012-12-13T20:57:28","date_gmt":"2012-12-13T20:57:28","guid":{"rendered":"http:\/\/diariodominicano.ddns.net\/?p=214953"},"modified":"2012-12-13T20:57:28","modified_gmt":"2012-12-13T20:57:28","slug":"designan-nombres-mario-emilio-rafael-moreno-y-jose-ravelo-canchas-tenis-club-naco","status":"publish","type":"post","link":"https:\/\/diariodominicano.com\/?p=214953","title":{"rendered":"Designan nombres Mario Emilio, Rafael Moreno y Jos\u00e9 Ravelo canchas tenis club Naco"},"content":{"rendered":"<p><body><\/p>\n<p><span class=\"text1noticias\">Rep. Dom. 13 de Diciembre.-El club Deportivo Naco rindi\u00f3 este jueves un homenaje a Mario Emilio Guerrero y los Inmortales del Deporte Rafael Moreno y Jos\u00e9 Ravelo, junto a otras tres personalidades del tenis de campo de esa entidad, con la designaci\u00f3n de seis canchas deportivas con sus nombres, en la referida entidad.<\/span><\/p>\n<\/p>\n<p><span class=\"text1noticias\">El acto fue encabezado por la Junta Directiva del club Naco que preside el licenciado Antonio Alma, junto a el doctor Andr\u00e9s Bustamante, segundo vicepresidente, Luis Miguel Pou (Lucho), tesorero, Gustavo Biaggi y Tancredo Aybar, tambi\u00e9n directivos.<\/span><\/p>\n<\/p>\n<p><span class=\"text1noticias\">Por igual, el comunicador Persio Maldonado, presidente de la Federaci\u00f3n Dominicana de Tenis (Fedotenis) y Sergio Tovar, de la Asociaci\u00f3n del Distrito Nacional.<\/span><\/p>\n<\/p>\n<p><span class=\"text1noticias\">El club Naco design\u00f3 a la cancha n\u00famero 1 con el nombre de Diony Bernal, quien fuera el constructor de las dos primeras canchas de tenis de esa organizaci\u00f3n deportiva y una gloria del deporte nacional como propulsor, entrenador y dirigente. Bernal, fallecido en el 1982, fue representado por su hijo Diony Bernal.<\/span><\/p>\n<\/p>\n<p><span class=\"text1noticias\">La cancha 2 tuvo la designaci\u00f3n de Jos\u00e9 Ravelo, Inmortal del Deporte Dominicano y considerado uno de los m\u00e1s grandes tenistas de todos los tiempos.<\/span><\/p>\n<\/p>\n<p><span class=\"text1noticias\">En la n\u00famero 3, el experimentado cronista deportivo Mario Emilio Guerrero carg\u00f3 con el homenaje por su trayectoria como atleta naque\u00f1o y nacional y por su labor profesional periodistas en el tenis de campos.<\/span><\/p>\n<\/p>\n<p><span class=\"text1noticias\">La ex atleta Rosamirta Espaillat, representada por su hija Michelle Fern\u00e1ndez Espaillat, recibi\u00f3 la designaci\u00f3n de la n\u00famero 4. La cancha 5 ser\u00e1 llamada Altagracia Morales de Altagracia, por su trayectoria en la disciplina a nivel nacional y en el club Naco.<\/span><\/p>\n<\/p>\n<p><span class=\"text1noticias\">Ya la 6, recibi\u00f3 por nombre Rafael Moreno, el m\u00e1s grande tenista de campos de todos los tiempos y el m\u00e1s ganador de medallas, 5 en Juegos Centroamericanos y 1 en Juegos Panamericanos (Habana, Cuba, en el 1991).<\/span><\/p>\n<\/p>\n<p><span class=\"text1noticias\">Antonio Alma, presidente del club Naco, dio las palabras centrales del acto y resalt\u00f3 a esas seis figuras del deporte que pusieron en alto el tenis de campos.(HG)<\/span>.<\/p>\n<\/p>\n<\/p>\n<h6> 2012-12-13 20:57:28 <\/h6>\n<p><!--\n<link rel=\"stylesheet\" href=\"css\/bootstrap.min.css\">\n\n\n<ul class=\"pagination\">\n\t    \n\t\n\n<li >\n\t<a href='?page_no=22062'>Previous<\/a>\n\t<\/li>\n\n\n       \n    \n\n<li><a href='?page_no=1'>1<\/a><\/li>\n\n\n\n<li><a href='?page_no=2'>2<\/a><\/li>\n\n\n\n<li><a>...<\/a><\/li>\n\n\n\n<li><a href='?page_no=22061'>22061<\/a><\/li>\n\n\n\n<li><a href='?page_no=22062'>22062<\/a><\/li>\n\n\n\n<li class='active'><a>22063<\/a><\/li>\n\n\n\n<li><a href='?page_no=22064'>22064<\/a><\/li>\n\n\n\n<li><a href='?page_no=22065'>22065<\/a><\/li>\n\n\n\n<li><a>...<\/a><\/li>\n\n\n\n<li><a href='?page_no=36618'>36618<\/a><\/li>\n\n\n\n<li><a href='?page_no=36619'>36619<\/a><\/li>\n\n    \n\t\n\n<li >\n\t<a href='?page_no=22064'>Next<\/a>\n\t<\/li>\n\n\n    \n\n<li><a href='?page_no=36619'>Last &rsaquo;&rsaquo;<\/a><\/li>\n\n<\/ul>\n\n\n--><br \/>\n<\/body><\/p>\n","protected":false},"excerpt":{"rendered":"<p>Rep. Dom. 13 de Diciembre.-El club Deportivo Naco rindi\u00f3 este jueves un homenaje a Mario Emilio Guerrero y los Inmortales del Deporte Rafael Moreno y Jos\u00e9 Ravelo, junto a otras tres personalidades del tenis de campo de esa entidad, con la designaci\u00f3n de seis canchas deportivas con sus nombres, en la referida entidad. El acto [&hellip;]<\/p>\n","protected":false},"author":3,"featured_media":0,"comment_status":"open","ping_status":"open","sticky":false,"template":"","format":"standard","meta":{"footnotes":""},"categories":[17],"tags":[],"class_list":["post-214953","post","type-post","status-publish","format-standard","hentry","category-deportes"],"_links":{"self":[{"href":"https:\/\/diariodominicano.com\/index.php?rest_route=\/wp\/v2\/posts\/214953","targetHints":{"allow":["GET"]}}],"collection":[{"href":"https:\/\/diariodominicano.com\/index.php?rest_route=\/wp\/v2\/posts"}],"about":[{"href":"https:\/\/diariodominicano.com\/index.php?rest_route=\/wp\/v2\/types\/post"}],"author":[{"embeddable":true,"href":"https:\/\/diariodominicano.com\/index.php?rest_route=\/wp\/v2\/users\/3"}],"replies":[{"embeddable":true,"href":"https:\/\/diariodominicano.com\/index.php?rest_route=%2Fwp%2Fv2%2Fcomments&post=214953"}],"version-history":[{"count":0,"href":"https:\/\/diariodominicano.com\/index.php?rest_route=\/wp\/v2\/posts\/214953\/revisions"}],"wp:attachment":[{"href":"https:\/\/diariodominicano.com\/index.php?rest_route=%2Fwp%2Fv2%2Fmedia&parent=214953"}],"wp:term":[{"taxonomy":"category","embeddable":true,"href":"https:\/\/diariodominicano.com\/index.php?rest_route=%2Fwp%2Fv2%2Fcategories&post=214953"},{"taxonomy":"post_tag","embeddable":true,"href":"https:\/\/diariodominicano.com\/index.php?rest_route=%2Fwp%2Fv2%2Ftags&post=214953"}],"curies":[{"name":"wp","href":"https:\/\/api.w.org\/{rel}","templated":true}]}}