{"id":214952,"date":"2012-12-13T21:43:24","date_gmt":"2012-12-13T21:43:24","guid":{"rendered":"http:\/\/diariodominicano.ddns.net\/?p=214952"},"modified":"2012-12-13T21:43:24","modified_gmt":"2012-12-13T21:43:24","slug":"alcaldia-de-azua-inaugura-centro-comunal-y-deportivo-con-inversion-de-rd-8-millones-300-mil","status":"publish","type":"post","link":"https:\/\/diariodominicano.com\/?p=214952","title":{"rendered":"Alcald\u00eda de Azua inaugura Centro Comunal y Deportivo con inversi\u00f3n de RD$ 8 millones 300 mil"},"content":{"rendered":"<p><body><\/p>\n<p><span class=\"text1noticias\">Rep. Dom. 13 de Diciembre.-La Alcald\u00eda de esta ciudad, inaugur\u00f3 un Centro Comunal y Deportivo en el Sector La Bombita, con una inversi\u00f3n superior a los ocho millones de pesos.<\/span><\/p>\n<\/p>\n<p><span class=\"text1noticias\">La inauguraci\u00f3n de la obra, que lleva el nombre del fallecido l\u00edder pol\u00edtico \u00abJos\u00e9 Francisco Pe\u00f1a G\u00f3mez\u00bb, fue entregada a la comunidad durante un acto encabezado por el alcalde del Partido de la Liberaci\u00f3n Dominicana Rafael Hidalgo Fern\u00e1ndez.<\/span><\/p>\n<\/p>\n<p><span class=\"text1noticias\">Al pronunciar el discurso central del acto, el ingeniero Rafael Hidalgo Fern\u00e1ndez expres\u00f3 con la obra inaugurada, el Ayuntamiento de Azua cumple con un compromiso hecho con los habitantes de este sector, de construir una amplia y moderna infraestructura para la realizaci\u00f3n de diversas actividades deportivas, recreativas y sociales y de capacitaci\u00f3n. <\/span><\/p>\n<\/p>\n<p><span class=\"text1noticias\">Hidalgo Fern\u00e1ndez inform\u00f3 que el complejo inaugurado cuenta con amplios espacios para siete disciplinas deportivas, dentro de las que se destacan un Pabell\u00f3n de Lucha Ol\u00edmpica, una cancha multiuso para baloncesto, voleibol, Boxeo, tenis, atletismo, gimnasio con \u00e1reas para clases de aer\u00f3bicos, \u00e1rea infantil, sal\u00f3n para reuniones,  ba\u00f1os y otras facilidades para realizar ejercicios y otras actividades recreativas<\/span><\/p>\n<\/p>\n<p><span class=\"text1noticias\">Durante la actividad,  el Presidente de la Federaci\u00f3n Dominicana de Lucha Ol\u00edmpica, Antonio Acosta, entreg\u00f3 una placa de reconocimiento al alcalde Rafael Hidalgo Fern\u00e1ndez, por el incalculable aporte que est\u00e1 realizando al municipio y por entregar una que traer\u00e1 grandes beneficios a la comunidad, ya que mantendr\u00e1 a los j\u00f3venes concentrados en las actividades creativas y deportivas y alejados de las drogas y otros vicios. <\/span><\/p>\n<\/p>\n<p><span class=\"text1noticias\">La bendici\u00f3n del acto estuvo a cargo del Cura P\u00e1rroco Duvan L\u00f3pez, quien resalt\u00f3 el esfuerzo que est\u00e1 realizando el alcalde Rafael Hidalgo y las dem\u00e1s autoridades del Ayuntamiento en beneficio de la comunidad azuana.<\/span><\/p>\n<\/p>\n<p><span class=\"text1noticias\">En la ceremonia estuvieron presentes el gobernador Luis Vargas, el licenciado Juan Luis Pichardo, Vice Ministro de Deportes y Recreaci\u00f3n,  el Secretario General de la Alcald\u00eda; Melanio S\u00e1nchez, Tesorero,  Ruddy Ram\u00edrez el presidente del Consejo de Regidores Benjam\u00edn Caminero y los ediles Alex Casado, Geraldina Pineda,  Sandra Ibelise Mart\u00ednez, Miguel \u00c1ngel Aguilar,  Julio Ram\u00edrez, Esperanza Feliz, Abigail Cordero, Claudio Feliz,  Carlos Ram\u00edrez y C\u00e9sar Beltr\u00e9.(HG)<\/span>. <\/p>\n<\/p>\n<h6> 2012-12-13 21:43:24 <\/h6>\n<p><!--\n<link rel=\"stylesheet\" href=\"css\/bootstrap.min.css\">\n\n\n<ul class=\"pagination\">\n\t    \n\t\n\n<li >\n\t<a href='?page_no=22061'>Previous<\/a>\n\t<\/li>\n\n\n       \n    \n\n<li><a href='?page_no=1'>1<\/a><\/li>\n\n\n\n<li><a href='?page_no=2'>2<\/a><\/li>\n\n\n\n<li><a>...<\/a><\/li>\n\n\n\n<li><a href='?page_no=22060'>22060<\/a><\/li>\n\n\n\n<li><a href='?page_no=22061'>22061<\/a><\/li>\n\n\n\n<li class='active'><a>22062<\/a><\/li>\n\n\n\n<li><a href='?page_no=22063'>22063<\/a><\/li>\n\n\n\n<li><a href='?page_no=22064'>22064<\/a><\/li>\n\n\n\n<li><a>...<\/a><\/li>\n\n\n\n<li><a href='?page_no=36618'>36618<\/a><\/li>\n\n\n\n<li><a href='?page_no=36619'>36619<\/a><\/li>\n\n    \n\t\n\n<li >\n\t<a href='?page_no=22063'>Next<\/a>\n\t<\/li>\n\n\n    \n\n<li><a href='?page_no=36619'>Last &rsaquo;&rsaquo;<\/a><\/li>\n\n<\/ul>\n\n\n--><br \/>\n<\/body><\/p>\n","protected":false},"excerpt":{"rendered":"<p>Rep. Dom. 13 de Diciembre.-La Alcald\u00eda de esta ciudad, inaugur\u00f3 un Centro Comunal y Deportivo en el Sector La Bombita, con una inversi\u00f3n superior a los ocho millones de pesos. La inauguraci\u00f3n de la obra, que lleva el nombre del fallecido l\u00edder pol\u00edtico \u00abJos\u00e9 Francisco Pe\u00f1a G\u00f3mez\u00bb, fue entregada a la comunidad durante un acto [&hellip;]<\/p>\n","protected":false},"author":3,"featured_media":0,"comment_status":"open","ping_status":"open","sticky":false,"template":"","format":"standard","meta":{"footnotes":""},"categories":[17],"tags":[],"class_list":["post-214952","post","type-post","status-publish","format-standard","hentry","category-deportes"],"_links":{"self":[{"href":"https:\/\/diariodominicano.com\/index.php?rest_route=\/wp\/v2\/posts\/214952","targetHints":{"allow":["GET"]}}],"collection":[{"href":"https:\/\/diariodominicano.com\/index.php?rest_route=\/wp\/v2\/posts"}],"about":[{"href":"https:\/\/diariodominicano.com\/index.php?rest_route=\/wp\/v2\/types\/post"}],"author":[{"embeddable":true,"href":"https:\/\/diariodominicano.com\/index.php?rest_route=\/wp\/v2\/users\/3"}],"replies":[{"embeddable":true,"href":"https:\/\/diariodominicano.com\/index.php?rest_route=%2Fwp%2Fv2%2Fcomments&post=214952"}],"version-history":[{"count":0,"href":"https:\/\/diariodominicano.com\/index.php?rest_route=\/wp\/v2\/posts\/214952\/revisions"}],"wp:attachment":[{"href":"https:\/\/diariodominicano.com\/index.php?rest_route=%2Fwp%2Fv2%2Fmedia&parent=214952"}],"wp:term":[{"taxonomy":"category","embeddable":true,"href":"https:\/\/diariodominicano.com\/index.php?rest_route=%2Fwp%2Fv2%2Fcategories&post=214952"},{"taxonomy":"post_tag","embeddable":true,"href":"https:\/\/diariodominicano.com\/index.php?rest_route=%2Fwp%2Fv2%2Ftags&post=214952"}],"curies":[{"name":"wp","href":"https:\/\/api.w.org\/{rel}","templated":true}]}}