{"id":214933,"date":"2012-12-16T14:07:20","date_gmt":"2012-12-16T14:07:20","guid":{"rendered":"http:\/\/diariodominicano.ddns.net\/?p=214933"},"modified":"2012-12-16T14:07:20","modified_gmt":"2012-12-16T14:07:20","slug":"fulgenio-maria-gana-presidencia-de-asobae","status":"publish","type":"post","link":"https:\/\/diariodominicano.com\/?p=214933","title":{"rendered":"Fulgenio Mar\u00eda gana presidencia de ASOBAE"},"content":{"rendered":"<p><body><\/p>\n<p><span class=\"text1noticias\">Rep. Dom. 16 de Diciembre.-El empresario Fulgenio Mar\u00eda Capell\u00e1n, es el nuevo presidente de la Asociaci\u00f3n de Baloncesto de la Provincia Espaillat (ASOBAE), al imponerse 11-4 a Seraf\u00edn Arroyo en las elecciones celebradas en las instalaciones del Polideportivo local.<\/span><\/p>\n<p><span class=\"text1noticias\"> <\/span><\/p>\n<p><span class=\"text1noticias\">Junto a Fulgenio Mar\u00eda quedaron en la directiva 2012-14 como vicepresidentes, Jos\u00e9 Guillermo L\u00f3pez, Anthony Veras y Martin \u00c1lvarez, el secretario es Juan Hern\u00e1ndez, como tesorero Luis Emilio Guerrero y los vocales Jos\u00e9 Miguel Pichardo, Mat\u00edas Torres y V\u00edctor Utate. Dos de los 17 clubes no votaron en las elecciones por estar suspendidos.<\/span><\/p>\n<p><span class=\"text1noticias\"> <\/span><\/p>\n<p><span class=\"text1noticias\">El nuevo presidente, agradeci\u00f3 el respaldo mostrado por los clubes a su plancha, y de inmediato anunci\u00f3 que comenzaran trabajando en todas las categor\u00edas menores para reforzar el b\u00e1squet superior en ruta a seguir con la brillantez que lo caracteriza.<\/span><\/p>\n<p><span class=\"text1noticias\"> <\/span><\/p>\n<p><span class=\"text1noticias\">\u00abTengo muchos proyectos en agenda y a partir de enero del 2013 comienzan a ponerse en marcha con este nuevo comit\u00e9 ejecutivo que tiene un entusiasmo enorme por seguir trabajando en aras del desarrollo del baloncesto de Espaillat\u00bb, apunt\u00f3 Fulgenio Mar\u00eda.<\/span><\/p>\n<p><span class=\"text1noticias\"> <\/span><\/p>\n<p><span class=\"text1noticias\">Tambi\u00e9n en sus palabras elogi\u00f3 el pasado comit\u00e9 ejecutivo que encabez\u00f3 Juan Hern\u00e1ndez, por el excelente trabajo al frente del organismo rector del baloncesto de Espaillat.<\/span><\/p>\n<p><span class=\"text1noticias\"> <\/span><\/p>\n<p><span class=\"text1noticias\">Las elecciones fueron encabezadas por el Dr. Nelson Sald\u00edvar, miembro de la Federaci\u00f3n de Baloncesto (FEDOMBAL), as\u00ed como Braulio Beriguete y Willy Gonz\u00e1lez presidente de UDEPE y Jos\u00e9 Luis Paulino Reyes.<\/span><\/p>\n<p><span class=\"text1noticias\"> <\/span><\/p>\n<p><span class=\"text1noticias\">Fulgenio Mar\u00eda derrot\u00f3 al ex presidente de la ASOBAE, el se\u00f1or Seraf\u00edn Arroyo, quien encabez\u00f3 la plancha #1 en las elecciones efectuadas en las instalaciones del Polideportivo local.(HG)<\/span>.<\/p>\n<h6> 2012-12-16 14:07:20 <\/h6>\n<p><!--\n<link rel=\"stylesheet\" href=\"css\/bootstrap.min.css\">\n\n\n<ul class=\"pagination\">\n\t    \n\t\n\n<li >\n\t<a href='?page_no=22042'>Previous<\/a>\n\t<\/li>\n\n\n       \n    \n\n<li><a href='?page_no=1'>1<\/a><\/li>\n\n\n\n<li><a href='?page_no=2'>2<\/a><\/li>\n\n\n\n<li><a>...<\/a><\/li>\n\n\n\n<li><a href='?page_no=22041'>22041<\/a><\/li>\n\n\n\n<li><a href='?page_no=22042'>22042<\/a><\/li>\n\n\n\n<li class='active'><a>22043<\/a><\/li>\n\n\n\n<li><a href='?page_no=22044'>22044<\/a><\/li>\n\n\n\n<li><a href='?page_no=22045'>22045<\/a><\/li>\n\n\n\n<li><a>...<\/a><\/li>\n\n\n\n<li><a href='?page_no=36618'>36618<\/a><\/li>\n\n\n\n<li><a href='?page_no=36619'>36619<\/a><\/li>\n\n    \n\t\n\n<li >\n\t<a href='?page_no=22044'>Next<\/a>\n\t<\/li>\n\n\n    \n\n<li><a href='?page_no=36619'>Last &rsaquo;&rsaquo;<\/a><\/li>\n\n<\/ul>\n\n\n--><br \/>\n<\/body><\/p>\n","protected":false},"excerpt":{"rendered":"<p>Rep. Dom. 16 de Diciembre.-El empresario Fulgenio Mar\u00eda Capell\u00e1n, es el nuevo presidente de la Asociaci\u00f3n de Baloncesto de la Provincia Espaillat (ASOBAE), al imponerse 11-4 a Seraf\u00edn Arroyo en las elecciones celebradas en las instalaciones del Polideportivo local. Junto a Fulgenio Mar\u00eda quedaron en la directiva 2012-14 como vicepresidentes, Jos\u00e9 Guillermo L\u00f3pez, Anthony Veras [&hellip;]<\/p>\n","protected":false},"author":3,"featured_media":0,"comment_status":"open","ping_status":"open","sticky":false,"template":"","format":"standard","meta":{"footnotes":""},"categories":[17],"tags":[],"class_list":["post-214933","post","type-post","status-publish","format-standard","hentry","category-deportes"],"_links":{"self":[{"href":"https:\/\/diariodominicano.com\/index.php?rest_route=\/wp\/v2\/posts\/214933","targetHints":{"allow":["GET"]}}],"collection":[{"href":"https:\/\/diariodominicano.com\/index.php?rest_route=\/wp\/v2\/posts"}],"about":[{"href":"https:\/\/diariodominicano.com\/index.php?rest_route=\/wp\/v2\/types\/post"}],"author":[{"embeddable":true,"href":"https:\/\/diariodominicano.com\/index.php?rest_route=\/wp\/v2\/users\/3"}],"replies":[{"embeddable":true,"href":"https:\/\/diariodominicano.com\/index.php?rest_route=%2Fwp%2Fv2%2Fcomments&post=214933"}],"version-history":[{"count":0,"href":"https:\/\/diariodominicano.com\/index.php?rest_route=\/wp\/v2\/posts\/214933\/revisions"}],"wp:attachment":[{"href":"https:\/\/diariodominicano.com\/index.php?rest_route=%2Fwp%2Fv2%2Fmedia&parent=214933"}],"wp:term":[{"taxonomy":"category","embeddable":true,"href":"https:\/\/diariodominicano.com\/index.php?rest_route=%2Fwp%2Fv2%2Fcategories&post=214933"},{"taxonomy":"post_tag","embeddable":true,"href":"https:\/\/diariodominicano.com\/index.php?rest_route=%2Fwp%2Fv2%2Ftags&post=214933"}],"curies":[{"name":"wp","href":"https:\/\/api.w.org\/{rel}","templated":true}]}}