{"id":214931,"date":"2012-12-16T15:19:13","date_gmt":"2012-12-16T15:19:13","guid":{"rendered":"http:\/\/diariodominicano.ddns.net\/?p=214931"},"modified":"2012-12-16T15:19:13","modified_gmt":"2012-12-16T15:19:13","slug":"inauguran-remozamiento-del-estadio-de-softbol-macena-vargas-en-barahona","status":"publish","type":"post","link":"https:\/\/diariodominicano.com\/?p=214931","title":{"rendered":"Inauguran remozamiento del estadio de softbol Macena Vargas en Barahona"},"content":{"rendered":"<p><body><\/p>\n<p><span class=\"text1noticias\">Rep. Dom. 16 de Diciembre.-La Comisi\u00f3n Presidencial  de Apoyo al Desarrollo Provincial inaugur\u00f3 este s\u00e1bado, la rehabilitaci\u00f3n del estadio de softbol de esta ciudad, remozado con una inversi\u00f3n de 8 millones de pesos.<\/span><\/p>\n<p><span class=\"text1noticias\"> <\/span><\/p>\n<p><span class=\"text1noticias\">El acto fue encabezado por el presidente de la entidad, licenciado Francisco del Valle Ram\u00edrez y el Gobernador Provincial, ingeniero Pedro Pe\u00f1a Rubio.<\/span><\/p>\n<p><span class=\"text1noticias\"> <\/span><\/p>\n<p><span class=\"text1noticias\">Los trabajos fueron iniciados en la gesti\u00f3n del ingeniero  C\u00e9sar Fern\u00e1ndez y terminados ahora bajo la administraci\u00f3n de Del Valle Ram\u00edrez.<\/span><\/p>\n<p><span class=\"text1noticias\"> <\/span><\/p>\n<p><span class=\"text1noticias\">En su discurso, el representante del Poder Ejecutivo, Pe\u00f1a Rubio  destac\u00f3 la recuperaci\u00f3n de los estadios de softbol y b\u00e9isbol de esta ciudad, as\u00ed campo el Complejo Deportivo en las administraciones del Partido de la Liberaci\u00f3n Dominicana (PLD).<\/span><\/p>\n<p><span class=\"text1noticias\"> <\/span><\/p>\n<p><span class=\"text1noticias\">Indic\u00f3 que tanto el estadio Nadin J. Hazoury y el Macena Vargas eran ruinas, \u00abpero tanto en el Gobierno de Leonel Fern\u00e1ndez como el de Danilo Medina fueron rescatados del abandono en que estaban\u00bb.<\/span><\/p>\n<p><span class=\"text1noticias\"> <\/span><\/p>\n<p><span class=\"text1noticias\">La obra fue bendecida por el sacerdote Gabriel Almonte, quien llam\u00f3 a cuidar la instalaci\u00f3n deportiva, tras la gran inversi\u00f3n realizada por el Gobierno.<\/span><\/p>\n<p><span class=\"text1noticias\"> <\/span><\/p>\n<p><span class=\"text1noticias\">El presidente de la Asociaci\u00f3n de Softbol de Barahona, agr\u00f3nomo Luis Terrero agradeci\u00f3 la reparaci\u00f3n del estadio al tiempo que cit\u00f3 que del mismo han salido grandes atletas, principalmente mujeres que ponen en alto el nombre de pa\u00eds, ya que est\u00e1n reforzando en varios pa\u00edses del \u00e1rea.<\/span><\/p>\n<p><span class=\"text1noticias\"> <\/span><\/p>\n<p><span class=\"text1noticias\"> <\/span><\/p>\n<p><span class=\"text1noticias\">Al acto asistieron, el diputado Mariano Montero Vallejo, el director provincial de Deportes, Jos\u00e9 del Carmen Nicol\u00e1s y Rafael M\u00e9ndez Risk.<\/span><\/p>\n<\/p>\n<p><span class=\"text1noticias\">Adem\u00e1s del director del Centro Universitario Regional del Suroeste (Curso), Isa\u00edas Zorrilla Fern\u00e1ndez, la ex diputada Ruddy Mar\u00eda M\u00e9ndez, los Alcaldes  de Vicente Noble y Cabral, Domingo de los Santos y Tom\u00e1s S\u00e1nchez.<\/span><\/p>\n<\/p>\n<p><span class=\"text1noticias\"> Tambi\u00e9n la directora provincial de Salud, Doctora Amelia Figuereo, Antonio Ferreras de Medio Ambiente, ex Gobernador, Alfredo Dotel entre otros.(HG)<\/span>.<\/p>\n<h6> 2012-12-16 15:19:13 <\/h6>\n<p><!--\n<link rel=\"stylesheet\" href=\"css\/bootstrap.min.css\">\n\n\n<ul class=\"pagination\">\n\t    \n\t\n\n<li >\n\t<a href='?page_no=22040'>Previous<\/a>\n\t<\/li>\n\n\n       \n    \n\n<li><a href='?page_no=1'>1<\/a><\/li>\n\n\n\n<li><a href='?page_no=2'>2<\/a><\/li>\n\n\n\n<li><a>...<\/a><\/li>\n\n\n\n<li><a href='?page_no=22039'>22039<\/a><\/li>\n\n\n\n<li><a href='?page_no=22040'>22040<\/a><\/li>\n\n\n\n<li class='active'><a>22041<\/a><\/li>\n\n\n\n<li><a href='?page_no=22042'>22042<\/a><\/li>\n\n\n\n<li><a href='?page_no=22043'>22043<\/a><\/li>\n\n\n\n<li><a>...<\/a><\/li>\n\n\n\n<li><a href='?page_no=36618'>36618<\/a><\/li>\n\n\n\n<li><a href='?page_no=36619'>36619<\/a><\/li>\n\n    \n\t\n\n<li >\n\t<a href='?page_no=22042'>Next<\/a>\n\t<\/li>\n\n\n    \n\n<li><a href='?page_no=36619'>Last &rsaquo;&rsaquo;<\/a><\/li>\n\n<\/ul>\n\n\n--><br \/>\n<\/body><\/p>\n","protected":false},"excerpt":{"rendered":"<p>Rep. Dom. 16 de Diciembre.-La Comisi\u00f3n Presidencial de Apoyo al Desarrollo Provincial inaugur\u00f3 este s\u00e1bado, la rehabilitaci\u00f3n del estadio de softbol de esta ciudad, remozado con una inversi\u00f3n de 8 millones de pesos. El acto fue encabezado por el presidente de la entidad, licenciado Francisco del Valle Ram\u00edrez y el Gobernador Provincial, ingeniero Pedro Pe\u00f1a [&hellip;]<\/p>\n","protected":false},"author":3,"featured_media":0,"comment_status":"open","ping_status":"open","sticky":false,"template":"","format":"standard","meta":{"footnotes":""},"categories":[17],"tags":[],"class_list":["post-214931","post","type-post","status-publish","format-standard","hentry","category-deportes"],"_links":{"self":[{"href":"https:\/\/diariodominicano.com\/index.php?rest_route=\/wp\/v2\/posts\/214931","targetHints":{"allow":["GET"]}}],"collection":[{"href":"https:\/\/diariodominicano.com\/index.php?rest_route=\/wp\/v2\/posts"}],"about":[{"href":"https:\/\/diariodominicano.com\/index.php?rest_route=\/wp\/v2\/types\/post"}],"author":[{"embeddable":true,"href":"https:\/\/diariodominicano.com\/index.php?rest_route=\/wp\/v2\/users\/3"}],"replies":[{"embeddable":true,"href":"https:\/\/diariodominicano.com\/index.php?rest_route=%2Fwp%2Fv2%2Fcomments&post=214931"}],"version-history":[{"count":0,"href":"https:\/\/diariodominicano.com\/index.php?rest_route=\/wp\/v2\/posts\/214931\/revisions"}],"wp:attachment":[{"href":"https:\/\/diariodominicano.com\/index.php?rest_route=%2Fwp%2Fv2%2Fmedia&parent=214931"}],"wp:term":[{"taxonomy":"category","embeddable":true,"href":"https:\/\/diariodominicano.com\/index.php?rest_route=%2Fwp%2Fv2%2Fcategories&post=214931"},{"taxonomy":"post_tag","embeddable":true,"href":"https:\/\/diariodominicano.com\/index.php?rest_route=%2Fwp%2Fv2%2Ftags&post=214931"}],"curies":[{"name":"wp","href":"https:\/\/api.w.org\/{rel}","templated":true}]}}