{"id":214930,"date":"2012-12-16T18:41:31","date_gmt":"2012-12-16T18:41:31","guid":{"rendered":"http:\/\/diariodominicano.ddns.net\/?p=214930"},"modified":"2012-12-16T18:41:31","modified_gmt":"2012-12-16T18:41:31","slug":"william-guzman-conquista-segunda-etapa-de-la-vuelta-al-valle","status":"publish","type":"post","link":"https:\/\/diariodominicano.com\/?p=214930","title":{"rendered":"William Guzm\u00e1n conquista segunda etapa de la Vuelta al Valle"},"content":{"rendered":"<p><body><\/p>\n<p>La Vega, RD 16 diciembre.- El pedalista William Guzm\u00e1n se conquist\u00f3 la segunda etapa de la XIX edici\u00f3n de la Vuelta al Valle, jornada que tuvo como recorrido La Vega-Santiago-Jarabacoa.<\/p>\n<\/p>\n<p>Guzm\u00e1n, del equipo Asocipe, hizo un tiempo de una hora, 55 minutos y 32 segundos para imponerse a un pelot\u00f3n que tuvo a Ismael Collado (Cicl\u00f3n Bike A) y a Robert P\u00e9rez (Aro &amp;amp; Pedal) segundo y tercer puesto, respectivamente.<\/p>\n<\/p>\n<p>Lo m\u00e1s resaltable de la jornada de ayer es que el pedalista Ismael S\u00e1nchez (Consejo Nacional de Energ\u00eda-La Vega), quien ha sido rey de reyes en este tipo de etapa, volvi\u00f3 a caer por segunda ocasi\u00f3n seguida, luego de imponer su ley en ediciones anteriores.<\/p>\n<\/p>\n<p>S\u00e1nchez ocup\u00f3 el cuarto puesto, seguido de Anthony Rodr\u00edguez (Asocipe), quinto en la justa que culmina hoy.<\/p>\n<\/p>\n<p>En tanto que en la metas volantes, Guzm\u00e1n tambi\u00e9n triunf\u00f3 al ganarla las dos.<\/p>\n<\/p>\n<p>Previo a la recorrido de la segunda etapa fue reconocida la emisora La Z-101 por su aporte al deporte en la Rep\u00fablica Dominicana.<\/p>\n<\/p>\n<p>Al valorar el reconocimiento, el presidente del comit\u00e9 organizador,  Enrique Ram\u00edrez y el director general de la Vuelta, Mario de Jes\u00fas, destacaron el gran apoyo que han ofrecido al evento  la emisora radiodifusora en bien la justa cicl\u00edstica. Para hoy, la Vuelta llega a su etapa final con la celebraci\u00f3n de un circuito cerrado que se desarrollar\u00e1 por diversas avenidas de La Vega.<\/p>\n<\/p>\n<p>Previo a la partida ser\u00e1 reconocido el empresario radiodifusor Juan Heriberto Medran Cosme por el apoyo incondicional que a\u00f1o tras a\u00f1o ha dado a este deporte.<\/p>\n<\/p>\n<p>La \u00faltima etapa partir\u00e1 a las diez de la ma\u00f1ana desde el Parque Las Palmas y tendr\u00e1 un recorrido de 18 vueltas por las calles de<\/p>\n<p>La Vega para ponerle punto final a la versi\u00f3n cicl\u00edstica.<\/p>\n<\/p>\n<p>El circuito abarcar\u00e1 las calles Jos\u00e9 Horacio Rodr\u00edguez (Framboyanes), Duverg\u00e9, Imbert, Manuel Ubaldo G\u00f3mez, Toribio Ram\u00edrez, Monse\u00f1or Panal, Imbert, Balilo G\u00f3mez y retomar la Jos\u00e9 Horacio Rodr\u00edguez.<\/p>\n<h6> 2012-12-16 18:41:31 <\/h6>\n<p><!--\n<link rel=\"stylesheet\" href=\"css\/bootstrap.min.css\">\n\n\n<ul class=\"pagination\">\n\t    \n\t\n\n<li >\n\t<a href='?page_no=22039'>Previous<\/a>\n\t<\/li>\n\n\n       \n    \n\n<li><a href='?page_no=1'>1<\/a><\/li>\n\n\n\n<li><a href='?page_no=2'>2<\/a><\/li>\n\n\n\n<li><a>...<\/a><\/li>\n\n\n\n<li><a href='?page_no=22038'>22038<\/a><\/li>\n\n\n\n<li><a href='?page_no=22039'>22039<\/a><\/li>\n\n\n\n<li class='active'><a>22040<\/a><\/li>\n\n\n\n<li><a href='?page_no=22041'>22041<\/a><\/li>\n\n\n\n<li><a href='?page_no=22042'>22042<\/a><\/li>\n\n\n\n<li><a>...<\/a><\/li>\n\n\n\n<li><a href='?page_no=36618'>36618<\/a><\/li>\n\n\n\n<li><a href='?page_no=36619'>36619<\/a><\/li>\n\n    \n\t\n\n<li >\n\t<a href='?page_no=22041'>Next<\/a>\n\t<\/li>\n\n\n    \n\n<li><a href='?page_no=36619'>Last &rsaquo;&rsaquo;<\/a><\/li>\n\n<\/ul>\n\n\n--><br \/>\n<\/body><\/p>\n","protected":false},"excerpt":{"rendered":"<p>La Vega, RD 16 diciembre.- El pedalista William Guzm\u00e1n se conquist\u00f3 la segunda etapa de la XIX edici\u00f3n de la Vuelta al Valle, jornada que tuvo como recorrido La Vega-Santiago-Jarabacoa. Guzm\u00e1n, del equipo Asocipe, hizo un tiempo de una hora, 55 minutos y 32 segundos para imponerse a un pelot\u00f3n que tuvo a Ismael Collado [&hellip;]<\/p>\n","protected":false},"author":3,"featured_media":0,"comment_status":"open","ping_status":"open","sticky":false,"template":"","format":"standard","meta":{"footnotes":""},"categories":[17],"tags":[],"class_list":["post-214930","post","type-post","status-publish","format-standard","hentry","category-deportes"],"_links":{"self":[{"href":"https:\/\/diariodominicano.com\/index.php?rest_route=\/wp\/v2\/posts\/214930","targetHints":{"allow":["GET"]}}],"collection":[{"href":"https:\/\/diariodominicano.com\/index.php?rest_route=\/wp\/v2\/posts"}],"about":[{"href":"https:\/\/diariodominicano.com\/index.php?rest_route=\/wp\/v2\/types\/post"}],"author":[{"embeddable":true,"href":"https:\/\/diariodominicano.com\/index.php?rest_route=\/wp\/v2\/users\/3"}],"replies":[{"embeddable":true,"href":"https:\/\/diariodominicano.com\/index.php?rest_route=%2Fwp%2Fv2%2Fcomments&post=214930"}],"version-history":[{"count":0,"href":"https:\/\/diariodominicano.com\/index.php?rest_route=\/wp\/v2\/posts\/214930\/revisions"}],"wp:attachment":[{"href":"https:\/\/diariodominicano.com\/index.php?rest_route=%2Fwp%2Fv2%2Fmedia&parent=214930"}],"wp:term":[{"taxonomy":"category","embeddable":true,"href":"https:\/\/diariodominicano.com\/index.php?rest_route=%2Fwp%2Fv2%2Fcategories&post=214930"},{"taxonomy":"post_tag","embeddable":true,"href":"https:\/\/diariodominicano.com\/index.php?rest_route=%2Fwp%2Fv2%2Ftags&post=214930"}],"curies":[{"name":"wp","href":"https:\/\/api.w.org\/{rel}","templated":true}]}}